{"id":31229,"date":"2023-05-21T17:38:45","date_gmt":"2023-05-21T20:38:45","guid":{"rendered":"https:\/\/radiorevelacionfm.cl\/?p=31229"},"modified":"2023-05-21T17:44:38","modified_gmt":"2023-05-21T20:44:38","slug":"con-gran-participacion-se-realizo-el-dialogo-social-tripartito-para-actualizar-la-politica-de-seguridad-y-salud-en-el-trabajo-en-coyhaique","status":"publish","type":"post","link":"https:\/\/radiorevelacionfm.cl\/?p=31229","title":{"rendered":"Con gran participaci\u00f3n se realiz\u00f3 en Coyhaique el di\u00e1logo social tripartito para actualizar la Pol\u00edtica de Seguridad y Salud en el Trabajo"},"content":{"rendered":"<div class=\"flex_column av_one_full  flex_column_div av-zero-column-padding first  avia-builder-el-0  el_before_av_one_full  avia-builder-el-first  \" style='border-radius:0px; '><div  class='avia-image-container  av-styling-    avia-builder-el-1  avia-builder-el-no-sibling  avia-align-center '  itemprop=\"image\" itemscope=\"itemscope\" itemtype=\"https:\/\/schema.org\/ImageObject\"  ><div class='avia-image-container-inner'><div class='avia-image-overlay-wrap'><img decoding=\"async\" class='wp-image-31230 avia-img-lazy-loading-not-31230 avia_image' src=\"https:\/\/radiorevelacionfm.cl\/wp-content\/uploads\/2023\/05\/dialogotripartito_pnsst_aysen_4-1_optimized-1.jpg\" alt='' title='dialogotripartito_pnsst_aysen_4-(1)_optimized (1)' height=\"600\" width=\"980\"  itemprop=\"thumbnailUrl\" srcset=\"https:\/\/radiorevelacionfm.cl\/wp-content\/uploads\/2023\/05\/dialogotripartito_pnsst_aysen_4-1_optimized-1.jpg 980w, https:\/\/radiorevelacionfm.cl\/wp-content\/uploads\/2023\/05\/dialogotripartito_pnsst_aysen_4-1_optimized-1-300x184.jpg 300w, https:\/\/radiorevelacionfm.cl\/wp-content\/uploads\/2023\/05\/dialogotripartito_pnsst_aysen_4-1_optimized-1-768x470.jpg 768w, https:\/\/radiorevelacionfm.cl\/wp-content\/uploads\/2023\/05\/dialogotripartito_pnsst_aysen_4-1_optimized-1-705x432.jpg 705w, https:\/\/radiorevelacionfm.cl\/wp-content\/uploads\/2023\/05\/dialogotripartito_pnsst_aysen_4-1_optimized-1-450x276.jpg 450w, https:\/\/radiorevelacionfm.cl\/wp-content\/uploads\/2023\/05\/dialogotripartito_pnsst_aysen_4-1_optimized-1-600x367.jpg 600w\" sizes=\"(max-width: 980px) 100vw, 980px\" \/><\/div><\/div><\/div><\/div>\n<div class=\"flex_column av_one_full  flex_column_div av-zero-column-padding first  avia-builder-el-2  el_after_av_one_full  el_before_av_one_full  column-top-margin\" style='border-radius:0px; '><section class=\"av_textblock_section \"  itemscope=\"itemscope\" itemtype=\"https:\/\/schema.org\/BlogPosting\" itemprop=\"blogPost\" ><div class='avia_textblock  '   itemprop=\"text\" ><p style=\"text-align: center;\"><strong><span style=\"font-size: 18pt;\">Con gran participaci\u00f3n se realiz\u00f3 en Coyhaique el di\u00e1logo social tripartito para actualizar la Pol\u00edtica de Seguridad y Salud en el Trabajo<\/span><\/strong><\/p>\n<div id=\"gtx-trans\" style=\"position: absolute; left: -50px; top: 4.31534px;\">\n<div class=\"gtx-trans-icon\"><\/div>\n<\/div>\n<\/div><\/section><\/div><div class=\"flex_column av_one_full  flex_column_div av-zero-column-padding first  avia-builder-el-4  el_after_av_one_full  el_before_av_hr  column-top-margin\" style='border-radius:0px; '><section class=\"av_textblock_section \"  itemscope=\"itemscope\" itemtype=\"https:\/\/schema.org\/BlogPosting\" itemprop=\"blogPost\" ><div class='avia_textblock  '   itemprop=\"text\" ><p style=\"text-align: justify;\"><span lang=\"ES-MX\">Con una gran participaci\u00f3n se realiz\u00f3 el\u00a0<\/span><span lang=\"ES\">di\u00e1logo social tripartito de la Regi\u00f3n de Ays\u00e9n, en el Centro Cultural Coyhaique, el cual busc\u00f3 recabar opiniones con el objeto de evaluar los contenidos que se deben mantener, eliminar, modificar o incorporar en la Pol\u00edtica Nacional de Seguridad y Salud en el Trabajo (PNSST).<\/span><\/p>\n<p class=\"v1MsoNormal\" style=\"text-align: justify;\"><span lang=\"ES\">El taller organizado por los Seremis de Trabajo y Previsi\u00f3n Social y Seremi de Salud congreg\u00f3 a cerca de 50 personas en la primera etapa y 42 participantes en las mesas de di\u00e1logo con los 3 estamentos. En ellas, se cont\u00f3 con presencia de representantes del Estado, de la Central Unitaria de Trabajadores, CUT, como representantes de las y los trabajadores, con sindicatos del sector de comercio, servicios b\u00e1sicos, miner\u00eda, acu\u00edcola, pesquero y ANEF. Por parte de la Confederaci\u00f3n de la Producci\u00f3n y el Comercio, CPC, en nombre de las y los empleadores, asistieron empleadores de los sectores de comercio, construcci\u00f3n, miner\u00eda, acu\u00edcola y pesquero. \u00a0<\/span><\/p>\n<p class=\"v1MsoNormal\" style=\"text-align: justify;\"><span lang=\"ES\">El Seremi del Trabajo y Previsi\u00f3n Social, Rodrigo D\u00edaz, profundiz\u00f3 sobre la importancia del di\u00e1logo social tripartito, se\u00f1alando que \u00abesta jornada de actualizaci\u00f3n es fundamental y el di\u00e1logo social con tripartismo es esencial. Como Ministerio de Trabajo y Previsi\u00f3n Social y como Gobierno del Presidente Boric, tenemos claro que el tripartismo permite que conversen los empleadores, los trabajadores y el Estado, donde en la medida que se planteen los temas se debe buscar llegar a la mejor soluci\u00f3n. Ya vimos que en el tema de las 40 horas es posible avanzar de esta manera en el concepto de trabajo decente, resguardando los espacios laborales, de seguridad y salud para los trabajadores, con el objetivo que esta actualizaci\u00f3n sea algo bueno para todos los procesos productivos y fundamentalmente para los trabajadores y las trabajadoras\u00bb.<\/span><\/p>\n<p class=\"v1MsoNormal\" style=\"text-align: justify;\"><span lang=\"ES\">Con respecto a la revisi\u00f3n y actualizaci\u00f3n de esta pol\u00edtica, la Seremi de Salud, Carmen Monsalve explic\u00f3, que \u00abel objetivo es iniciar la revisi\u00f3n y actualizaci\u00f3n de la Pol\u00edtica nacional de seguridad y salud en el trabajo, compromiso adoptado el a\u00f1o 2011 cuando se ratifica el convenio con la OIT 187 y, posteriormente, el 2016 comenzamos con la elaboraci\u00f3n de esta pol\u00edtica que debe revisarse en forma peri\u00f3dica cada cuatro a\u00f1os, donde producto de la pandemia, esta revisi\u00f3n se retras\u00f3\u00bb, a\u00f1adiendo, \u00abHoy d\u00eda se est\u00e1 concretando la primera revisi\u00f3n de esta pol\u00edtica que va de la mano con el compromiso de nuestro presidente que ha manifestado enf\u00e1ticamente poder avanzar bajo el concepto del trabajo decente, buscando\u00a0<a name=\"_Hlk135401190\"><\/a>todos los espacios para resguardar la salud y la seguridad de todas las personas que trabajan, tanto en el \u00e1mbito p\u00fablico como en el \u00e1mbito privado\u00bb.<\/span><\/p>\n<p class=\"v1MsoNormal\" style=\"text-align: justify;\"><span lang=\"ES\">El director de la CUT, Claudio Rivera manifest\u00f3 sobre la instancia donde se da voz a los trabajadores, \u00abTodo lo que sea di\u00e1logo, y que incluya a los trabajadores, para nosotros es relevante y vamos a tomar estas instancias de participaci\u00f3n. Estamos participando con \u00e1nimo para llevar la voz de los trabajadores para que quede plasmado en este trabajo que se est\u00e1 desarrollando de manera regional.\u00a0 El principal capital de un trabajador es su salud, su cuerpo, por lo tanto, todo lo que vaya en la protecci\u00f3n de ello, de su integridad y de la conciliaci\u00f3n de su vida laboral y familiar, evidentemente es relevante para nosotros como central\u00bb.<\/span><\/p>\n<p class=\"v1MsoNormal\" style=\"text-align: justify;\"><span lang=\"ES\">Por su parte, Daissy Mondelo, presidenta de la C\u00e1mara de Comercio, Servicios, Industrias y Turismo de Coyhaique, destac\u00f3 el trabajo tripartito, \u00abse agradece esta instancia e invitaci\u00f3n, porque es fundamental preocuparnos de la salud y de los trabajadores en una mesa donde est\u00e9 sentado el empleador, el trabajador y el Estado. Siempre vamos a promover las buenas pr\u00e1cticas y la seguridad de nuestros trabajadores\u00bb.<\/span><\/p>\n<p class=\"v1MsoNormal\" style=\"text-align: justify;\"><span lang=\"ES\">A su vez, Manuel Suazo, representante de la C\u00e1mara Chilena de la Construcci\u00f3n Coyhaique, resalt\u00f3 \u00abla importancia de que efectivamente estamos en una mesa los tres estamentos importantes para la pol\u00edtica de seguridad que son el Estado, trabajadores y los empleadores. En conjunto debemos llegar a consenso, ver c\u00f3mo hacemos que el trabajo de nuestros trabajadores y trabajadoras en Chile sea seguro y ameno\u00bb.<\/span><\/p>\n<p class=\"v1MsoNormal\" style=\"text-align: justify;\"><span lang=\"ES\">Otro de los participantes fue Nelson Henr\u00edquez, presidente del Sindicato Minera Pac\u00edfico del Sur, quien coment\u00f3 estar \u00abmuy contento con la invitaci\u00f3n como sindicato de participar en estas mesas tripartitas, donde est\u00e9n las empresas, los trabajadores y el Gobierno. En esta mesa de di\u00e1logo hemos tenido muy buenas ideas, buenos di\u00e1logos con otras empresas, no s\u00f3lo del \u00e1rea de donde pertenezco y trabajo, es muy bueno que los trabajadores estemos al tanto de todo esto\u00bb.<\/span><\/p>\n<p class=\"v1gmail-MsoListParagraphCxSpMiddle\" style=\"text-align: justify;\"><span lang=\"ES\">Entre las instituciones participantes, ya sea como estamento o facilitadores del di\u00e1logo, estuvieron Sernameg, Seremi Salud, Seremi de Miner\u00eda, MOP, Econom\u00eda, Bienes Nacionales, Instituto de Previsi\u00f3n Social, Direcci\u00f3n del Trabajo, Instituto de Seguridad Laboral y Superintendencia de Seguridad Social, SUSESO.<\/span><\/p>\n<p class=\"v1MsoNormal\" style=\"text-align: justify;\"><b><u><span lang=\"ES\">Di\u00e1logos regionales<\/span><\/u><\/b><\/p>\n<p class=\"v1MsoNormal\" style=\"text-align: justify;\"><span lang=\"ES\">Entre abril y junio se realizar\u00e1n los talleres para la revisi\u00f3n de la Pol\u00edtica Nacional de Seguridad y Salud en el Trabajo y, paralelamente, en las regiones mineras, habr\u00e1 7 Talleres para la Pol\u00edtica Nacional de Seguridad y Salud en el sector minero.<\/span><\/p>\n<p class=\"v1MsoNormal\" style=\"text-align: justify;\"><span lang=\"ES\">En una segunda instancia, se realizar\u00e1n de manera telem\u00e1tica 16 jornadas complementarias para la PNSST y 7 para la PNSS de la miner\u00eda, sumando as\u00ed un total de 46 actividades tripartitas a nivel pa\u00eds.<\/span><\/p>\n<p class=\"v1MsoNormal\" style=\"text-align: justify;\"><span lang=\"ES\">Por \u00faltimo, este proceso ser\u00e1 sistematizado y se elaborar\u00e1n informes regionales y un informe nacional final por cada una de las Pol\u00edticas Nacionales en consulta.<\/span><\/p>\n<p class=\"v1MsoNormal\" style=\"text-align: justify;\"><span lang=\"ES\">Para tener m\u00e1s informaci\u00f3n sobre este proceso, se puede revisar el cronograma completo en\u00a0<\/span><span lang=\"ES\"><a href=\"http:\/\/www.seguridadysaludlaboral.cl\/\" target=\"_blank\" rel=\"noopener noreferrer\">www.seguridadysaludlaboral.cl<\/a><\/span><span lang=\"ES\">\u00a0.\u00a0<\/span><\/p>\n<\/div><\/section><\/div><\/p>\n<div  style='height:50px' class='hr hr-invisible   avia-builder-el-6  el_after_av_one_full  el_before_av_social_share '><span class='hr-inner ' ><span class='hr-inner-style'><\/span><\/span><\/div>\n<div  class='av-social-sharing-box  avia-builder-el-7  el_after_av_hr  el_before_av_hr  '><div class='av-share-box'><h5 class='av-share-link-description av-no-toc '>Compartir esta noticia<\/h5><ul class='av-share-box-list noLightbox'><li class='av-share-link av-social-link-facebook' ><a target=\"_blank\" aria-label=\"Compartir en Facebook\" href='https:\/\/www.facebook.com\/sharer.php?u=https:\/\/radiorevelacionfm.cl\/?p=31229&#038;t=Con%20gran%20participaci%C3%B3n%20se%20realiz%C3%B3%20en%20Coyhaique%20el%20di%C3%A1logo%20social%20tripartito%20para%20actualizar%20la%20Pol%C3%ADtica%20de%20Seguridad%20y%20Salud%20en%20el%20Trabajo' aria-hidden='false' data-av_icon='\ue8f3' data-av_iconfont='entypo-fontello' title='' data-avia-related-tooltip='Compartir en Facebook' rel=\"noopener\"><span class='avia_hidden_link_text'>Compartir en Facebook<\/span><\/a><\/li><li class='av-share-link av-social-link-twitter' ><a target=\"_blank\" aria-label=\"Compartir en Twitter\" href='https:\/\/twitter.com\/share?text=Con%20gran%20participaci%C3%B3n%20se%20realiz%C3%B3%20en%20Coyhaique%20el%20di%C3%A1logo%20social%20tripartito%20para%20actualizar%20la%20Pol%C3%ADtica%20de%20Seguridad%20y%20Salud%20en%20el%20Trabajo&#038;url=https:\/\/radiorevelacionfm.cl\/?p=31229' aria-hidden='false' data-av_icon='\ue8f1' data-av_iconfont='entypo-fontello' title='' data-avia-related-tooltip='Compartir en Twitter' rel=\"noopener\"><span class='avia_hidden_link_text'>Compartir en Twitter<\/span><\/a><\/li><li class='av-share-link av-social-link-whatsapp' ><a target=\"_blank\" aria-label=\"Compartir en Whatsapp\" href='https:\/\/api.whatsapp.com\/send?text=https:\/\/radiorevelacionfm.cl\/?p=31229' aria-hidden='false' data-av_icon='\uf232' data-av_iconfont='entypo-fontello' title='' data-avia-related-tooltip='Compartir en Whatsapp' rel=\"noopener\"><span class='avia_hidden_link_text'>Compartir en Whatsapp<\/span><\/a><\/li><li class='av-share-link av-social-link-linkedin' ><a target=\"_blank\" aria-label=\"Compartir en LinkedIn\" href='https:\/\/linkedin.com\/shareArticle?mini=true&#038;title=Con%20gran%20participaci%C3%B3n%20se%20realiz%C3%B3%20en%20Coyhaique%20el%20di%C3%A1logo%20social%20tripartito%20para%20actualizar%20la%20Pol%C3%ADtica%20de%20Seguridad%20y%20Salud%20en%20el%20Trabajo&#038;url=https:\/\/radiorevelacionfm.cl\/?p=31229' aria-hidden='false' data-av_icon='\ue8fc' data-av_iconfont='entypo-fontello' title='' data-avia-related-tooltip='Compartir en LinkedIn' rel=\"noopener\"><span class='avia_hidden_link_text'>Compartir en LinkedIn<\/span><\/a><\/li><li class='av-share-link av-social-link-mail' ><a  aria-label=\"Compartir por correo\" href='mailto:?subject=Con%20gran%20participaci%C3%B3n%20se%20realiz%C3%B3%20en%20Coyhaique%20el%20di%C3%A1logo%20social%20tripartito%20para%20actualizar%20la%20Pol%C3%ADtica%20de%20Seguridad%20y%20Salud%20en%20el%20Trabajo&#038;body=https:\/\/radiorevelacionfm.cl\/?p=31229' aria-hidden='false' data-av_icon='\ue805' data-av_iconfont='entypo-fontello' title='' data-avia-related-tooltip='Compartir por correo'><span class='avia_hidden_link_text'>Compartir por correo<\/span><\/a><\/li><\/ul><\/div><\/div>\n<div  style='height:50px' class='hr hr-invisible   avia-builder-el-8  el_after_av_social_share  el_before_av_comments_list '><span class='hr-inner ' ><span class='hr-inner-style'><\/span><\/span><\/div>\n<div  class='av-buildercomment  av-blog-meta-html-info-disabled av-blog-meta-tag-disabled  '><\/div>\n","protected":false},"excerpt":{"rendered":"","protected":false},"author":1,"featured_media":31230,"comment_status":"open","ping_status":"open","sticky":false,"template":"","format":"standard","meta":{"footnotes":""},"categories":[56],"tags":[],"class_list":["post-31229","post","type-post","status-publish","format-standard","has-post-thumbnail","hentry","category-trabajo"],"jetpack_featured_media_url":"https:\/\/radiorevelacionfm.cl\/wp-content\/uploads\/2023\/05\/dialogotripartito_pnsst_aysen_4-1_optimized-1.jpg","_links":{"self":[{"href":"https:\/\/radiorevelacionfm.cl\/index.php?rest_route=\/wp\/v2\/posts\/31229","targetHints":{"allow":["GET"]}}],"collection":[{"href":"https:\/\/radiorevelacionfm.cl\/index.php?rest_route=\/wp\/v2\/posts"}],"about":[{"href":"https:\/\/radiorevelacionfm.cl\/index.php?rest_route=\/wp\/v2\/types\/post"}],"author":[{"embeddable":true,"href":"https:\/\/radiorevelacionfm.cl\/index.php?rest_route=\/wp\/v2\/users\/1"}],"replies":[{"embeddable":true,"href":"https:\/\/radiorevelacionfm.cl\/index.php?rest_route=%2Fwp%2Fv2%2Fcomments&post=31229"}],"version-history":[{"count":2,"href":"https:\/\/radiorevelacionfm.cl\/index.php?rest_route=\/wp\/v2\/posts\/31229\/revisions"}],"predecessor-version":[{"id":31238,"href":"https:\/\/radiorevelacionfm.cl\/index.php?rest_route=\/wp\/v2\/posts\/31229\/revisions\/31238"}],"wp:featuredmedia":[{"embeddable":true,"href":"https:\/\/radiorevelacionfm.cl\/index.php?rest_route=\/wp\/v2\/media\/31230"}],"wp:attachment":[{"href":"https:\/\/radiorevelacionfm.cl\/index.php?rest_route=%2Fwp%2Fv2%2Fmedia&parent=31229"}],"wp:term":[{"taxonomy":"category","embeddable":true,"href":"https:\/\/radiorevelacionfm.cl\/index.php?rest_route=%2Fwp%2Fv2%2Fcategories&post=31229"},{"taxonomy":"post_tag","embeddable":true,"href":"https:\/\/radiorevelacionfm.cl\/index.php?rest_route=%2Fwp%2Fv2%2Ftags&post=31229"}],"curies":[{"name":"wp","href":"https:\/\/api.w.org\/{rel}","templated":true}]}}