{"id":31223,"date":"2023-05-20T20:17:20","date_gmt":"2023-05-20T23:17:20","guid":{"rendered":"https:\/\/radiorevelacionfm.cl\/?p=31223"},"modified":"2023-05-20T21:26:30","modified_gmt":"2023-05-21T00:26:30","slug":"entro-en-vigencia-ley-de-pension-de-alimentos-datos-claves-para-hacer-efectivo-el-pago-de-la-deuda","status":"publish","type":"post","link":"https:\/\/radiorevelacionfm.cl\/?p=31223","title":{"rendered":"Entr\u00f3 en vigencia Ley de Pensi\u00f3n de Alimentos: datos claves para hacer efectivo el pago de la deuda"},"content":{"rendered":"<div class=\"flex_column av_one_full  flex_column_div av-zero-column-padding first  avia-builder-el-0  el_before_av_one_full  avia-builder-el-first  \" style='border-radius:0px; '><div  class='avia-image-container  av-styling-    avia-builder-el-1  avia-builder-el-no-sibling  avia-align-center '  itemprop=\"image\" itemscope=\"itemscope\" itemtype=\"https:\/\/schema.org\/ImageObject\"  ><div class='avia-image-container-inner'><div class='avia-image-overlay-wrap'><img decoding=\"async\" class='wp-image-31225 avia-img-lazy-loading-not-31225 avia_image' src=\"https:\/\/radiorevelacionfm.cl\/wp-content\/uploads\/2023\/05\/Padre-e-hija-1-1.jpg\" alt='' title='Padre-e-hija (1) (1)' height=\"600\" width=\"901\"  itemprop=\"thumbnailUrl\" srcset=\"https:\/\/radiorevelacionfm.cl\/wp-content\/uploads\/2023\/05\/Padre-e-hija-1-1.jpg 901w, https:\/\/radiorevelacionfm.cl\/wp-content\/uploads\/2023\/05\/Padre-e-hija-1-1-300x200.jpg 300w, https:\/\/radiorevelacionfm.cl\/wp-content\/uploads\/2023\/05\/Padre-e-hija-1-1-768x511.jpg 768w, https:\/\/radiorevelacionfm.cl\/wp-content\/uploads\/2023\/05\/Padre-e-hija-1-1-705x469.jpg 705w, https:\/\/radiorevelacionfm.cl\/wp-content\/uploads\/2023\/05\/Padre-e-hija-1-1-450x300.jpg 450w, https:\/\/radiorevelacionfm.cl\/wp-content\/uploads\/2023\/05\/Padre-e-hija-1-1-600x400.jpg 600w\" sizes=\"(max-width: 901px) 100vw, 901px\" \/><\/div><\/div><\/div><\/div>\n<div class=\"flex_column av_one_full  flex_column_div av-zero-column-padding first  avia-builder-el-2  el_after_av_one_full  el_before_av_one_full  column-top-margin\" style='border-radius:0px; '><section class=\"av_textblock_section \"  itemscope=\"itemscope\" itemtype=\"https:\/\/schema.org\/BlogPosting\" itemprop=\"blogPost\" ><div class='avia_textblock  '   itemprop=\"text\" ><p style=\"text-align: center;\"><strong><span style=\"font-size: 18pt;\">Entr\u00f3 en vigencia Ley de Pensi\u00f3n de Alimentos: datos claves para hacer efectivo el pago de la deuda<\/span><\/strong><\/p>\n<div id=\"gtx-trans\" style=\"position: absolute; left: -50px; top: 4.31534px;\">\n<div class=\"gtx-trans-icon\"><\/div>\n<\/div>\n<\/div><\/section><\/div>\n<div class=\"flex_column av_one_full  flex_column_div av-zero-column-padding first  avia-builder-el-4  el_after_av_one_full  el_before_av_hr  column-top-margin\" style='border-radius:0px; '><section class=\"av_textblock_section \"  itemscope=\"itemscope\" itemtype=\"https:\/\/schema.org\/BlogPosting\" itemprop=\"blogPost\" ><div class='avia_textblock  '   itemprop=\"text\" ><p style=\"text-align: justify;\" data-mrf-recirculation=\"Links-Parrafos\">Este 20 de mayo comienza a regir la nueva <strong>Ley de Pensi\u00f3n de Alimentos,<\/strong> tambi\u00e9n conocida como Ley de Responsabilidad Parental y Pago Efectivo de Pensiones de Alimentos.<\/p>\n<p style=\"text-align: justify;\" data-mrf-recirculation=\"Links-Parrafos\">El objetivo de la nueva normativa busca terminar con la vulneraci\u00f3n de los derechos de menores de edad y acabar con la violencia econ\u00f3mica sobre las madres.<\/p>\n<p style=\"text-align: justify;\">La\u00a0<a href=\"https:\/\/minmujeryeg.gob.cl\/?page_id=48341\"><strong>Ley de Pensi\u00f3n de Alimentos<\/strong><\/a>\u00a0es una iniciativa del Gobierno que busca efectuar la persecuci\u00f3n del patrimonio del deudor para dar\u00a0<strong>soluci\u00f3n concreta a la vulneraci\u00f3n de los derechos de ni\u00f1as, ni\u00f1os y adolescentes<\/strong>\u00a0y acabar con la violencia econ\u00f3mica sobre las madres.<\/p>\n<p style=\"text-align: justify;\">La iniciativa que convierte al Estado en persecutor del patrimonio del deudor de pensi\u00f3n alimenticia tiene como objetivo:<\/p>\n<ul style=\"text-align: justify;\">\n<li>Establecer un mecanismo de pago de car\u00e1cter permanente de la deuda de pensi\u00f3n de alimentos que mantiene la persona deudora con uno o m\u00e1s de sus hijos y\/o hijas.<\/li>\n<li>Mejorar el acceso a la informaci\u00f3n financiera de quienes mantienen deuda por pensi\u00f3n alimenticia, siendo el Estado quien se encarga de investigar las cuentas bancarias u otros instrumentos de inversi\u00f3n o financieros que estas tengan.<\/li>\n<li>Realizar el proceso con criterio de justicia y dignidad.<\/li>\n<\/ul>\n<h2 style=\"text-align: justify;\"><span style=\"font-size: 12pt;\">\u00bfC\u00f3mo se hace efectivo el pago de la deuda por pensi\u00f3n de alimentos con la nueva ley?<\/span><\/h2>\n<p style=\"text-align: justify;\">El mecanismo de cobro de la deuda de alimentos que establece la nueva ley se aplica cuando la persona alimentante\u00a0<strong>adeude una mensualidad de pensi\u00f3n de alimentos al menos<\/strong>, la que debe estar fijada por un tribunal con competencia en familia.<\/p>\n<p style=\"text-align: justify;\">Para iniciar el Procedimiento Especial establecido por la nueva ley, el o la representantes de los ni\u00f1as y ni\u00f1os a quienes se les adeuda el pago de la pensi\u00f3n de alimentos debe hacer un<strong>a solicitud de retenci\u00f3n de los fondos de la persona alimentante deudora\u00a0<\/strong>que tenga en sus cuentas bancarias u otros instrumentos financieros y\/o de inversi\u00f3n, como el ahorro previsional voluntario (APV).<\/p>\n<p style=\"text-align: justify;\">Si se desconocen las cuentas bancarias u otros instrumentos mencionados de la persona deudora de pensi\u00f3n alimenticia, se aplicar\u00e1 el Procedimiento Especial.<\/p>\n<h3 style=\"text-align: justify;\"><span style=\"font-size: 12pt;\">As\u00ed se aplicar\u00e1 el Procedimiento Especial<\/span><\/h3>\n<p style=\"text-align: justify;\">Si se declara fallida la retenci\u00f3n,\u00a0<strong>ser\u00e1 el tribunal de familiar el encargado de investigar el patrimonio de la persona deudora<\/strong>\u00a0mediante el cruce de informaci\u00f3n entre la Comisi\u00f3n para el Mercado Financiero (CMF), el Servicio de Impuestos Internos (SII) y otros servicios estatales pertinentes.<\/p>\n<p style=\"text-align: justify;\">En caso de encontrar las cuentas bancarias, cuentas de ahorro previsional voluntario e instrumentos de inversi\u00f3n y\/o financieros de la persona deudora de pensi\u00f3n de alimentos, el tribunal de familia dictar\u00e1 una resoluci\u00f3n para ordenar a las instituciones correspondientes a informar sobre saldos, movimientos y toda informaci\u00f3n relevante para el pago de la deuda.<\/p>\n<p style=\"text-align: justify;\">Luego el tribunal de familia deber\u00e1 dictar una resoluci\u00f3n para ordenar el pago de la deuda liquidada con los fondos encontrados.<\/p>\n<h2 style=\"text-align: justify;\"><span style=\"font-size: 12pt;\"><strong>Pago de deuda por pensi\u00f3n de alimentos con fondos de una AFP<\/strong><\/span><\/h2>\n<p style=\"text-align: justify;\">La\u00a0<a href=\"https:\/\/www.gob.cl\/noticias\/estos-son-los-detalles-de-la-nueva-ley-de-responsabilidad-parental-y-pago-efectivo-de-pensiones-de-alimentos-aprobada-hoy-por-el-congreso\/\">nueva ley sobre pensi\u00f3n de alimentos<\/a>\u00a0establece que\u00a0<strong>se podr\u00e1 pagar la deuda por pensi\u00f3n de alimentos con fondos de la AFP\u00a0<\/strong>en caso de no existir recursos suficientes en las cuentas bancarias, de ahorro previsional voluntario e instrumentos de inversi\u00f3n y\/o financieros.<\/p>\n<h3 style=\"text-align: justify;\"><span style=\"font-size: 12pt;\">Requisitos para el pago de la deuda por pensi\u00f3n de alimentos con fondos de la AFP<\/span><\/h3>\n<p style=\"text-align: justify;\">Los requisitos para hacer efectivo el pago de la deuda por pensi\u00f3n de alimentos a trav\u00e9s de los fondos de la AFP son:<\/p>\n<ul>\n<li style=\"text-align: justify;\">Adeudar total o parcialmente 3 mensualidades continuas o discontinuas de pensi\u00f3n de alimentos<\/li>\n<li style=\"text-align: justify;\">Ausencia o insuficiencia de fondos en cuentas bancarias, cuentas de ahorro voluntario (APV) y\/o instrumentos financieros o de inversi\u00f3n.<\/li>\n<li style=\"text-align: justify;\">Solicitar el pago con los fondos de la cuenta de capitalizaci\u00f3n individual de cotizaciones obligatoria (fondos de AFP).<\/li>\n<\/ul>\n<\/div><\/section><\/div><div  style='height:50px' class='hr hr-invisible   avia-builder-el-6  el_after_av_one_full  el_before_av_social_share '><span class='hr-inner ' ><span class='hr-inner-style'><\/span><\/span><\/div><\/p>\n<div  class='av-social-sharing-box  avia-builder-el-7  el_after_av_hr  el_before_av_hr  '><div class='av-share-box'><h5 class='av-share-link-description av-no-toc '>Compartir esta noticia<\/h5><ul class='av-share-box-list noLightbox'><li class='av-share-link av-social-link-facebook' ><a target=\"_blank\" aria-label=\"Compartir en Facebook\" href='https:\/\/www.facebook.com\/sharer.php?u=https:\/\/radiorevelacionfm.cl\/?p=31223&#038;t=Entr%C3%B3%20en%20vigencia%20Ley%20de%20Pensi%C3%B3n%20de%20Alimentos%3A%20datos%20claves%20para%20hacer%20efectivo%20el%20pago%20de%20la%20deuda' aria-hidden='false' data-av_icon='\ue8f3' data-av_iconfont='entypo-fontello' title='' data-avia-related-tooltip='Compartir en Facebook' rel=\"noopener\"><span class='avia_hidden_link_text'>Compartir en Facebook<\/span><\/a><\/li><li class='av-share-link av-social-link-twitter' ><a target=\"_blank\" aria-label=\"Compartir en Twitter\" href='https:\/\/twitter.com\/share?text=Entr%C3%B3%20en%20vigencia%20Ley%20de%20Pensi%C3%B3n%20de%20Alimentos%3A%20datos%20claves%20para%20hacer%20efectivo%20el%20pago%20de%20la%20deuda&#038;url=https:\/\/radiorevelacionfm.cl\/?p=31223' aria-hidden='false' data-av_icon='\ue8f1' data-av_iconfont='entypo-fontello' title='' data-avia-related-tooltip='Compartir en Twitter' rel=\"noopener\"><span class='avia_hidden_link_text'>Compartir en Twitter<\/span><\/a><\/li><li class='av-share-link av-social-link-whatsapp' ><a target=\"_blank\" aria-label=\"Compartir en Whatsapp\" href='https:\/\/api.whatsapp.com\/send?text=https:\/\/radiorevelacionfm.cl\/?p=31223' aria-hidden='false' data-av_icon='\uf232' data-av_iconfont='entypo-fontello' title='' data-avia-related-tooltip='Compartir en Whatsapp' rel=\"noopener\"><span class='avia_hidden_link_text'>Compartir en Whatsapp<\/span><\/a><\/li><li class='av-share-link av-social-link-linkedin' ><a target=\"_blank\" aria-label=\"Compartir en LinkedIn\" href='https:\/\/linkedin.com\/shareArticle?mini=true&#038;title=Entr%C3%B3%20en%20vigencia%20Ley%20de%20Pensi%C3%B3n%20de%20Alimentos%3A%20datos%20claves%20para%20hacer%20efectivo%20el%20pago%20de%20la%20deuda&#038;url=https:\/\/radiorevelacionfm.cl\/?p=31223' aria-hidden='false' data-av_icon='\ue8fc' data-av_iconfont='entypo-fontello' title='' data-avia-related-tooltip='Compartir en LinkedIn' rel=\"noopener\"><span class='avia_hidden_link_text'>Compartir en LinkedIn<\/span><\/a><\/li><li class='av-share-link av-social-link-mail' ><a  aria-label=\"Compartir por correo\" href='mailto:?subject=Entr%C3%B3%20en%20vigencia%20Ley%20de%20Pensi%C3%B3n%20de%20Alimentos%3A%20datos%20claves%20para%20hacer%20efectivo%20el%20pago%20de%20la%20deuda&#038;body=https:\/\/radiorevelacionfm.cl\/?p=31223' aria-hidden='false' data-av_icon='\ue805' data-av_iconfont='entypo-fontello' title='' data-avia-related-tooltip='Compartir por correo'><span class='avia_hidden_link_text'>Compartir por correo<\/span><\/a><\/li><\/ul><\/div><\/div>\n<div  style='height:50px' class='hr hr-invisible   avia-builder-el-8  el_after_av_social_share  el_before_av_comments_list '><span class='hr-inner ' ><span class='hr-inner-style'><\/span><\/span><\/div>\n<div  class='av-buildercomment  av-blog-meta-html-info-disabled av-blog-meta-tag-disabled  '><\/div>\n","protected":false},"excerpt":{"rendered":"","protected":false},"author":1,"featured_media":31225,"comment_status":"open","ping_status":"open","sticky":false,"template":"","format":"standard","meta":{"footnotes":""},"categories":[61],"tags":[],"class_list":["post-31223","post","type-post","status-publish","format-standard","has-post-thumbnail","hentry","category-nacional"],"jetpack_featured_media_url":"https:\/\/radiorevelacionfm.cl\/wp-content\/uploads\/2023\/05\/Padre-e-hija-1-1.jpg","_links":{"self":[{"href":"https:\/\/radiorevelacionfm.cl\/index.php?rest_route=\/wp\/v2\/posts\/31223","targetHints":{"allow":["GET"]}}],"collection":[{"href":"https:\/\/radiorevelacionfm.cl\/index.php?rest_route=\/wp\/v2\/posts"}],"about":[{"href":"https:\/\/radiorevelacionfm.cl\/index.php?rest_route=\/wp\/v2\/types\/post"}],"author":[{"embeddable":true,"href":"https:\/\/radiorevelacionfm.cl\/index.php?rest_route=\/wp\/v2\/users\/1"}],"replies":[{"embeddable":true,"href":"https:\/\/radiorevelacionfm.cl\/index.php?rest_route=%2Fwp%2Fv2%2Fcomments&post=31223"}],"version-history":[{"count":2,"href":"https:\/\/radiorevelacionfm.cl\/index.php?rest_route=\/wp\/v2\/posts\/31223\/revisions"}],"predecessor-version":[{"id":31227,"href":"https:\/\/radiorevelacionfm.cl\/index.php?rest_route=\/wp\/v2\/posts\/31223\/revisions\/31227"}],"wp:featuredmedia":[{"embeddable":true,"href":"https:\/\/radiorevelacionfm.cl\/index.php?rest_route=\/wp\/v2\/media\/31225"}],"wp:attachment":[{"href":"https:\/\/radiorevelacionfm.cl\/index.php?rest_route=%2Fwp%2Fv2%2Fmedia&parent=31223"}],"wp:term":[{"taxonomy":"category","embeddable":true,"href":"https:\/\/radiorevelacionfm.cl\/index.php?rest_route=%2Fwp%2Fv2%2Fcategories&post=31223"},{"taxonomy":"post_tag","embeddable":true,"href":"https:\/\/radiorevelacionfm.cl\/index.php?rest_route=%2Fwp%2Fv2%2Ftags&post=31223"}],"curies":[{"name":"wp","href":"https:\/\/api.w.org\/{rel}","templated":true}]}}