{"id":31201,"date":"2023-05-22T11:08:06","date_gmt":"2023-05-22T14:08:06","guid":{"rendered":"https:\/\/radiorevelacionfm.cl\/?p=31201"},"modified":"2023-05-22T11:08:06","modified_gmt":"2023-05-22T14:08:06","slug":"como-diferenciar-la-influenza-y-el-virus-sincicial-de-un-resfriado-comun","status":"publish","type":"post","link":"https:\/\/radiorevelacionfm.cl\/?p=31201","title":{"rendered":"\u00bfC\u00f3mo diferenciar la influenza y el virus sincicial de un resfriado com\u00fan?"},"content":{"rendered":"<div class=\"flex_column av_one_full  flex_column_div av-zero-column-padding first  avia-builder-el-0  el_before_av_one_full  avia-builder-el-first  \" style='border-radius:0px; '><div  class='avia-image-container  av-styling-    avia-builder-el-1  avia-builder-el-no-sibling  avia-align-center '  itemprop=\"image\" itemscope=\"itemscope\" itemtype=\"https:\/\/schema.org\/ImageObject\"  ><div class='avia-image-container-inner'><div class='avia-image-overlay-wrap'><img decoding=\"async\" class='wp-image-31202 avia-img-lazy-loading-not-31202 avia_image' src=\"https:\/\/radiorevelacionfm.cl\/wp-content\/uploads\/2023\/05\/fiebre-1-1.jpg\" alt='' title='fiebre (1) (1)' height=\"600\" width=\"1067\"  itemprop=\"thumbnailUrl\" srcset=\"https:\/\/radiorevelacionfm.cl\/wp-content\/uploads\/2023\/05\/fiebre-1-1.jpg 1067w, https:\/\/radiorevelacionfm.cl\/wp-content\/uploads\/2023\/05\/fiebre-1-1-300x169.jpg 300w, https:\/\/radiorevelacionfm.cl\/wp-content\/uploads\/2023\/05\/fiebre-1-1-1030x579.jpg 1030w, https:\/\/radiorevelacionfm.cl\/wp-content\/uploads\/2023\/05\/fiebre-1-1-768x432.jpg 768w, https:\/\/radiorevelacionfm.cl\/wp-content\/uploads\/2023\/05\/fiebre-1-1-705x396.jpg 705w, https:\/\/radiorevelacionfm.cl\/wp-content\/uploads\/2023\/05\/fiebre-1-1-450x253.jpg 450w, https:\/\/radiorevelacionfm.cl\/wp-content\/uploads\/2023\/05\/fiebre-1-1-600x337.jpg 600w\" sizes=\"(max-width: 1067px) 100vw, 1067px\" \/><\/div><\/div><\/div><\/div><div class=\"flex_column av_one_full  flex_column_div av-zero-column-padding first  avia-builder-el-2  el_after_av_one_full  el_before_av_one_full  column-top-margin\" style='border-radius:0px; '><section class=\"av_textblock_section \"  itemscope=\"itemscope\" itemtype=\"https:\/\/schema.org\/BlogPosting\" itemprop=\"blogPost\" ><div class='avia_textblock  '   itemprop=\"text\" ><p style=\"text-align: center;\"><span style=\"font-size: 18pt;\"><b><span lang=\"ES\">\u00bfC\u00f3mo diferenciar la influenza y el virus sincicial de un resfriado com\u00fan?<\/span><\/b><\/span><\/p>\n<div id=\"gtx-trans\" style=\"position: absolute; left: -50px; top: 4.31534px;\">\n<div class=\"gtx-trans-icon\"><\/div>\n<\/div>\n<\/div><\/section><\/div><div class=\"flex_column av_one_full  flex_column_div av-zero-column-padding first  avia-builder-el-4  el_after_av_one_full  el_before_av_hr  column-top-margin\" style='border-radius:0px; '><section class=\"av_textblock_section \"  itemscope=\"itemscope\" itemtype=\"https:\/\/schema.org\/BlogPosting\" itemprop=\"blogPost\" ><div class='avia_textblock  '   itemprop=\"text\" ><p style=\"font-weight: 400; text-align: justify;\">Los cambios bruscos de temperatura generan condiciones ideales para la propagaci\u00f3n de distintos virus respiratorios. En las \u00faltimas semanas han predominado la influenza (35%) y el virus sincicial (34%), afectando principalmente a los menores, hasta los 14 a\u00f1os, seg\u00fan el \u00faltimo reporte de Vigilancia de Virus Respiratorios entregado por el Instituto de Salud P\u00fablica del Ministerio de Salud.<\/p>\n<p style=\"font-weight: 400; text-align: justify;\">La\u00a0Dra. Javiera Kreft, broncopulmonar infantojuvenil de Cl\u00ednica Santa Mar\u00eda\u00a0asegura que es importante reconocer cuando los pacientes tienen estas patolog\u00edas respiratorias m\u00e1s complejas en contraste con un resfriado com\u00fan, por las consecuencias que pueden implicar en la poblaci\u00f3n de riesgo: ni\u00f1os, adultos mayores de 65 a\u00f1os, enfermos cr\u00f3nicos y embarazadas.<\/p>\n<p style=\"font-weight: 400; text-align: justify;\">\u201cEllos pueden evolucionar de peor manera, hacer neumon\u00edas, cuadros respiratorios graves. Por eso, adem\u00e1s, en el caso de la influenza o el coronavirus es importante que se vacunen, porque disminuyen las complicaciones\u201d, afirma la broncopulmonar.<\/p>\n<p style=\"font-weight: 400; text-align: justify;\"><strong><u>Resfriado<\/u><\/strong><\/p>\n<p style=\"font-weight: 400; text-align: justify;\">El resfriado com\u00fan es una infecci\u00f3n de origen viral ocasionada por rinovirus, parainfluenza y coronavirus estacionales, y que, por lo general, no tiene complicaciones graves. Entre sus principales s\u00edntomas se encuentran los estornudos, tos ocasional, secreci\u00f3n y congesti\u00f3n nasal, y fiebre un par de d\u00edas. \u201cDebemos manejar la temperatura alta y el malestar con antigripales. Adem\u00e1s, se aconseja mantener una buena hidrataci\u00f3n, no sobre abrigar, mantener c\u00f3modo al enfermo y si es que no hay tanto apetito, dar alimentos livianos y frescos\u201d, comenta el\u00a0Dr. Daniel Gambarrotti, pediatra Cl\u00ednica D\u00e1vila Vespucio.<\/p>\n<p style=\"font-weight: 400; text-align: justify;\"><strong><u>Influenza<\/u><\/strong><\/p>\n<p style=\"font-weight: 400; text-align: justify;\">Es una afecci\u00f3n respiratoria aguda que puede desencadenar cuadros leves o graves como neumon\u00eda, y que en muy pocas ocasiones puede llegar a ser mortal. \u201cA diferencia del resfriado, entre sus principales s\u00edntomas est\u00e1 la fiebre, incomodidad en el pecho, tos, dolor muscular, cefalea, fatiga y debilidad\u201d, afirma el\u00a0Dr. Ney Tello, m\u00e9dico jefe del servicio de Orientaci\u00f3n M\u00e9dica Telef\u00f3nica de Help.<\/p>\n<p style=\"font-weight: 400; text-align: justify;\">\u201cSe transmite a trav\u00e9s del contacto directo con saliva y secreciones nasales del enfermo, cuando tose o estornuda, y otras personas entran en contacto con esas gotitas infectadas con el virus que quedan en el aire. Las se\u00f1ales de alerta de la influenza son distintas a las de un resfriado com\u00fan. En t\u00e9rminos generales, la influenza es peor, con s\u00edntomas m\u00e1s intensos pero que, al inicio de la enfermedad, se pueden confundir\u201d, advierte el\u00a0Dr. Roberto Olivares, jefe de infectolog\u00eda de Cl\u00ednica D\u00e1vila.<\/p>\n<p style=\"font-weight: 400; text-align: justify;\"><strong><u>Virus Respiratorio Sincicial (VRS)<\/u><\/strong><\/p>\n<p style=\"font-weight: 400; text-align: justify;\">\u201cEl VRS se presenta con s\u00edntomas leves similares a los de un resfriado: congesti\u00f3n nasal, tos seca, poca fiebre y dolor de garganta. Pero, en algunos casos, puede extenderse al aparato respiratorio inferior, causando neumon\u00eda o bronquiolitis (inflamaci\u00f3n de las v\u00edas respiratorias que ingresan a los pulmones) produciendo fiebre alta, tos intensa, respiraci\u00f3n r\u00e1pida o dificultad respiratoria, con un sonido parecido a un silbido al momento de exhalar\u201d, explica la\u00a0Dra. Leonila Ferreira, jefa de la Unidad de Paciente Cr\u00edtico de Cl\u00ednica Biob\u00edo.<\/p>\n<p style=\"font-weight: 400; text-align: justify;\">El\u00a0Dr. Jaime Lozano, broncopulmonar infantil y jefe de Pediatr\u00eda de Cl\u00ednica Santa Mar\u00eda, a\u00f1ade que en los ni\u00f1os es la principal causa de infecciones respiratorias agudas y que se presenta en forma epid\u00e9mica durante los meses de fr\u00edo. \u201cEsta enfermedad es altamente contagiosa, lo que determina que m\u00e1s del 50% de los ni\u00f1os se contagien durante el primer a\u00f1o de vida y el 100% antes de los 3 a\u00f1os. En reci\u00e9n nacidos y lactantes, las manifestaciones pueden ser irritabilidad, disminuci\u00f3n de la actividad, pausas al respirar, apneas, cambio de coloraci\u00f3n de la piel (cianosis o palidez) o respiraci\u00f3n quejumbrosa.\u00a0 Alrededor de un 3% de los casos requieren de hospitalizaci\u00f3n por insuficiencia respiratoria\u201d, afirma.<\/p>\n<p style=\"font-weight: 400; text-align: justify;\"><strong><u>\u00bfCu\u00e1ndo asistir a un servicio de urgencia?<\/u><\/strong><\/p>\n<p style=\"font-weight: 400; text-align: justify;\">El\u00a0Dr. Alfredo Labarca, urgenci\u00f3logo de Help, asegura que hay que poner especial atenci\u00f3n sobre todo en ni\u00f1os y adultos mayores. \u201cEn general los s\u00edntomas pasan en un periodo entre 5 a 7 d\u00edas. Lo importante es nunca automedicarse con antibi\u00f3ticos, porque no est\u00e1n indicados en cuadros virales. En los menores de un a\u00f1o, si es que tienen fiebre persistente asociada a dificultad respiratoria, deben llevarlos r\u00e1pidamente a un servicio de urgencia. Al igual que adultos mayores que tengan tos, compromiso del estado general, dificultad respiratoria, tambi\u00e9n deben acudir lo antes posible a una atenci\u00f3n de emergencia para la evaluaci\u00f3n correspondiente\u201d, indica el especialista.<\/p>\n<p style=\"font-weight: 400; text-align: justify;\">En las personas mayores no necesariamente puede aparecer la fiebre, explica el\u00a0Dr. Pablo Gallardo, jefe de Geriatr\u00eda de Cl\u00ednica Santa Mar\u00eda, ya que ellos tienen una temperatura basal m\u00e1s baja, de aproximadamente un grado menos. \u201cPor esto, muchas veces cuando est\u00e1n enfermos no presentan altas temperaturas\u201d, describe.<\/p>\n<p style=\"font-weight: 400; text-align: justify;\">La doctora Ferreira agrega que es\u00a0importante solicitar una consulta m\u00e9dica si hay fiebre sobre los 38\u00b0 C por m\u00e1s de dos d\u00edas, inapetencia y tos con mucha secreci\u00f3n.<\/p>\n<p style=\"font-weight: 400; text-align: justify;\"><strong><u>\u00bfC\u00f3mo prevenir?<\/u><\/strong><\/p>\n<p style=\"font-weight: 400; text-align: justify;\">Adem\u00e1s de la inoculaci\u00f3n, se pueden tomar algunas medidas generales para impedir contagios, que son las mismas aprendidas en la pandemia por COVID-19. \u201cEs importante evitar la exposici\u00f3n directa al fr\u00edo y tambi\u00e9n a los contaminantes intradomiciliarios como el humo del tabaco. Tambi\u00e9n promover la cobertura de la boca y la nariz al momento de toser o estornudar con el antebrazo; realizar higiene frecuente de manos con alcohol gel o agua y jab\u00f3n; y mantener cierta distancia entre el enfermo y las personas sanas\u201d, finaliza el doctor Lozano.<\/p>\n<\/div><\/section><\/div><div  style='height:50px' class='hr hr-invisible   avia-builder-el-6  el_after_av_one_full  el_before_av_social_share '><span class='hr-inner ' ><span class='hr-inner-style'><\/span><\/span><\/div><\/p>\n<div  class='av-social-sharing-box  avia-builder-el-7  el_after_av_hr  el_before_av_hr  '><div class='av-share-box'><h5 class='av-share-link-description av-no-toc '>Compartir esta noticia<\/h5><ul class='av-share-box-list noLightbox'><li class='av-share-link av-social-link-facebook' ><a target=\"_blank\" aria-label=\"Compartir en Facebook\" href='https:\/\/www.facebook.com\/sharer.php?u=https:\/\/radiorevelacionfm.cl\/?p=31201&#038;t=%C2%BFC%C3%B3mo%20diferenciar%20la%20influenza%20y%20el%20virus%20sincicial%20de%20un%20resfriado%20com%C3%BAn%3F' aria-hidden='false' data-av_icon='\ue8f3' data-av_iconfont='entypo-fontello' title='' data-avia-related-tooltip='Compartir en Facebook' rel=\"noopener\"><span class='avia_hidden_link_text'>Compartir en Facebook<\/span><\/a><\/li><li class='av-share-link av-social-link-twitter' ><a target=\"_blank\" aria-label=\"Compartir en Twitter\" href='https:\/\/twitter.com\/share?text=%C2%BFC%C3%B3mo%20diferenciar%20la%20influenza%20y%20el%20virus%20sincicial%20de%20un%20resfriado%20com%C3%BAn%3F&#038;url=https:\/\/radiorevelacionfm.cl\/?p=31201' aria-hidden='false' data-av_icon='\ue8f1' data-av_iconfont='entypo-fontello' title='' data-avia-related-tooltip='Compartir en Twitter' rel=\"noopener\"><span class='avia_hidden_link_text'>Compartir en Twitter<\/span><\/a><\/li><li class='av-share-link av-social-link-whatsapp' ><a target=\"_blank\" aria-label=\"Compartir en Whatsapp\" href='https:\/\/api.whatsapp.com\/send?text=https:\/\/radiorevelacionfm.cl\/?p=31201' aria-hidden='false' data-av_icon='\uf232' data-av_iconfont='entypo-fontello' title='' data-avia-related-tooltip='Compartir en Whatsapp' rel=\"noopener\"><span class='avia_hidden_link_text'>Compartir en Whatsapp<\/span><\/a><\/li><li class='av-share-link av-social-link-linkedin' ><a target=\"_blank\" aria-label=\"Compartir en LinkedIn\" href='https:\/\/linkedin.com\/shareArticle?mini=true&#038;title=%C2%BFC%C3%B3mo%20diferenciar%20la%20influenza%20y%20el%20virus%20sincicial%20de%20un%20resfriado%20com%C3%BAn%3F&#038;url=https:\/\/radiorevelacionfm.cl\/?p=31201' aria-hidden='false' data-av_icon='\ue8fc' data-av_iconfont='entypo-fontello' title='' data-avia-related-tooltip='Compartir en LinkedIn' rel=\"noopener\"><span class='avia_hidden_link_text'>Compartir en LinkedIn<\/span><\/a><\/li><li class='av-share-link av-social-link-mail' ><a  aria-label=\"Compartir por correo\" href='mailto:?subject=%C2%BFC%C3%B3mo%20diferenciar%20la%20influenza%20y%20el%20virus%20sincicial%20de%20un%20resfriado%20com%C3%BAn%3F&#038;body=https:\/\/radiorevelacionfm.cl\/?p=31201' aria-hidden='false' data-av_icon='\ue805' data-av_iconfont='entypo-fontello' title='' data-avia-related-tooltip='Compartir por correo'><span class='avia_hidden_link_text'>Compartir por correo<\/span><\/a><\/li><\/ul><\/div><\/div>\n<div  style='height:50px' class='hr hr-invisible   avia-builder-el-8  el_after_av_social_share  el_before_av_comments_list '><span class='hr-inner ' ><span class='hr-inner-style'><\/span><\/span><\/div>\n<div  class='av-buildercomment  av-blog-meta-html-info-disabled av-blog-meta-tag-disabled  '><\/div>\n","protected":false},"excerpt":{"rendered":"","protected":false},"author":1,"featured_media":31202,"comment_status":"open","ping_status":"open","sticky":false,"template":"","format":"standard","meta":{"footnotes":""},"categories":[46],"tags":[],"class_list":["post-31201","post","type-post","status-publish","format-standard","has-post-thumbnail","hentry","category-salud"],"jetpack_featured_media_url":"https:\/\/radiorevelacionfm.cl\/wp-content\/uploads\/2023\/05\/fiebre-1-1.jpg","_links":{"self":[{"href":"https:\/\/radiorevelacionfm.cl\/index.php?rest_route=\/wp\/v2\/posts\/31201","targetHints":{"allow":["GET"]}}],"collection":[{"href":"https:\/\/radiorevelacionfm.cl\/index.php?rest_route=\/wp\/v2\/posts"}],"about":[{"href":"https:\/\/radiorevelacionfm.cl\/index.php?rest_route=\/wp\/v2\/types\/post"}],"author":[{"embeddable":true,"href":"https:\/\/radiorevelacionfm.cl\/index.php?rest_route=\/wp\/v2\/users\/1"}],"replies":[{"embeddable":true,"href":"https:\/\/radiorevelacionfm.cl\/index.php?rest_route=%2Fwp%2Fv2%2Fcomments&post=31201"}],"version-history":[{"count":1,"href":"https:\/\/radiorevelacionfm.cl\/index.php?rest_route=\/wp\/v2\/posts\/31201\/revisions"}],"predecessor-version":[{"id":31203,"href":"https:\/\/radiorevelacionfm.cl\/index.php?rest_route=\/wp\/v2\/posts\/31201\/revisions\/31203"}],"wp:featuredmedia":[{"embeddable":true,"href":"https:\/\/radiorevelacionfm.cl\/index.php?rest_route=\/wp\/v2\/media\/31202"}],"wp:attachment":[{"href":"https:\/\/radiorevelacionfm.cl\/index.php?rest_route=%2Fwp%2Fv2%2Fmedia&parent=31201"}],"wp:term":[{"taxonomy":"category","embeddable":true,"href":"https:\/\/radiorevelacionfm.cl\/index.php?rest_route=%2Fwp%2Fv2%2Fcategories&post=31201"},{"taxonomy":"post_tag","embeddable":true,"href":"https:\/\/radiorevelacionfm.cl\/index.php?rest_route=%2Fwp%2Fv2%2Ftags&post=31201"}],"curies":[{"name":"wp","href":"https:\/\/api.w.org\/{rel}","templated":true}]}}