{"id":3120,"date":"2021-04-14T18:38:04","date_gmt":"2021-04-14T21:38:04","guid":{"rendered":"https:\/\/radiorevelacionfm.cl\/?p=3120"},"modified":"2021-04-14T18:38:04","modified_gmt":"2021-04-14T21:38:04","slug":"encuesta-sobre-pobreza-energetica-en-el-sur-de-chile-busca-cerrar-brechas-mediante-la-geotermia","status":"publish","type":"post","link":"https:\/\/radiorevelacionfm.cl\/?p=3120","title":{"rendered":"Encuesta sobre pobreza energ\u00e9tica en el sur de Chile busca cerrar brechas mediante la geotermia"},"content":{"rendered":"<div class=\"flex_column av_one_full  flex_column_div av-zero-column-padding first  avia-builder-el-0  el_before_av_one_full  avia-builder-el-first  \" style='border-radius:0px; '><div  class='avia-image-container  av-styling-    avia-builder-el-1  avia-builder-el-no-sibling  avia-align-center '  itemprop=\"image\" itemscope=\"itemscope\" itemtype=\"https:\/\/schema.org\/ImageObject\"  ><div class='avia-image-container-inner'><div class='avia-image-overlay-wrap'><img decoding=\"async\" class='wp-image-0 avia-img-lazy-loading-not-0 avia_image' src=\"https:\/\/radiorevelacionfm.cl\/wp-content\/uploads\/2021\/04\/image-13_optimized-1.png\" alt='' title=''   itemprop=\"thumbnailUrl\"  \/><\/div><\/div><\/div><\/div><div class=\"flex_column av_one_full  flex_column_div av-zero-column-padding first  avia-builder-el-2  el_after_av_one_full  el_before_av_one_full  column-top-margin\" style='border-radius:0px; '><section class=\"av_textblock_section \"  itemscope=\"itemscope\" itemtype=\"https:\/\/schema.org\/BlogPosting\" itemprop=\"blogPost\" ><div class='avia_textblock  '   itemprop=\"text\" ><p style=\"text-align: center;\"><strong><span style=\"font-size: 18pt;\">Encuesta sobre pobreza energ\u00e9tica en el sur de Chile busca cerrar brechas mediante la geotermia<\/span><\/strong><\/p>\n<div id=\"gtx-trans\" style=\"position: absolute; left: -50px; top: 4.31534px;\">\n<div class=\"gtx-trans-icon\"><\/div>\n<\/div>\n<\/div><\/section><\/div><div class=\"flex_column av_one_full  flex_column_div av-zero-column-padding first  avia-builder-el-4  el_after_av_one_full  el_before_av_hr  column-top-margin\" style='border-radius:0px; '><section class=\"av_textblock_section \"  itemscope=\"itemscope\" itemtype=\"https:\/\/schema.org\/BlogPosting\" itemprop=\"blogPost\" ><div class='avia_textblock  '   itemprop=\"text\" ><p style=\"text-align: justify;\">El 93% de los hogares de Puyuhuapi utiliza le\u00f1a para calefacci\u00f3n y cerca del 22% del ingreso mensual de las familias se destina a este apartado. Estos son algunos de los resultados que evidenci\u00f3 la encuesta sobre pobreza energ\u00e9tica, instrumento creado por la Red de Pobreza Energ\u00e9tica (RedPe) y ejecutada en terreno por el Centro de Excelencia en Geotermia de Los Andes (CEGA).<\/p>\n<p style=\"text-align: justify;\">En Puyuhuapi, localidad rural perteneciente a la comuna de Cisnes, Regi\u00f3n de Ays\u00e9n, viven un poco m\u00e1s de mil personas y hay cerca de 310 viviendas (incluyendo caba\u00f1as y lugares destinados a turismo), de acuerdo al Censo del a\u00f1o 2017. 255 corresponden a hogares y 122 de ellos fueron encuestados.<\/p>\n<p style=\"text-align: justify;\">La investigadora Sof\u00eda Vargas -quien lider\u00f3 la aplicaci\u00f3n de esta encuesta- advirti\u00f3: \u201cEl gasto en calefacci\u00f3n es alto, considerando que en Chile el promedio es $40 mil. Adem\u00e1s, pese a que los hogares han invertido en mejoramiento t\u00e9rmico, un porcentaje alto vive con una sensaci\u00f3n de disconfort t\u00e9rmico\u201d.<\/p>\n<p style=\"text-align: justify;\">En ese sentido, entre los datos reveladores de la encuesta, se expuso que cerca del 34% de los hogares ha invertido m\u00e1s de $1 mill\u00f3n en mejoras t\u00e9rmicas en los \u00faltimos tres a\u00f1os. Junto a ello, $77 mil es el gasto promedio mensual en calefacci\u00f3n.<\/p>\n<p style=\"text-align: justify;\">Por otra parte, todas las viviendas cuentan con suministro el\u00e9ctrico, pero hay m\u00e1s de 22 interrupciones al a\u00f1o, de las que el veinte por ciento dura m\u00e1s de una hora. En cuanto a alimentaci\u00f3n e higiene, un tres por ciento de los hogares no cuenta con agua caliente sanitaria. Adem\u00e1s, un 49%de los hogares ocupa cocina a gas, mientras que el 51% de los hogares ocupa cocina a le\u00f1a.<\/p>\n<p style=\"text-align: justify;\"><strong>Aceptaci\u00f3n de un proyecto geot\u00e9rmico en la zona<\/strong><\/p>\n<p style=\"text-align: justify;\">En este contexto, la coordinadora ejecutiva de la RedPe, Catalina Amigo, se\u00f1al\u00f3 que \u201cel potencial de la geotermia en el marco de la pobreza energ\u00e9tica y este an\u00e1lisis m\u00e1s integral es tremendo. Para ello es muy importante conocer y diagnosticar los impactos y posibilidades que puede tener esta energ\u00eda renovable para satisfacer las necesidades energ\u00e9ticas de los hogares de una localidad como Puyuhuapi\u201d.<\/p>\n<p style=\"text-align: justify;\">Entre los resultados de la encuesta, el 76% de la comunidad de Puyuhuapi apoy\u00f3 un proyecto geot\u00e9rmico para la zona. Tambi\u00e9n valoraron la tranquilidad y naturaleza de la localidad, por lo que \u201cun proyecto geot\u00e9rmico, de ser factible, deber\u00e1 considerar estas variables, principalmente para ser de peque\u00f1a escala y de bajo impacto\u201d, declar\u00f3 Vargas.<\/p>\n<p style=\"text-align: justify;\">Este estudio se enmarca en el proyecto \u201cFactibilidad de Cogeneraci\u00f3n Geot\u00e9rmica en Puyuhuapi\u201d, financiado por el Fondo de Innovaci\u00f3n para la Competitividad (FIC) 2018 del Gobierno Regional de Ays\u00e9n en colaboraci\u00f3n con la RedPe. La encuesta se adapt\u00f3 a la realidad local de la zona con preguntas enfocadas en gasto energ\u00e9tico, electricidad, calefacci\u00f3n y agua caliente sanitaria.<\/p>\n<\/div><\/section><\/div><div  style='height:50px' class='hr hr-invisible   avia-builder-el-6  el_after_av_one_full  el_before_av_social_share '><span class='hr-inner ' ><span class='hr-inner-style'><\/span><\/span><\/div><\/p>\n<div  class='av-social-sharing-box  avia-builder-el-7  el_after_av_hr  el_before_av_hr  '><div class='av-share-box'><h5 class='av-share-link-description av-no-toc '>Compartir esta noticia<\/h5><ul class='av-share-box-list noLightbox'><li class='av-share-link av-social-link-facebook' ><a target=\"_blank\" aria-label=\"Compartir en Facebook\" href='https:\/\/www.facebook.com\/sharer.php?u=https:\/\/radiorevelacionfm.cl\/?p=3120&#038;t=Encuesta%20sobre%20pobreza%20energ%C3%A9tica%20en%20el%20sur%20de%20Chile%20busca%20cerrar%20brechas%20mediante%20la%20geotermia' aria-hidden='false' data-av_icon='\ue8f3' data-av_iconfont='entypo-fontello' title='' data-avia-related-tooltip='Compartir en Facebook' rel=\"noopener\"><span class='avia_hidden_link_text'>Compartir en Facebook<\/span><\/a><\/li><li class='av-share-link av-social-link-twitter' ><a target=\"_blank\" aria-label=\"Compartir en Twitter\" href='https:\/\/twitter.com\/share?text=Encuesta%20sobre%20pobreza%20energ%C3%A9tica%20en%20el%20sur%20de%20Chile%20busca%20cerrar%20brechas%20mediante%20la%20geotermia&#038;url=https:\/\/radiorevelacionfm.cl\/?p=3120' aria-hidden='false' data-av_icon='\ue8f1' data-av_iconfont='entypo-fontello' title='' data-avia-related-tooltip='Compartir en Twitter' rel=\"noopener\"><span class='avia_hidden_link_text'>Compartir en Twitter<\/span><\/a><\/li><li class='av-share-link av-social-link-whatsapp' ><a target=\"_blank\" aria-label=\"Compartir en Whatsapp\" href='https:\/\/api.whatsapp.com\/send?text=https:\/\/radiorevelacionfm.cl\/?p=3120' aria-hidden='false' data-av_icon='\uf232' data-av_iconfont='entypo-fontello' title='' data-avia-related-tooltip='Compartir en Whatsapp' rel=\"noopener\"><span class='avia_hidden_link_text'>Compartir en Whatsapp<\/span><\/a><\/li><li class='av-share-link av-social-link-linkedin' ><a target=\"_blank\" aria-label=\"Compartir en LinkedIn\" href='https:\/\/linkedin.com\/shareArticle?mini=true&#038;title=Encuesta%20sobre%20pobreza%20energ%C3%A9tica%20en%20el%20sur%20de%20Chile%20busca%20cerrar%20brechas%20mediante%20la%20geotermia&#038;url=https:\/\/radiorevelacionfm.cl\/?p=3120' aria-hidden='false' data-av_icon='\ue8fc' data-av_iconfont='entypo-fontello' title='' data-avia-related-tooltip='Compartir en LinkedIn' rel=\"noopener\"><span class='avia_hidden_link_text'>Compartir en LinkedIn<\/span><\/a><\/li><li class='av-share-link av-social-link-mail' ><a  aria-label=\"Compartir por correo\" href='mailto:?subject=Encuesta%20sobre%20pobreza%20energ%C3%A9tica%20en%20el%20sur%20de%20Chile%20busca%20cerrar%20brechas%20mediante%20la%20geotermia&#038;body=https:\/\/radiorevelacionfm.cl\/?p=3120' aria-hidden='false' data-av_icon='\ue805' data-av_iconfont='entypo-fontello' title='' data-avia-related-tooltip='Compartir por correo'><span class='avia_hidden_link_text'>Compartir por correo<\/span><\/a><\/li><\/ul><\/div><\/div>\n<div  style='height:50px' class='hr hr-invisible   avia-builder-el-8  el_after_av_social_share  el_before_av_comments_list '><span class='hr-inner ' ><span class='hr-inner-style'><\/span><\/span><\/div>\n<div  class='av-buildercomment  av-blog-meta-html-info-disabled av-blog-meta-tag-disabled  '><\/div>\n","protected":false},"excerpt":{"rendered":"","protected":false},"author":1,"featured_media":0,"comment_status":"open","ping_status":"open","sticky":false,"template":"","format":"standard","meta":{"footnotes":""},"categories":[39],"tags":[],"class_list":["post-3120","post","type-post","status-publish","format-standard","hentry","category-medio-ambiente"],"jetpack_featured_media_url":"","_links":{"self":[{"href":"https:\/\/radiorevelacionfm.cl\/index.php?rest_route=\/wp\/v2\/posts\/3120","targetHints":{"allow":["GET"]}}],"collection":[{"href":"https:\/\/radiorevelacionfm.cl\/index.php?rest_route=\/wp\/v2\/posts"}],"about":[{"href":"https:\/\/radiorevelacionfm.cl\/index.php?rest_route=\/wp\/v2\/types\/post"}],"author":[{"embeddable":true,"href":"https:\/\/radiorevelacionfm.cl\/index.php?rest_route=\/wp\/v2\/users\/1"}],"replies":[{"embeddable":true,"href":"https:\/\/radiorevelacionfm.cl\/index.php?rest_route=%2Fwp%2Fv2%2Fcomments&post=3120"}],"version-history":[{"count":1,"href":"https:\/\/radiorevelacionfm.cl\/index.php?rest_route=\/wp\/v2\/posts\/3120\/revisions"}],"predecessor-version":[{"id":3122,"href":"https:\/\/radiorevelacionfm.cl\/index.php?rest_route=\/wp\/v2\/posts\/3120\/revisions\/3122"}],"wp:attachment":[{"href":"https:\/\/radiorevelacionfm.cl\/index.php?rest_route=%2Fwp%2Fv2%2Fmedia&parent=3120"}],"wp:term":[{"taxonomy":"category","embeddable":true,"href":"https:\/\/radiorevelacionfm.cl\/index.php?rest_route=%2Fwp%2Fv2%2Fcategories&post=3120"},{"taxonomy":"post_tag","embeddable":true,"href":"https:\/\/radiorevelacionfm.cl\/index.php?rest_route=%2Fwp%2Fv2%2Ftags&post=3120"}],"curies":[{"name":"wp","href":"https:\/\/api.w.org\/{rel}","templated":true}]}}