{"id":31198,"date":"2023-05-19T19:29:14","date_gmt":"2023-05-19T22:29:14","guid":{"rendered":"https:\/\/radiorevelacionfm.cl\/?p=31198"},"modified":"2023-05-19T19:29:14","modified_gmt":"2023-05-19T22:29:14","slug":"conversatorio-turismo-digital-2023-congrego-a-destacados-empresarios-turisticos-en-puerto-aysen","status":"publish","type":"post","link":"https:\/\/radiorevelacionfm.cl\/?p=31198","title":{"rendered":"Conversatorio \u201cTurismo Digital 2023\u201d congreg\u00f3 a destacados empresarios tur\u00edsticos en Puerto Ays\u00e9n"},"content":{"rendered":"<div class=\"flex_column av_one_full  flex_column_div av-zero-column-padding first  avia-builder-el-0  el_before_av_one_full  avia-builder-el-first  \" style='border-radius:0px; '><div  class='avia-image-container  av-styling-    avia-builder-el-1  avia-builder-el-no-sibling  avia-align-center '  itemprop=\"image\" itemscope=\"itemscope\" itemtype=\"https:\/\/schema.org\/ImageObject\"  ><div class='avia-image-container-inner'><div class='avia-image-overlay-wrap'><img decoding=\"async\" class='wp-image-31199 avia-img-lazy-loading-not-31199 avia_image' src=\"https:\/\/radiorevelacionfm.cl\/wp-content\/uploads\/2023\/05\/conversatorio-turismo-digital-9-1_optimized.jpg\" alt='' title='conversatorio-turismo-digital-9-(1)_optimized' height=\"600\" width=\"1067\"  itemprop=\"thumbnailUrl\" srcset=\"https:\/\/radiorevelacionfm.cl\/wp-content\/uploads\/2023\/05\/conversatorio-turismo-digital-9-1_optimized.jpg 1067w, https:\/\/radiorevelacionfm.cl\/wp-content\/uploads\/2023\/05\/conversatorio-turismo-digital-9-1_optimized-300x169.jpg 300w, https:\/\/radiorevelacionfm.cl\/wp-content\/uploads\/2023\/05\/conversatorio-turismo-digital-9-1_optimized-1030x579.jpg 1030w, https:\/\/radiorevelacionfm.cl\/wp-content\/uploads\/2023\/05\/conversatorio-turismo-digital-9-1_optimized-768x432.jpg 768w, https:\/\/radiorevelacionfm.cl\/wp-content\/uploads\/2023\/05\/conversatorio-turismo-digital-9-1_optimized-705x396.jpg 705w, https:\/\/radiorevelacionfm.cl\/wp-content\/uploads\/2023\/05\/conversatorio-turismo-digital-9-1_optimized-450x253.jpg 450w, https:\/\/radiorevelacionfm.cl\/wp-content\/uploads\/2023\/05\/conversatorio-turismo-digital-9-1_optimized-600x337.jpg 600w\" sizes=\"(max-width: 1067px) 100vw, 1067px\" \/><\/div><\/div><\/div><\/div><div class=\"flex_column av_one_full  flex_column_div av-zero-column-padding first  avia-builder-el-2  el_after_av_one_full  el_before_av_one_full  column-top-margin\" style='border-radius:0px; '><section class=\"av_textblock_section \"  itemscope=\"itemscope\" itemtype=\"https:\/\/schema.org\/BlogPosting\" itemprop=\"blogPost\" ><div class='avia_textblock  '   itemprop=\"text\" ><p style=\"text-align: center;\"><strong><span style=\"font-size: 18pt;\">Conversatorio \u201cTurismo Digital 2023\u201d congreg\u00f3 a destacados empresarios tur\u00edsticos en Puerto Ays\u00e9n<\/span><\/strong><\/p>\n<div id=\"gtx-trans\" style=\"position: absolute; left: -50px; top: 4.31534px;\">\n<div class=\"gtx-trans-icon\"><\/div>\n<\/div>\n<\/div><\/section><\/div><div class=\"flex_column av_one_full  flex_column_div av-zero-column-padding first  avia-builder-el-4  el_after_av_one_full  el_before_av_hr  column-top-margin\" style='border-radius:0px; '><section class=\"av_textblock_section \"  itemscope=\"itemscope\" itemtype=\"https:\/\/schema.org\/BlogPosting\" itemprop=\"blogPost\" ><div class='avia_textblock  '   itemprop=\"text\" ><p style=\"text-align: justify;\">Con el objetivo de compartir experiencias y potenciar a empresas y emprendedores del rubro del turismo de la mano con las nuevas tecnolog\u00edas, en Puerto Ays\u00e9n se realiz\u00f3 el Conversatorio \u201cTurismo Digital 2023\u201d, actividad colaborativa organizada por el programa Fortalece Pyme Ays\u00e9n, el PER Turismo Ays\u00e9n y desarrollada en Ecoterr\u00e1neo Cowork.<\/p>\n<p style=\"text-align: justify;\">La jornada tuvo como invitados a Marina Secco, due\u00f1a del Caf\u00e9 Cassis, la cual cuenta con casi 20 refugios\/caf\u00e9 a nivel nacional; Marcus Campos, due\u00f1o de Ruedas de la Patagonia en Villa O\u00b4higgins e Isabel Correa, fundadora de la \u201cBaita Conguillio\u201d, proyecto ubicado dentro del parque nacional Conguillio en la novena regi\u00f3n. En la actividad fueron convocados emprendedores locales de distintos puntos de la regi\u00f3n de manera presencial y virtual, quienes pudieron escuchar las experiencias y aprendizajes a trav\u00e9s de una conversaci\u00f3n cercana con los exponentes.<\/p>\n<p style=\"text-align: justify;\">El encuentro se llev\u00f3 a cabo en Ecoterr\u00e1neo Cowork, espacio instalado en Puerto Ays\u00e9n, que fue creado para congregar instancias de dialogo, transmisi\u00f3n de conocimientos y actividades de colaboraci\u00f3n abiertas a toda la comunidad.<\/p>\n<p style=\"text-align: justify;\">\u201cPara nosotros es esencial congregar estas instancias en Ays\u00e9n, es lo que queremos ser como Cowork, el centro de las actividades dedicadas a emprendedores o a las empresas del sector. Tenemos presente a nuestros emprendedores de la incubadora de negocios, porque cuando uno emprende, no solamente necesita clases y conocimiento t\u00e9cnico, sino que tambi\u00e9n escuchar otras experiencias y generar redes. El objetivo es que vayan conociendo y aprendiendo de otros empresarios y emprendedores, quienes ya han pasado por los mismas dificultades o triunfos en su desarrollo empresarial. Es importante destacar que esta actividad es abierta a la comunidad por lo que cualquier persona interesada puede inscribirse y venir al cowork\u201d, destac\u00f3 la gerenta de Ecoterr\u00e1neo Cowork, Marcela Vidal.<\/p>\n<p style=\"text-align: justify;\">Rolf Traeger, gerente del Per Turismo Ays\u00e9n Patagonia, puso en valor el significado que tiene la transmisi\u00f3n de conocimiento entre quienes comparten un \u00e1rea productiva desde distintos puntos del pa\u00eds.<\/p>\n<p style=\"text-align: justify;\">\u201cSe genera esta sinergia, se genera esta asociatividad y se genera el conocimiento de ver en que est\u00e1n sus pares, ver en que est\u00e1n trabajando, ver como ir creciendo, ver cu\u00e1les son los desaf\u00edos, cuales son las dificultades que tiene el emprendedor en el territorio y no solo en el territorio, en la vida diaria\u201d<\/p>\n<p style=\"text-align: justify;\">Isabel Correa, fundadora de la Baita Conguillio, al interior del Parque Nacional del mismo nombre, en la regi\u00f3n de la Araucan\u00eda, resalt\u00f3 la instancia que congreg\u00f3 a empresarios y emprendedores del turismo.<\/p>\n<p style=\"text-align: justify;\">\u201cUna invitaci\u00f3n muy enriquecedora que me complace mucho, primero, hace m\u00e1s de 30 a\u00f1os que no volv\u00eda, porque soy emprendedora y en turismo uno tiene pocas vacaciones, se trabaja de lunes a domingo, todo el a\u00f1o. Pero estos espacios de conversaci\u00f3n, de aprendizaje, intercambio, inspiraci\u00f3n, son muy importantes, feliz de estar ac\u00e1, poder recorrer, conversar y escuchar a nuevos emprendedores o algunos que ya est\u00e1n consolidados. Por ello, decir que la persistencia, la perseverancia, la resiliencia y la asociatividad, creo que son palabras claves para poder funcionar bien, existir y mantenerse vivo en este complejo pero bell\u00edsimo rubro\u201d.<\/p>\n<p style=\"text-align: justify;\">En tanto, Marcus Campos, con su emprendimiento \u201cruedas de la Patagonia\u201d en Villa O\u00b4higgins, ha podido desempe\u00f1arse en el rubro del turismo a nivel nacional y binacional, experiencia que quiso compartir con los asistentes al conversatorio \u201cTurismo Digital 2023\u201d.<\/p>\n<p style=\"text-align: justify;\">\u201cS\u00faper importante, relevante, poder compartir esta experiencia, invitarlos a creer en esto, en la digitalizaci\u00f3n, hacer una apuesta y realmente es un salto para los emprendedores. Este es un trabajo arduo, tanto p\u00fablico como privado y la apuesta que debi\u00e9ramos hacer como regi\u00f3n, como destino, porque aqu\u00ed no tenemos que mirar al pueblo de al lado como enemigo, somos un destino y tenemos que trabajar para ello\u201d.<\/p>\n<p style=\"text-align: justify;\">Destacar que el conversatorio \u201cTurismo Digital 2023\u201d fue una instancia colaborativa\u00a0 entre el Per Turismo, el programa Fortalece pyme y Ecoterr\u00e1neo Cowork.<\/p>\n<\/div><\/section><\/div><div  style='height:50px' class='hr hr-invisible   avia-builder-el-6  el_after_av_one_full  el_before_av_social_share '><span class='hr-inner ' ><span class='hr-inner-style'><\/span><\/span><\/div><\/p>\n<div  class='av-social-sharing-box  avia-builder-el-7  el_after_av_hr  el_before_av_hr  '><div class='av-share-box'><h5 class='av-share-link-description av-no-toc '>Compartir esta noticia<\/h5><ul class='av-share-box-list noLightbox'><li class='av-share-link av-social-link-facebook' ><a target=\"_blank\" aria-label=\"Compartir en Facebook\" href='https:\/\/www.facebook.com\/sharer.php?u=https:\/\/radiorevelacionfm.cl\/?p=31198&#038;t=Conversatorio%20%E2%80%9CTurismo%20Digital%202023%E2%80%9D%20congreg%C3%B3%20a%20destacados%20empresarios%20tur%C3%ADsticos%20en%20Puerto%20Ays%C3%A9n' aria-hidden='false' data-av_icon='\ue8f3' data-av_iconfont='entypo-fontello' title='' data-avia-related-tooltip='Compartir en Facebook' rel=\"noopener\"><span class='avia_hidden_link_text'>Compartir en Facebook<\/span><\/a><\/li><li class='av-share-link av-social-link-twitter' ><a target=\"_blank\" aria-label=\"Compartir en Twitter\" href='https:\/\/twitter.com\/share?text=Conversatorio%20%E2%80%9CTurismo%20Digital%202023%E2%80%9D%20congreg%C3%B3%20a%20destacados%20empresarios%20tur%C3%ADsticos%20en%20Puerto%20Ays%C3%A9n&#038;url=https:\/\/radiorevelacionfm.cl\/?p=31198' aria-hidden='false' data-av_icon='\ue8f1' data-av_iconfont='entypo-fontello' title='' data-avia-related-tooltip='Compartir en Twitter' rel=\"noopener\"><span class='avia_hidden_link_text'>Compartir en Twitter<\/span><\/a><\/li><li class='av-share-link av-social-link-whatsapp' ><a target=\"_blank\" aria-label=\"Compartir en Whatsapp\" href='https:\/\/api.whatsapp.com\/send?text=https:\/\/radiorevelacionfm.cl\/?p=31198' aria-hidden='false' data-av_icon='\uf232' data-av_iconfont='entypo-fontello' title='' data-avia-related-tooltip='Compartir en Whatsapp' rel=\"noopener\"><span class='avia_hidden_link_text'>Compartir en Whatsapp<\/span><\/a><\/li><li class='av-share-link av-social-link-linkedin' ><a target=\"_blank\" aria-label=\"Compartir en LinkedIn\" href='https:\/\/linkedin.com\/shareArticle?mini=true&#038;title=Conversatorio%20%E2%80%9CTurismo%20Digital%202023%E2%80%9D%20congreg%C3%B3%20a%20destacados%20empresarios%20tur%C3%ADsticos%20en%20Puerto%20Ays%C3%A9n&#038;url=https:\/\/radiorevelacionfm.cl\/?p=31198' aria-hidden='false' data-av_icon='\ue8fc' data-av_iconfont='entypo-fontello' title='' data-avia-related-tooltip='Compartir en LinkedIn' rel=\"noopener\"><span class='avia_hidden_link_text'>Compartir en LinkedIn<\/span><\/a><\/li><li class='av-share-link av-social-link-mail' ><a  aria-label=\"Compartir por correo\" href='mailto:?subject=Conversatorio%20%E2%80%9CTurismo%20Digital%202023%E2%80%9D%20congreg%C3%B3%20a%20destacados%20empresarios%20tur%C3%ADsticos%20en%20Puerto%20Ays%C3%A9n&#038;body=https:\/\/radiorevelacionfm.cl\/?p=31198' aria-hidden='false' data-av_icon='\ue805' data-av_iconfont='entypo-fontello' title='' data-avia-related-tooltip='Compartir por correo'><span class='avia_hidden_link_text'>Compartir por correo<\/span><\/a><\/li><\/ul><\/div><\/div>\n<div  style='height:50px' class='hr hr-invisible   avia-builder-el-8  el_after_av_social_share  el_before_av_comments_list '><span class='hr-inner ' ><span class='hr-inner-style'><\/span><\/span><\/div>\n<div  class='av-buildercomment  av-blog-meta-html-info-disabled av-blog-meta-tag-disabled  '><\/div>\n","protected":false},"excerpt":{"rendered":"","protected":false},"author":1,"featured_media":31199,"comment_status":"open","ping_status":"open","sticky":false,"template":"","format":"standard","meta":{"footnotes":""},"categories":[54],"tags":[],"class_list":["post-31198","post","type-post","status-publish","format-standard","has-post-thumbnail","hentry","category-turismo"],"jetpack_featured_media_url":"https:\/\/radiorevelacionfm.cl\/wp-content\/uploads\/2023\/05\/conversatorio-turismo-digital-9-1_optimized.jpg","_links":{"self":[{"href":"https:\/\/radiorevelacionfm.cl\/index.php?rest_route=\/wp\/v2\/posts\/31198","targetHints":{"allow":["GET"]}}],"collection":[{"href":"https:\/\/radiorevelacionfm.cl\/index.php?rest_route=\/wp\/v2\/posts"}],"about":[{"href":"https:\/\/radiorevelacionfm.cl\/index.php?rest_route=\/wp\/v2\/types\/post"}],"author":[{"embeddable":true,"href":"https:\/\/radiorevelacionfm.cl\/index.php?rest_route=\/wp\/v2\/users\/1"}],"replies":[{"embeddable":true,"href":"https:\/\/radiorevelacionfm.cl\/index.php?rest_route=%2Fwp%2Fv2%2Fcomments&post=31198"}],"version-history":[{"count":1,"href":"https:\/\/radiorevelacionfm.cl\/index.php?rest_route=\/wp\/v2\/posts\/31198\/revisions"}],"predecessor-version":[{"id":31200,"href":"https:\/\/radiorevelacionfm.cl\/index.php?rest_route=\/wp\/v2\/posts\/31198\/revisions\/31200"}],"wp:featuredmedia":[{"embeddable":true,"href":"https:\/\/radiorevelacionfm.cl\/index.php?rest_route=\/wp\/v2\/media\/31199"}],"wp:attachment":[{"href":"https:\/\/radiorevelacionfm.cl\/index.php?rest_route=%2Fwp%2Fv2%2Fmedia&parent=31198"}],"wp:term":[{"taxonomy":"category","embeddable":true,"href":"https:\/\/radiorevelacionfm.cl\/index.php?rest_route=%2Fwp%2Fv2%2Fcategories&post=31198"},{"taxonomy":"post_tag","embeddable":true,"href":"https:\/\/radiorevelacionfm.cl\/index.php?rest_route=%2Fwp%2Fv2%2Ftags&post=31198"}],"curies":[{"name":"wp","href":"https:\/\/api.w.org\/{rel}","templated":true}]}}