{"id":31195,"date":"2023-05-20T12:38:49","date_gmt":"2023-05-20T15:38:49","guid":{"rendered":"https:\/\/radiorevelacionfm.cl\/?p=31195"},"modified":"2023-05-20T12:38:49","modified_gmt":"2023-05-20T15:38:49","slug":"difunden-la-ley-de-reparacion-de-victimas-de-femicidios-y-sus-familias","status":"publish","type":"post","link":"https:\/\/radiorevelacionfm.cl\/?p=31195","title":{"rendered":"Difunden la Ley de Reparaci\u00f3n de V\u00edctimas de Femicidios y sus familias"},"content":{"rendered":"<div class=\"flex_column av_one_full  flex_column_div av-zero-column-padding first  avia-builder-el-0  el_before_av_one_full  avia-builder-el-first  \" style='border-radius:0px; '><div  class='avia-image-container  av-styling-    avia-builder-el-1  avia-builder-el-no-sibling  avia-align-center '  itemprop=\"image\" itemscope=\"itemscope\" itemtype=\"https:\/\/schema.org\/ImageObject\"  ><div class='avia-image-container-inner'><div class='avia-image-overlay-wrap'><img decoding=\"async\" class='wp-image-31196 avia-img-lazy-loading-not-31196 avia_image' src=\"https:\/\/radiorevelacionfm.cl\/wp-content\/uploads\/2023\/05\/dsc_0027-3-1_optimized.jpg\" alt='' title='dsc_0027-(3)-(1)_optimized' height=\"600\" width=\"924\"  itemprop=\"thumbnailUrl\" srcset=\"https:\/\/radiorevelacionfm.cl\/wp-content\/uploads\/2023\/05\/dsc_0027-3-1_optimized.jpg 924w, https:\/\/radiorevelacionfm.cl\/wp-content\/uploads\/2023\/05\/dsc_0027-3-1_optimized-300x195.jpg 300w, https:\/\/radiorevelacionfm.cl\/wp-content\/uploads\/2023\/05\/dsc_0027-3-1_optimized-768x499.jpg 768w, https:\/\/radiorevelacionfm.cl\/wp-content\/uploads\/2023\/05\/dsc_0027-3-1_optimized-705x458.jpg 705w, https:\/\/radiorevelacionfm.cl\/wp-content\/uploads\/2023\/05\/dsc_0027-3-1_optimized-450x292.jpg 450w, https:\/\/radiorevelacionfm.cl\/wp-content\/uploads\/2023\/05\/dsc_0027-3-1_optimized-600x390.jpg 600w\" sizes=\"(max-width: 924px) 100vw, 924px\" \/><\/div><\/div><\/div><\/div>\n<div class=\"flex_column av_one_full  flex_column_div av-zero-column-padding first  avia-builder-el-2  el_after_av_one_full  el_before_av_one_full  column-top-margin\" style='border-radius:0px; '><section class=\"av_textblock_section \"  itemscope=\"itemscope\" itemtype=\"https:\/\/schema.org\/BlogPosting\" itemprop=\"blogPost\" ><div class='avia_textblock  '   itemprop=\"text\" ><p style=\"text-align: center;\"><strong><span style=\"font-size: 18pt;\">Difunden la Ley de Reparaci\u00f3n de V\u00edctimas de Femicidios y sus familias<\/span><\/strong><\/p>\n<div id=\"gtx-trans\" style=\"position: absolute; left: -50px; top: 4.31534px;\">\n<div class=\"gtx-trans-icon\"><\/div>\n<\/div>\n<\/div><\/section><\/div><div class=\"flex_column av_one_full  flex_column_div av-zero-column-padding first  avia-builder-el-4  el_after_av_one_full  el_before_av_hr  column-top-margin\" style='border-radius:0px; '><section class=\"av_textblock_section \"  itemscope=\"itemscope\" itemtype=\"https:\/\/schema.org\/BlogPosting\" itemprop=\"blogPost\" ><div class='avia_textblock  '   itemprop=\"text\" ><p style=\"text-align: justify;\">Con la asistencia de medios de comunicaci\u00f3n regionales, la Seremi de la Mujer y la Equidad de G\u00e9nero, Andrea M\u00e9ndez Valenzuela, junto al Circuito Intersectorial de Femicidios, inici\u00f3 la difusi\u00f3n de los alcances de una nueva ley, que tiene como prop\u00f3sito el asegurar el acceso efectivo a protecci\u00f3n y reparaci\u00f3n integral a las v\u00edctimas, tanto de femicidio como de suicidio femicida, el que se extiende a sus familiares; a trav\u00e9s de distintas acciones e instrumentos.<\/p>\n<p style=\"text-align: justify;\">\u201cEs una ley in\u00e9dita en nuestro pa\u00eds, es la primera vez que contamos en t\u00e9rminos legales con una indicaci\u00f3n que hable de reparaci\u00f3n. No ten\u00edamos esta consideraci\u00f3n, s\u00f3lo centraba en el impacto en la v\u00edctima, pero no quedaba en la vitrina p\u00fablica aquello que acontec\u00eda con los familiares de v\u00edctimas de femicidio, particularmente con las ni\u00f1as, ni\u00f1os y adolescentes. Actualmente, tenemos una pensi\u00f3n de gracia, consagrada para menores de edad y con eso ampliamos la cobertura como Estado; y tambi\u00e9n en la respuesta cuando ocurre la violencia extrema\u201d, destac\u00f3 la Seremi de la Mujer y la Equidad de G\u00e9nero, Andrea M\u00e9ndez Valenzuela.<\/p>\n<p style=\"text-align: justify;\">Por su parte, Ver\u00f3nica O\u00f1ate, sostuvo que \u201ccomo representante del Servicio M\u00e9dico Legal en el Circuito Intersectorial de Femicidios nos alegra mucho la noticia de esta promulgaci\u00f3n, porque viene a fortalecer el trabajo que como Circuito podemos hacer, ya que \u00e9ste se articula a trav\u00e9s de muchos servicios, pero funcionamos en base a las leyes que rigen a las distintas entidades p\u00fablicas\u201d.<\/p>\n<p style=\"text-align: justify;\">La representaci\u00f3n de la sociedad civil, estuvo a cargo de la abogada e integrante del Colectivo de Mujeres Desnudando, Gianella Pantanalli Wandersleben, quien dijo: \u201creconocemos este gran esfuerzo que est\u00e1 realizando el Estado, si bien este es un paso m\u00e1s pero no es completamente suficiente; en el entendido que la reparaci\u00f3n viene a darse a los hijos de las v\u00edctimas de femicidio hasta los 18 a\u00f1os, siendo que los efectos van a durar toda la vida\u201d.<\/p>\n<p style=\"text-align: justify;\">Otro de los objetivos de la Ley, es otorgar acceso preferente al sistema de protecci\u00f3n social del Estado a v\u00edctimas de femicidio frustrado o tentado. As\u00ed mismo, garantizar el derecho a la protecci\u00f3n del trabajo a v\u00edctimas de femicidio frustrado o tentado (con fuero laboral de hasta un a\u00f1o desde que ocurriera la agresi\u00f3n).<\/p>\n<p style=\"text-align: justify;\">El Servicio Nacional de la Mujer y la Equidad de G\u00e9nero ser\u00e1 la instituci\u00f3n encargada de determinar la condici\u00f3n de v\u00edctimas de femicidio a fin de que puedan acceder a las prestaciones estatales para su reparaci\u00f3n, mediante un reglamento dictado por el Ministerio de la Mujer y la Equidad de G\u00e9nero y suscrito por el Ministerio de Hacienda.<\/p>\n<p style=\"text-align: justify;\">La actividad se llev\u00f3 a cabo en el marco de la reuni\u00f3n mensual del Circuito Intersectorial de Femicidios, instancia de articulaci\u00f3n que la integran el Servicio Nacional de la Mujer y la Equidad de G\u00e9nero, Carabineros de Chile, Polic\u00eda de Investigaciones, Servicio M\u00e9dico Legal, Servicio Nacional de Protecci\u00f3n Especializada a la Ni\u00f1ez y Adolescencia , Centro de Apoyo a V\u00edctimas de Delitos de la Subsecretar\u00eda de Prevenci\u00f3n del Delito, Unidad Regional de Atenci\u00f3n a V\u00edctimas y Testigos de la Fiscal\u00eda Regional de Ays\u00e9n; con la especial participaci\u00f3n en la regi\u00f3n de Ays\u00e9n del Ministerio de la Mujer y la Equidad de G\u00e9nero.<\/p>\n<\/div><\/section><\/div><\/p>\n<div  style='height:50px' class='hr hr-invisible   avia-builder-el-6  el_after_av_one_full  el_before_av_social_share '><span class='hr-inner ' ><span class='hr-inner-style'><\/span><\/span><\/div>\n<div  class='av-social-sharing-box  avia-builder-el-7  el_after_av_hr  el_before_av_hr  '><div class='av-share-box'><h5 class='av-share-link-description av-no-toc '>Compartir esta noticia<\/h5><ul class='av-share-box-list noLightbox'><li class='av-share-link av-social-link-facebook' ><a target=\"_blank\" aria-label=\"Compartir en Facebook\" href='https:\/\/www.facebook.com\/sharer.php?u=https:\/\/radiorevelacionfm.cl\/?p=31195&#038;t=Difunden%20la%20Ley%20de%20Reparaci%C3%B3n%20de%20V%C3%ADctimas%20de%20Femicidios%20y%20sus%20familias' aria-hidden='false' data-av_icon='\ue8f3' data-av_iconfont='entypo-fontello' title='' data-avia-related-tooltip='Compartir en Facebook' rel=\"noopener\"><span class='avia_hidden_link_text'>Compartir en Facebook<\/span><\/a><\/li><li class='av-share-link av-social-link-twitter' ><a target=\"_blank\" aria-label=\"Compartir en Twitter\" href='https:\/\/twitter.com\/share?text=Difunden%20la%20Ley%20de%20Reparaci%C3%B3n%20de%20V%C3%ADctimas%20de%20Femicidios%20y%20sus%20familias&#038;url=https:\/\/radiorevelacionfm.cl\/?p=31195' aria-hidden='false' data-av_icon='\ue8f1' data-av_iconfont='entypo-fontello' title='' data-avia-related-tooltip='Compartir en Twitter' rel=\"noopener\"><span class='avia_hidden_link_text'>Compartir en Twitter<\/span><\/a><\/li><li class='av-share-link av-social-link-whatsapp' ><a target=\"_blank\" aria-label=\"Compartir en Whatsapp\" href='https:\/\/api.whatsapp.com\/send?text=https:\/\/radiorevelacionfm.cl\/?p=31195' aria-hidden='false' data-av_icon='\uf232' data-av_iconfont='entypo-fontello' title='' data-avia-related-tooltip='Compartir en Whatsapp' rel=\"noopener\"><span class='avia_hidden_link_text'>Compartir en Whatsapp<\/span><\/a><\/li><li class='av-share-link av-social-link-linkedin' ><a target=\"_blank\" aria-label=\"Compartir en LinkedIn\" href='https:\/\/linkedin.com\/shareArticle?mini=true&#038;title=Difunden%20la%20Ley%20de%20Reparaci%C3%B3n%20de%20V%C3%ADctimas%20de%20Femicidios%20y%20sus%20familias&#038;url=https:\/\/radiorevelacionfm.cl\/?p=31195' aria-hidden='false' data-av_icon='\ue8fc' data-av_iconfont='entypo-fontello' title='' data-avia-related-tooltip='Compartir en LinkedIn' rel=\"noopener\"><span class='avia_hidden_link_text'>Compartir en LinkedIn<\/span><\/a><\/li><li class='av-share-link av-social-link-mail' ><a  aria-label=\"Compartir por correo\" href='mailto:?subject=Difunden%20la%20Ley%20de%20Reparaci%C3%B3n%20de%20V%C3%ADctimas%20de%20Femicidios%20y%20sus%20familias&#038;body=https:\/\/radiorevelacionfm.cl\/?p=31195' aria-hidden='false' data-av_icon='\ue805' data-av_iconfont='entypo-fontello' title='' data-avia-related-tooltip='Compartir por correo'><span class='avia_hidden_link_text'>Compartir por correo<\/span><\/a><\/li><\/ul><\/div><\/div>\n<div  style='height:50px' class='hr hr-invisible   avia-builder-el-8  el_after_av_social_share  el_before_av_comments_list '><span class='hr-inner ' ><span class='hr-inner-style'><\/span><\/span><\/div>\n<div  class='av-buildercomment  av-blog-meta-html-info-disabled av-blog-meta-tag-disabled  '><\/div>\n","protected":false},"excerpt":{"rendered":"","protected":false},"author":1,"featured_media":31196,"comment_status":"open","ping_status":"open","sticky":false,"template":"","format":"standard","meta":{"footnotes":""},"categories":[38],"tags":[],"class_list":["post-31195","post","type-post","status-publish","format-standard","has-post-thumbnail","hentry","category-regional"],"jetpack_featured_media_url":"https:\/\/radiorevelacionfm.cl\/wp-content\/uploads\/2023\/05\/dsc_0027-3-1_optimized.jpg","_links":{"self":[{"href":"https:\/\/radiorevelacionfm.cl\/index.php?rest_route=\/wp\/v2\/posts\/31195","targetHints":{"allow":["GET"]}}],"collection":[{"href":"https:\/\/radiorevelacionfm.cl\/index.php?rest_route=\/wp\/v2\/posts"}],"about":[{"href":"https:\/\/radiorevelacionfm.cl\/index.php?rest_route=\/wp\/v2\/types\/post"}],"author":[{"embeddable":true,"href":"https:\/\/radiorevelacionfm.cl\/index.php?rest_route=\/wp\/v2\/users\/1"}],"replies":[{"embeddable":true,"href":"https:\/\/radiorevelacionfm.cl\/index.php?rest_route=%2Fwp%2Fv2%2Fcomments&post=31195"}],"version-history":[{"count":2,"href":"https:\/\/radiorevelacionfm.cl\/index.php?rest_route=\/wp\/v2\/posts\/31195\/revisions"}],"predecessor-version":[{"id":31218,"href":"https:\/\/radiorevelacionfm.cl\/index.php?rest_route=\/wp\/v2\/posts\/31195\/revisions\/31218"}],"wp:featuredmedia":[{"embeddable":true,"href":"https:\/\/radiorevelacionfm.cl\/index.php?rest_route=\/wp\/v2\/media\/31196"}],"wp:attachment":[{"href":"https:\/\/radiorevelacionfm.cl\/index.php?rest_route=%2Fwp%2Fv2%2Fmedia&parent=31195"}],"wp:term":[{"taxonomy":"category","embeddable":true,"href":"https:\/\/radiorevelacionfm.cl\/index.php?rest_route=%2Fwp%2Fv2%2Fcategories&post=31195"},{"taxonomy":"post_tag","embeddable":true,"href":"https:\/\/radiorevelacionfm.cl\/index.php?rest_route=%2Fwp%2Fv2%2Ftags&post=31195"}],"curies":[{"name":"wp","href":"https:\/\/api.w.org\/{rel}","templated":true}]}}