{"id":31192,"date":"2023-05-19T22:35:38","date_gmt":"2023-05-20T01:35:38","guid":{"rendered":"https:\/\/radiorevelacionfm.cl\/?p=31192"},"modified":"2023-05-19T22:35:38","modified_gmt":"2023-05-20T01:35:38","slug":"realizan-jornada-de-inicio-con-representantes-de-comunidades-educativas-del-programa-pace-uaysen","status":"publish","type":"post","link":"https:\/\/radiorevelacionfm.cl\/?p=31192","title":{"rendered":"Realizan jornada de inicio con representantes de comunidades educativas del programa PACE UAys\u00e9n"},"content":{"rendered":"<div class=\"flex_column av_one_full  flex_column_div av-zero-column-padding first  avia-builder-el-0  el_before_av_one_full  avia-builder-el-first  \" style='border-radius:0px; '><div  class='avia-image-container  av-styling-    avia-builder-el-1  avia-builder-el-no-sibling  avia-align-center '  itemprop=\"image\" itemscope=\"itemscope\" itemtype=\"https:\/\/schema.org\/ImageObject\"  ><div class='avia-image-container-inner'><div class='avia-image-overlay-wrap'><img decoding=\"async\" class='wp-image-31193 avia-img-lazy-loading-not-31193 avia_image' src=\"https:\/\/radiorevelacionfm.cl\/wp-content\/uploads\/2023\/05\/jornada-pace-1-1_optimized-1.jpeg\" alt='' title='jornada-pace-(1)-(1)_optimized (1)' height=\"600\" width=\"1067\"  itemprop=\"thumbnailUrl\" srcset=\"https:\/\/radiorevelacionfm.cl\/wp-content\/uploads\/2023\/05\/jornada-pace-1-1_optimized-1.jpeg 1067w, https:\/\/radiorevelacionfm.cl\/wp-content\/uploads\/2023\/05\/jornada-pace-1-1_optimized-1-300x169.jpeg 300w, https:\/\/radiorevelacionfm.cl\/wp-content\/uploads\/2023\/05\/jornada-pace-1-1_optimized-1-1030x579.jpeg 1030w, https:\/\/radiorevelacionfm.cl\/wp-content\/uploads\/2023\/05\/jornada-pace-1-1_optimized-1-768x432.jpeg 768w, https:\/\/radiorevelacionfm.cl\/wp-content\/uploads\/2023\/05\/jornada-pace-1-1_optimized-1-705x396.jpeg 705w, https:\/\/radiorevelacionfm.cl\/wp-content\/uploads\/2023\/05\/jornada-pace-1-1_optimized-1-450x253.jpeg 450w, https:\/\/radiorevelacionfm.cl\/wp-content\/uploads\/2023\/05\/jornada-pace-1-1_optimized-1-600x337.jpeg 600w\" sizes=\"(max-width: 1067px) 100vw, 1067px\" \/><\/div><\/div><\/div><\/div><div class=\"flex_column av_one_full  flex_column_div av-zero-column-padding first  avia-builder-el-2  el_after_av_one_full  el_before_av_one_full  column-top-margin\" style='border-radius:0px; '><section class=\"av_textblock_section \"  itemscope=\"itemscope\" itemtype=\"https:\/\/schema.org\/BlogPosting\" itemprop=\"blogPost\" ><div class='avia_textblock  '   itemprop=\"text\" ><div>\n<p class=\"v1MsoNormal\" style=\"text-align: center;\"><span style=\"font-size: 18pt;\"><strong>Realizan jornada de inicio con representantes de comunidades educativas del programa PACE UAys\u00e9n <\/strong><\/span><\/p>\n<\/div>\n<div style=\"text-align: justify;\"><\/div>\n<div id=\"gtx-trans\" style=\"position: absolute; left: -50px; top: 4.31534px;\">\n<div class=\"gtx-trans-icon\"><\/div>\n<\/div>\n<\/div><\/section><\/div><div class=\"flex_column av_one_full  flex_column_div av-zero-column-padding first  avia-builder-el-4  el_after_av_one_full  el_before_av_hr  column-top-margin\" style='border-radius:0px; '><section class=\"av_textblock_section \"  itemscope=\"itemscope\" itemtype=\"https:\/\/schema.org\/BlogPosting\" itemprop=\"blogPost\" ><div class='avia_textblock  '   itemprop=\"text\" ><div>\n<p class=\"v1MsoNormal\" style=\"text-align: justify;\">Con la finalidad de informar a la comunidades educativas adscritas al PACE UAys\u00e9n, los principales avances y desaf\u00edos de la implementaci\u00f3n del programa en el periodo 2022 y 2023, \u00a0esta semana en las dependencias de la casa Angol de la casa de estudios se realiz\u00f3 la \u00abJornada de Inicio PACE\u00bb, instancia dirigida a representantes de las comunidades educativas con las que trabaja el programa.<\/p>\n<p class=\"v1MsoNormal\" style=\"text-align: justify;\">En la oportunidad, se analizaron acciones como el acompa\u00f1amiento a la postulaci\u00f3n 2022; el trabajo realizado respecto a la exploraci\u00f3n vocacional 2022; el reforzamiento de habilidades para el siglo XXI, una presentaci\u00f3n sobre STEM G\u00e9nero y los desaf\u00edos PACE 2023.<\/p>\n<p class=\"v1MsoNormal\" style=\"text-align: justify;\">Seg\u00fan lo informado por Gustavo Campos, coordinador Preparaci\u00f3n en la Ense\u00f1anza Media (PEM) PACE UAys\u00e9n, en la jornada participaron representantes de las siete comunidades educativas de la regi\u00f3n del PACE UAys\u00e9n. \u00abEl programa PACE es un programa del Ministerio de Educaci\u00f3n, que acompa\u00f1a establecimientos p\u00fablicos a trav\u00e9s de acciones de exploraci\u00f3n vocacional, reforzamiento de habilidades del siglo XXI y apoyo al proceso de postulaci\u00f3n y matr\u00edcula a la educaci\u00f3n superior. Estas acciones habilitan a estudiantes destacados a optar a una v\u00eda especial de ingreso a la Educaci\u00f3n Superior.\u00a0 Uno de los principales hitos del programa, es dar a conocer a las comunidades educativas, los resultados del trabajo anterior, los desaf\u00edos para el presente 2023 y la ratificaci\u00f3n del compromiso de co-construir junto a profesores y equipos de gesti\u00f3n, las distintas acciones y articulaciones que realiza el programa.<\/p>\n<p class=\"v1MsoNormal\" style=\"text-align: justify;\">Cabe se\u00f1alar que la jornada cont\u00f3 con la presencia de directores, jefes de UTP, orientadores, profesores, representantes de los DEM de Puerto Ays\u00e9n y Coyhaique, quienes participaron de la din\u00e1mica realizada por el equipo PEM; comentaron los avances y desaf\u00edos; evaluaron la jornada y posteriormente compartieron un almuerzo de camarader\u00eda.<\/p>\n<p class=\"v1MsoNormal\" style=\"text-align: justify;\">En la oportunidad, Marcos Lagos, jefe UTP del Liceo Eusebio Ibar Schepeler \u00a0de La Junta, valor\u00f3 la jornada organizada por el PACE UAys\u00e9n. \u00abBueno, esta jornada inaugural me parece un encuentro s\u00faper importante y valioso, ya que re\u00fane a las distintas comunidades educativas del programa, las que son bien diversas en todos los aspectos como el territorio, acad\u00e9micamente, etc\u00e9tera. Esta fue una instancia informativa, entretenida, reflexiva, en donde nosotros, como representantes de los colegios, podemos tambi\u00e9n llevar el mensaje y transmitirlo a nuestros funcionarios y a nuestros colegas\u00bb, se\u00f1al\u00f3 el docente.<\/p>\n<p class=\"v1MsoNormal\" style=\"text-align: justify;\">Finalmente, Freddy Moraga, jefe t\u00e9cnico del Departamento de Educaci\u00f3n Municipal (DEM) de Puerto Ays\u00e9n, tambi\u00e9n expres\u00f3 su satisfacci\u00f3n con la actividad. \u00abEs la primera vez que asisto y \u00a0me parece s\u00faper buena. Creo que debe repetirse constantemente, porque la necesidad, por lo menos de los ni\u00f1os de Ays\u00e9n, es tremenda. Hay muchas cosas que debemos de cubrir, de lo que yo\u00a0llevo hasta la fecha investigando y que al d\u00eda de hoy uno recopila como informaci\u00f3n de los equipos directivos y de los mismos alumnos, es tremendamente positivo y es grato escuchar que s\u00ed se sienten apoyados en una opci\u00f3n tan importante como estudiar algo en la educaci\u00f3n superior, as\u00ed que yo los invito a que sigamos en el mismo trabajo, enfatiz\u00f3.<\/p>\n<\/div>\n<div style=\"text-align: justify;\"><\/div>\n<\/div><\/section><\/div><div  style='height:50px' class='hr hr-invisible   avia-builder-el-6  el_after_av_one_full  el_before_av_social_share '><span class='hr-inner ' ><span class='hr-inner-style'><\/span><\/span><\/div><\/p>\n<div  class='av-social-sharing-box  avia-builder-el-7  el_after_av_hr  el_before_av_hr  '><div class='av-share-box'><h5 class='av-share-link-description av-no-toc '>Compartir esta noticia<\/h5><ul class='av-share-box-list noLightbox'><li class='av-share-link av-social-link-facebook' ><a target=\"_blank\" aria-label=\"Compartir en Facebook\" href='https:\/\/www.facebook.com\/sharer.php?u=https:\/\/radiorevelacionfm.cl\/?p=31192&#038;t=Realizan%20jornada%20de%20inicio%20con%20representantes%20de%20comunidades%20educativas%20del%20programa%20PACE%20UAys%C3%A9n' aria-hidden='false' data-av_icon='\ue8f3' data-av_iconfont='entypo-fontello' title='' data-avia-related-tooltip='Compartir en Facebook' rel=\"noopener\"><span class='avia_hidden_link_text'>Compartir en Facebook<\/span><\/a><\/li><li class='av-share-link av-social-link-twitter' ><a target=\"_blank\" aria-label=\"Compartir en Twitter\" href='https:\/\/twitter.com\/share?text=Realizan%20jornada%20de%20inicio%20con%20representantes%20de%20comunidades%20educativas%20del%20programa%20PACE%20UAys%C3%A9n&#038;url=https:\/\/radiorevelacionfm.cl\/?p=31192' aria-hidden='false' data-av_icon='\ue8f1' data-av_iconfont='entypo-fontello' title='' data-avia-related-tooltip='Compartir en Twitter' rel=\"noopener\"><span class='avia_hidden_link_text'>Compartir en Twitter<\/span><\/a><\/li><li class='av-share-link av-social-link-whatsapp' ><a target=\"_blank\" aria-label=\"Compartir en Whatsapp\" href='https:\/\/api.whatsapp.com\/send?text=https:\/\/radiorevelacionfm.cl\/?p=31192' aria-hidden='false' data-av_icon='\uf232' data-av_iconfont='entypo-fontello' title='' data-avia-related-tooltip='Compartir en Whatsapp' rel=\"noopener\"><span class='avia_hidden_link_text'>Compartir en Whatsapp<\/span><\/a><\/li><li class='av-share-link av-social-link-linkedin' ><a target=\"_blank\" aria-label=\"Compartir en LinkedIn\" href='https:\/\/linkedin.com\/shareArticle?mini=true&#038;title=Realizan%20jornada%20de%20inicio%20con%20representantes%20de%20comunidades%20educativas%20del%20programa%20PACE%20UAys%C3%A9n&#038;url=https:\/\/radiorevelacionfm.cl\/?p=31192' aria-hidden='false' data-av_icon='\ue8fc' data-av_iconfont='entypo-fontello' title='' data-avia-related-tooltip='Compartir en LinkedIn' rel=\"noopener\"><span class='avia_hidden_link_text'>Compartir en LinkedIn<\/span><\/a><\/li><li class='av-share-link av-social-link-mail' ><a  aria-label=\"Compartir por correo\" href='mailto:?subject=Realizan%20jornada%20de%20inicio%20con%20representantes%20de%20comunidades%20educativas%20del%20programa%20PACE%20UAys%C3%A9n&#038;body=https:\/\/radiorevelacionfm.cl\/?p=31192' aria-hidden='false' data-av_icon='\ue805' data-av_iconfont='entypo-fontello' title='' data-avia-related-tooltip='Compartir por correo'><span class='avia_hidden_link_text'>Compartir por correo<\/span><\/a><\/li><\/ul><\/div><\/div>\n<div  style='height:50px' class='hr hr-invisible   avia-builder-el-8  el_after_av_social_share  el_before_av_comments_list '><span class='hr-inner ' ><span class='hr-inner-style'><\/span><\/span><\/div>\n<div  class='av-buildercomment  av-blog-meta-html-info-disabled av-blog-meta-tag-disabled  '><\/div>\n","protected":false},"excerpt":{"rendered":"","protected":false},"author":1,"featured_media":31193,"comment_status":"open","ping_status":"open","sticky":false,"template":"","format":"standard","meta":{"footnotes":""},"categories":[49],"tags":[],"class_list":["post-31192","post","type-post","status-publish","format-standard","has-post-thumbnail","hentry","category-educacion"],"jetpack_featured_media_url":"https:\/\/radiorevelacionfm.cl\/wp-content\/uploads\/2023\/05\/jornada-pace-1-1_optimized-1.jpeg","_links":{"self":[{"href":"https:\/\/radiorevelacionfm.cl\/index.php?rest_route=\/wp\/v2\/posts\/31192","targetHints":{"allow":["GET"]}}],"collection":[{"href":"https:\/\/radiorevelacionfm.cl\/index.php?rest_route=\/wp\/v2\/posts"}],"about":[{"href":"https:\/\/radiorevelacionfm.cl\/index.php?rest_route=\/wp\/v2\/types\/post"}],"author":[{"embeddable":true,"href":"https:\/\/radiorevelacionfm.cl\/index.php?rest_route=\/wp\/v2\/users\/1"}],"replies":[{"embeddable":true,"href":"https:\/\/radiorevelacionfm.cl\/index.php?rest_route=%2Fwp%2Fv2%2Fcomments&post=31192"}],"version-history":[{"count":1,"href":"https:\/\/radiorevelacionfm.cl\/index.php?rest_route=\/wp\/v2\/posts\/31192\/revisions"}],"predecessor-version":[{"id":31194,"href":"https:\/\/radiorevelacionfm.cl\/index.php?rest_route=\/wp\/v2\/posts\/31192\/revisions\/31194"}],"wp:featuredmedia":[{"embeddable":true,"href":"https:\/\/radiorevelacionfm.cl\/index.php?rest_route=\/wp\/v2\/media\/31193"}],"wp:attachment":[{"href":"https:\/\/radiorevelacionfm.cl\/index.php?rest_route=%2Fwp%2Fv2%2Fmedia&parent=31192"}],"wp:term":[{"taxonomy":"category","embeddable":true,"href":"https:\/\/radiorevelacionfm.cl\/index.php?rest_route=%2Fwp%2Fv2%2Fcategories&post=31192"},{"taxonomy":"post_tag","embeddable":true,"href":"https:\/\/radiorevelacionfm.cl\/index.php?rest_route=%2Fwp%2Fv2%2Ftags&post=31192"}],"curies":[{"name":"wp","href":"https:\/\/api.w.org\/{rel}","templated":true}]}}