{"id":31186,"date":"2023-05-19T17:41:56","date_gmt":"2023-05-19T20:41:56","guid":{"rendered":"https:\/\/radiorevelacionfm.cl\/?p=31186"},"modified":"2023-05-19T17:41:56","modified_gmt":"2023-05-19T20:41:56","slug":"grupo-transversal-de-parlamentarios-piden-que-se-elimine-la-tarifa-electrica-de-invierno","status":"publish","type":"post","link":"https:\/\/radiorevelacionfm.cl\/?p=31186","title":{"rendered":"Grupo transversal de parlamentarios piden que se elimine la tarifa el\u00e9ctrica de invierno"},"content":{"rendered":"<div class=\"flex_column av_one_full  flex_column_div av-zero-column-padding first  avia-builder-el-0  el_before_av_one_full  avia-builder-el-first  \" style='border-radius:0px; '><div  class='avia-image-container  av-styling-    avia-builder-el-1  avia-builder-el-no-sibling  avia-align-center '  itemprop=\"image\" itemscope=\"itemscope\" itemtype=\"https:\/\/schema.org\/ImageObject\"  ><div class='avia-image-container-inner'><div class='avia-image-overlay-wrap'><img decoding=\"async\" class='wp-image-31187 avia-img-lazy-loading-not-31187 avia_image' src=\"https:\/\/radiorevelacionfm.cl\/wp-content\/uploads\/2023\/05\/foto-tarifa-invierno-1-1.jpeg\" alt='' title='foto tarifa invierno (1) (1)' height=\"600\" width=\"774\"  itemprop=\"thumbnailUrl\" srcset=\"https:\/\/radiorevelacionfm.cl\/wp-content\/uploads\/2023\/05\/foto-tarifa-invierno-1-1.jpeg 774w, https:\/\/radiorevelacionfm.cl\/wp-content\/uploads\/2023\/05\/foto-tarifa-invierno-1-1-300x233.jpeg 300w, https:\/\/radiorevelacionfm.cl\/wp-content\/uploads\/2023\/05\/foto-tarifa-invierno-1-1-768x595.jpeg 768w, https:\/\/radiorevelacionfm.cl\/wp-content\/uploads\/2023\/05\/foto-tarifa-invierno-1-1-705x547.jpeg 705w, https:\/\/radiorevelacionfm.cl\/wp-content\/uploads\/2023\/05\/foto-tarifa-invierno-1-1-450x349.jpeg 450w, https:\/\/radiorevelacionfm.cl\/wp-content\/uploads\/2023\/05\/foto-tarifa-invierno-1-1-600x465.jpeg 600w\" sizes=\"(max-width: 774px) 100vw, 774px\" \/><\/div><\/div><\/div><\/div><div class=\"flex_column av_one_full  flex_column_div av-zero-column-padding first  avia-builder-el-2  el_after_av_one_full  el_before_av_one_full  column-top-margin\" style='border-radius:0px; '><section class=\"av_textblock_section \"  itemscope=\"itemscope\" itemtype=\"https:\/\/schema.org\/BlogPosting\" itemprop=\"blogPost\" ><div class='avia_textblock  '   itemprop=\"text\" ><p style=\"text-align: center;\"><strong><span style=\"font-size: 18pt;\">Grupo transversal de parlamentarios piden que se elimine la tarifa el\u00e9ctrica de invierno<\/span><\/strong><\/p>\n<div id=\"gtx-trans\" style=\"position: absolute; left: -50px; top: 4.31534px;\">\n<div class=\"gtx-trans-icon\"><\/div>\n<\/div>\n<\/div><\/section><\/div><div class=\"flex_column av_one_full  flex_column_div av-zero-column-padding first  avia-builder-el-4  el_after_av_one_full  el_before_av_hr  column-top-margin\" style='border-radius:0px; '><section class=\"av_textblock_section \"  itemscope=\"itemscope\" itemtype=\"https:\/\/schema.org\/BlogPosting\" itemprop=\"blogPost\" ><div class='avia_textblock  '   itemprop=\"text\" ><p style=\"font-weight: 400; text-align: justify;\">Cuando ya est\u00e1n comenzando a sentirse las bajas temperaturas en la regi\u00f3n de Ays\u00e9n, el diputado Miguel \u00c1ngel Calisto junto a un grupo transversal de diputados, instaron al Gobierno a patrocinar los proyectos que establecen el fin de la tarifa de invierno, resaltando adem\u00e1s los altos costos de energ\u00eda que pagan los ayseninos.<\/p>\n<p style=\"font-weight: 400; text-align: justify;\">El legislador ya ha presentado proyectos que van en la l\u00ednea de disminuir los altos costos que pagan los ayseninos en el electricidad, c\u00f3mo el que establece una tarifa \u00fanica nacional, el que permitir\u00eda aliviar el bolsillo a las familias de la regi\u00f3n.<\/p>\n<p style=\"font-weight: 400; text-align: justify;\">Seg\u00fan el diputado Calisto, \u201ccuando tenemos monopolios tan fuertes, con tanta seguridad econ\u00f3mica para el futuro, es el Estado el que tiene la obligaci\u00f3n de regular. Sobre todo, es importante regular para eliminar la tarifa de invierno que perjudica claramente a los m\u00e1s pobres. Cuando subimos los precios a la clase media, a los emprendedores y a las pymes, el costo lo terminan pagando las familias m\u00e1s pobres de Chile\u201d.<\/p>\n<p style=\"font-weight: 400; text-align: justify;\">\u201cEn el caso de las zonas extremas el panorama es aun peor. En la zona central \u00a0se paga $110 o $120 pesos el kilowatt hora, en regiones como Ays\u00e9n, hay localidades que pagan entre $360 a $420 el kilowatt hora. Incluso, en Ra\u00fal Mar\u00edn Balmaceda debemos tener el costo m\u00e1s caro de Chile. Esto es una tremenda inequidad\u201d, indic\u00f3.<\/p>\n<p style=\"font-weight: 400; text-align: justify;\">Finalmente, el legislador se\u00f1al\u00f3 que \u201ccuando tenemos a estas empresas, que son monopolio y tienen asegurado el negocio, el Estado tiene un rol importante que cumplir en la regulaci\u00f3n. Por eso, pedimos que se termine la tarifa de invierno, que tanto afecta al bolsillo de las chilenas y chilenos\u201d.<\/p>\n<\/div><\/section><\/div><div  style='height:50px' class='hr hr-invisible   avia-builder-el-6  el_after_av_one_full  el_before_av_social_share '><span class='hr-inner ' ><span class='hr-inner-style'><\/span><\/span><\/div><\/p>\n<div  class='av-social-sharing-box  avia-builder-el-7  el_after_av_hr  el_before_av_hr  '><div class='av-share-box'><h5 class='av-share-link-description av-no-toc '>Compartir esta noticia<\/h5><ul class='av-share-box-list noLightbox'><li class='av-share-link av-social-link-facebook' ><a target=\"_blank\" aria-label=\"Compartir en Facebook\" href='https:\/\/www.facebook.com\/sharer.php?u=https:\/\/radiorevelacionfm.cl\/?p=31186&#038;t=Grupo%20transversal%20de%20parlamentarios%20piden%20que%20se%20elimine%20la%20tarifa%20el%C3%A9ctrica%20de%20invierno' aria-hidden='false' data-av_icon='\ue8f3' data-av_iconfont='entypo-fontello' title='' data-avia-related-tooltip='Compartir en Facebook' rel=\"noopener\"><span class='avia_hidden_link_text'>Compartir en Facebook<\/span><\/a><\/li><li class='av-share-link av-social-link-twitter' ><a target=\"_blank\" aria-label=\"Compartir en Twitter\" href='https:\/\/twitter.com\/share?text=Grupo%20transversal%20de%20parlamentarios%20piden%20que%20se%20elimine%20la%20tarifa%20el%C3%A9ctrica%20de%20invierno&#038;url=https:\/\/radiorevelacionfm.cl\/?p=31186' aria-hidden='false' data-av_icon='\ue8f1' data-av_iconfont='entypo-fontello' title='' data-avia-related-tooltip='Compartir en Twitter' rel=\"noopener\"><span class='avia_hidden_link_text'>Compartir en Twitter<\/span><\/a><\/li><li class='av-share-link av-social-link-whatsapp' ><a target=\"_blank\" aria-label=\"Compartir en Whatsapp\" href='https:\/\/api.whatsapp.com\/send?text=https:\/\/radiorevelacionfm.cl\/?p=31186' aria-hidden='false' data-av_icon='\uf232' data-av_iconfont='entypo-fontello' title='' data-avia-related-tooltip='Compartir en Whatsapp' rel=\"noopener\"><span class='avia_hidden_link_text'>Compartir en Whatsapp<\/span><\/a><\/li><li class='av-share-link av-social-link-linkedin' ><a target=\"_blank\" aria-label=\"Compartir en LinkedIn\" href='https:\/\/linkedin.com\/shareArticle?mini=true&#038;title=Grupo%20transversal%20de%20parlamentarios%20piden%20que%20se%20elimine%20la%20tarifa%20el%C3%A9ctrica%20de%20invierno&#038;url=https:\/\/radiorevelacionfm.cl\/?p=31186' aria-hidden='false' data-av_icon='\ue8fc' data-av_iconfont='entypo-fontello' title='' data-avia-related-tooltip='Compartir en LinkedIn' rel=\"noopener\"><span class='avia_hidden_link_text'>Compartir en LinkedIn<\/span><\/a><\/li><li class='av-share-link av-social-link-mail' ><a  aria-label=\"Compartir por correo\" href='mailto:?subject=Grupo%20transversal%20de%20parlamentarios%20piden%20que%20se%20elimine%20la%20tarifa%20el%C3%A9ctrica%20de%20invierno&#038;body=https:\/\/radiorevelacionfm.cl\/?p=31186' aria-hidden='false' data-av_icon='\ue805' data-av_iconfont='entypo-fontello' title='' data-avia-related-tooltip='Compartir por correo'><span class='avia_hidden_link_text'>Compartir por correo<\/span><\/a><\/li><\/ul><\/div><\/div>\n<div  style='height:50px' class='hr hr-invisible   avia-builder-el-8  el_after_av_social_share  el_before_av_comments_list '><span class='hr-inner ' ><span class='hr-inner-style'><\/span><\/span><\/div>\n<div  class='av-buildercomment  av-blog-meta-html-info-disabled av-blog-meta-tag-disabled  '><\/div>\n","protected":false},"excerpt":{"rendered":"","protected":false},"author":1,"featured_media":31187,"comment_status":"open","ping_status":"open","sticky":false,"template":"","format":"standard","meta":{"footnotes":""},"categories":[35],"tags":[],"class_list":["post-31186","post","type-post","status-publish","format-standard","has-post-thumbnail","hentry","category-politica"],"jetpack_featured_media_url":"https:\/\/radiorevelacionfm.cl\/wp-content\/uploads\/2023\/05\/foto-tarifa-invierno-1-1.jpeg","_links":{"self":[{"href":"https:\/\/radiorevelacionfm.cl\/index.php?rest_route=\/wp\/v2\/posts\/31186","targetHints":{"allow":["GET"]}}],"collection":[{"href":"https:\/\/radiorevelacionfm.cl\/index.php?rest_route=\/wp\/v2\/posts"}],"about":[{"href":"https:\/\/radiorevelacionfm.cl\/index.php?rest_route=\/wp\/v2\/types\/post"}],"author":[{"embeddable":true,"href":"https:\/\/radiorevelacionfm.cl\/index.php?rest_route=\/wp\/v2\/users\/1"}],"replies":[{"embeddable":true,"href":"https:\/\/radiorevelacionfm.cl\/index.php?rest_route=%2Fwp%2Fv2%2Fcomments&post=31186"}],"version-history":[{"count":1,"href":"https:\/\/radiorevelacionfm.cl\/index.php?rest_route=\/wp\/v2\/posts\/31186\/revisions"}],"predecessor-version":[{"id":31188,"href":"https:\/\/radiorevelacionfm.cl\/index.php?rest_route=\/wp\/v2\/posts\/31186\/revisions\/31188"}],"wp:featuredmedia":[{"embeddable":true,"href":"https:\/\/radiorevelacionfm.cl\/index.php?rest_route=\/wp\/v2\/media\/31187"}],"wp:attachment":[{"href":"https:\/\/radiorevelacionfm.cl\/index.php?rest_route=%2Fwp%2Fv2%2Fmedia&parent=31186"}],"wp:term":[{"taxonomy":"category","embeddable":true,"href":"https:\/\/radiorevelacionfm.cl\/index.php?rest_route=%2Fwp%2Fv2%2Fcategories&post=31186"},{"taxonomy":"post_tag","embeddable":true,"href":"https:\/\/radiorevelacionfm.cl\/index.php?rest_route=%2Fwp%2Fv2%2Ftags&post=31186"}],"curies":[{"name":"wp","href":"https:\/\/api.w.org\/{rel}","templated":true}]}}