{"id":31183,"date":"2023-05-19T16:30:14","date_gmt":"2023-05-19T19:30:14","guid":{"rendered":"https:\/\/radiorevelacionfm.cl\/?p=31183"},"modified":"2023-05-19T16:37:16","modified_gmt":"2023-05-19T19:37:16","slug":"alcalde-roncagliolo-cuestiona-negociacion-de-zonas-contiguas-que-afectarian-a-la-comuna-de-cisnes","status":"publish","type":"post","link":"https:\/\/radiorevelacionfm.cl\/?p=31183","title":{"rendered":"Alcalde Roncagliolo cuestiona negociaci\u00f3n de zonas contiguas que afectar\u00edan a la comuna de Cisnes"},"content":{"rendered":"<div class=\"flex_column av_one_full  flex_column_div av-zero-column-padding first  avia-builder-el-0  el_before_av_one_full  avia-builder-el-first  \" style='border-radius:0px; '><div  class='avia-image-container  av-styling-    avia-builder-el-1  avia-builder-el-no-sibling  avia-align-center '  itemprop=\"image\" itemscope=\"itemscope\" itemtype=\"https:\/\/schema.org\/ImageObject\"  ><div class='avia-image-container-inner'><div class='avia-image-overlay-wrap'><img decoding=\"async\" class='wp-image-31190 avia-img-lazy-loading-not-31190 avia_image' src=\"https:\/\/radiorevelacionfm.cl\/wp-content\/uploads\/2023\/05\/2_puerto_cisnes-1_optimized-1.jpg\" alt='' title='2_puerto_cisnes-(1)_optimized (1)' height=\"600\" width=\"800\"  itemprop=\"thumbnailUrl\" srcset=\"https:\/\/radiorevelacionfm.cl\/wp-content\/uploads\/2023\/05\/2_puerto_cisnes-1_optimized-1.jpg 800w, https:\/\/radiorevelacionfm.cl\/wp-content\/uploads\/2023\/05\/2_puerto_cisnes-1_optimized-1-300x225.jpg 300w, https:\/\/radiorevelacionfm.cl\/wp-content\/uploads\/2023\/05\/2_puerto_cisnes-1_optimized-1-768x576.jpg 768w, https:\/\/radiorevelacionfm.cl\/wp-content\/uploads\/2023\/05\/2_puerto_cisnes-1_optimized-1-705x529.jpg 705w, https:\/\/radiorevelacionfm.cl\/wp-content\/uploads\/2023\/05\/2_puerto_cisnes-1_optimized-1-450x338.jpg 450w, https:\/\/radiorevelacionfm.cl\/wp-content\/uploads\/2023\/05\/2_puerto_cisnes-1_optimized-1-600x450.jpg 600w\" sizes=\"(max-width: 800px) 100vw, 800px\" \/><\/div><\/div><\/div><\/div><div class=\"flex_column av_one_full  flex_column_div av-zero-column-padding first  avia-builder-el-2  el_after_av_one_full  el_before_av_one_full  column-top-margin\" style='border-radius:0px; '><section class=\"av_textblock_section \"  itemscope=\"itemscope\" itemtype=\"https:\/\/schema.org\/BlogPosting\" itemprop=\"blogPost\" ><div class='avia_textblock  '   itemprop=\"text\" ><p style=\"text-align: center;\"><strong><span style=\"font-size: 18pt;\">Alcalde Roncagliolo cuestiona negociaci\u00f3n de zonas contiguas que afectar\u00edan a la comuna de Cisnes<\/span><\/strong><\/p>\n<div id=\"gtx-trans\" style=\"position: absolute; left: -50px; top: 4.31534px;\">\n<div class=\"gtx-trans-icon\"><\/div>\n<\/div>\n<\/div><\/section><\/div><\/p>\n<div class=\"flex_column av_one_full  flex_column_div av-zero-column-padding first  avia-builder-el-4  el_after_av_one_full  el_before_av_hr  column-top-margin\" style='border-radius:0px; '><section class=\"av_textblock_section \"  itemscope=\"itemscope\" itemtype=\"https:\/\/schema.org\/BlogPosting\" itemprop=\"blogPost\" ><div class='avia_textblock  '   itemprop=\"text\" ><p style=\"text-align: justify;\">Declaraci\u00f3n p\u00fablica del Alcalde de la comuna de Cisnes, Francisco Roncagliolo, en relaci\u00f3n a zonas contiguas 2023.<\/p>\n<p style=\"text-align: justify;\">Considerando:<\/p>\n<ol style=\"text-align: justify;\">\n<li>El Acta de Acuerdo sobre Zonas Contiguas de fecha 11 de mayo del 2023, realizada en Quell\u00f3n.<\/li>\n<li>Que en dicha reuni\u00f3n estuvieron solo presentes, desde la Regi\u00f3n de Ays\u00e9n, representantes de la pesca artesanal de la Comuna de Guaitecas.<\/li>\n<li>Que se encontraba presente un representante del Gobierno Regional de Ays\u00e9n, quien firmo dicha acta de acuerdo.<\/li>\n<li>Que los representantes de Guaitecas y del Gobierno Regional de Ays\u00e9n presentes en el acuerdo, reconocen los recursos <strong>erizo, luga roja y almeja como productos negociables<\/strong> presentes en el maritorio de nuestra regi\u00f3n.<\/li>\n<li>Que los representantes de Guaitecas y del Gobierno Regional de Ays\u00e9n, al firmar el documento, <strong>estar\u00edan de acuerdo en transar, <\/strong>con los representantes de la Regi\u00f3n de Los Lagos,<strong> la explotaci\u00f3n del territorio mar\u00edtimo de las comunas de Guaitecas, Cisnes y Ays\u00e9n<\/strong>.<\/li>\n<\/ol>\n<p style=\"text-align: justify;\">Por lo anterior, expresamos que:<\/p>\n<ol style=\"text-align: justify;\">\n<li>Como comuna de Cisnes respetamos la intenci\u00f3n de b\u00fasqueda de posibles soluciones que pudiera tener la flota pesquera de la Comuna de Guaitecas y de la Regi\u00f3n de los Lagos en la negociaci\u00f3n de Zonas Contiguas, ante la inacci\u00f3n del gobierno de turno, entendiendo que buscan llevar el pan a su mesa. <strong>Pero lo respetamos si solo se suscribe su negociaci\u00f3n dentro del territorio mar\u00edtimo claramente delimitado por los l\u00edmites administrativos, por todos conocidos, de la Comuna de Guaitecas.<\/strong><\/li>\n<li>La Comuna de Cisnes lamenta profundamente que se venda el uso de nuestro territorio mar\u00edtimo comunal sin siquiera haber realizado un acercamiento o trabajo de participaci\u00f3n con nuestra gente como se hizo en Guaitecas.<\/li>\n<li>Es lamentable, que la subsecretar\u00eda de pesca, en representaci\u00f3n del Gobierno, se preste para este tipo de actuaciones m\u00e1s a\u00fan si no ha cumplido con el acuerdo anterior y menos si no cuenta con los recursos que permitan mejorar en un mil\u00edmetro la capacidad fiscalizadora y de protecci\u00f3n de los recursos de nuestra Regi\u00f3n.<\/li>\n<li>Hoy, el concepto y discurso de <strong>\u201cRegionalizaci\u00f3n de los Recursos\u201d<\/strong> ha sido deslegitimado y casi vendido en dos mil millones de pesos pagable en dos a\u00f1os.<\/li>\n<\/ol>\n<p style=\"text-align: justify;\">Por lo anterior, solicitamos:<\/p>\n<ol style=\"text-align: justify;\">\n<li>Que el acuerdo y su propuesta de pol\u00edgono, si buscan persistir en el mismo tenor y forma poco participativa, se suscriba dentro de los l\u00edmites administrativos de la Comuna de Guaitecas.<\/li>\n<li>Si persiste el inter\u00e9s del Gobierno Regional de Ays\u00e9n en apoyar este poco participativo y desesperado acuerdo, en este primer comunicado, solicitamos una propuesta de compensaci\u00f3n con recursos frescos para ser discutida en la Comuna de Cisnes.<\/li>\n<li>Esta dem\u00e1s decir que la validaci\u00f3n de este acuerdo abre la puerta a la extracci\u00f3n legal, pero tambi\u00e9n ilegal generando los perjuicios por a\u00f1os conocido en nuestra comuna que representa alrededor del 60% del sector pesquero artesanal inscrito de nuestra Regi\u00f3n. Este perjuicio conocido ha levantado siempre lastimeros discursos pol\u00edticos sobre lo importante que es la Regi\u00f3n y que la cuidemos.<\/li>\n<li>La Comuna de Cisnes es amiga del dialogo, as\u00ed lo ha demostrado en el tiempo con los distintos actores regionales y nacionales, pensando siempre en el beneficio de nuestra comunidad.<\/li>\n<\/ol>\n<p style=\"text-align: justify;\">Por eso llama la atenci\u00f3n que hoy no se le considere para discutir un tema tan trascendental como es la extracci\u00f3n de recursos bent\u00f3nicos desde su maritorio sin ninguna validaci\u00f3n, compensaci\u00f3n ni retribuci\u00f3n perjudicando los intereses de nuestra flota comunal.<\/p>\n<ol style=\"text-align: justify;\">\n<li>A\u00fan hay tiempo para enmendar el rumbo y nuestra comuna espera que las autoridades tanto regionales como nacionales tengan a bien considerar lo aqu\u00ed expuesto desplegando todas las instancias de di\u00e1logo correspondientes incluido el postergar la votaci\u00f3n del poco representativo acuerdo.<\/li>\n<\/ol>\n<\/div><\/section><\/div>\n<div  style='height:50px' class='hr hr-invisible   avia-builder-el-6  el_after_av_one_full  el_before_av_social_share '><span class='hr-inner ' ><span class='hr-inner-style'><\/span><\/span><\/div>\n<div  class='av-social-sharing-box  avia-builder-el-7  el_after_av_hr  el_before_av_hr  '><div class='av-share-box'><h5 class='av-share-link-description av-no-toc '>Compartir esta noticia<\/h5><ul class='av-share-box-list noLightbox'><li class='av-share-link av-social-link-facebook' ><a target=\"_blank\" aria-label=\"Compartir en Facebook\" href='https:\/\/www.facebook.com\/sharer.php?u=https:\/\/radiorevelacionfm.cl\/?p=31183&#038;t=Alcalde%20Roncagliolo%20cuestiona%20negociaci%C3%B3n%20de%20zonas%20contiguas%20que%20afectar%C3%ADan%20a%20la%20comuna%20de%20Cisnes' aria-hidden='false' data-av_icon='\ue8f3' data-av_iconfont='entypo-fontello' title='' data-avia-related-tooltip='Compartir en Facebook' rel=\"noopener\"><span class='avia_hidden_link_text'>Compartir en Facebook<\/span><\/a><\/li><li class='av-share-link av-social-link-twitter' ><a target=\"_blank\" aria-label=\"Compartir en Twitter\" href='https:\/\/twitter.com\/share?text=Alcalde%20Roncagliolo%20cuestiona%20negociaci%C3%B3n%20de%20zonas%20contiguas%20que%20afectar%C3%ADan%20a%20la%20comuna%20de%20Cisnes&#038;url=https:\/\/radiorevelacionfm.cl\/?p=31183' aria-hidden='false' data-av_icon='\ue8f1' data-av_iconfont='entypo-fontello' title='' data-avia-related-tooltip='Compartir en Twitter' rel=\"noopener\"><span class='avia_hidden_link_text'>Compartir en Twitter<\/span><\/a><\/li><li class='av-share-link av-social-link-whatsapp' ><a target=\"_blank\" aria-label=\"Compartir en Whatsapp\" href='https:\/\/api.whatsapp.com\/send?text=https:\/\/radiorevelacionfm.cl\/?p=31183' aria-hidden='false' data-av_icon='\uf232' data-av_iconfont='entypo-fontello' title='' data-avia-related-tooltip='Compartir en Whatsapp' rel=\"noopener\"><span class='avia_hidden_link_text'>Compartir en Whatsapp<\/span><\/a><\/li><li class='av-share-link av-social-link-linkedin' ><a target=\"_blank\" aria-label=\"Compartir en LinkedIn\" href='https:\/\/linkedin.com\/shareArticle?mini=true&#038;title=Alcalde%20Roncagliolo%20cuestiona%20negociaci%C3%B3n%20de%20zonas%20contiguas%20que%20afectar%C3%ADan%20a%20la%20comuna%20de%20Cisnes&#038;url=https:\/\/radiorevelacionfm.cl\/?p=31183' aria-hidden='false' data-av_icon='\ue8fc' data-av_iconfont='entypo-fontello' title='' data-avia-related-tooltip='Compartir en LinkedIn' rel=\"noopener\"><span class='avia_hidden_link_text'>Compartir en LinkedIn<\/span><\/a><\/li><li class='av-share-link av-social-link-mail' ><a  aria-label=\"Compartir por correo\" href='mailto:?subject=Alcalde%20Roncagliolo%20cuestiona%20negociaci%C3%B3n%20de%20zonas%20contiguas%20que%20afectar%C3%ADan%20a%20la%20comuna%20de%20Cisnes&#038;body=https:\/\/radiorevelacionfm.cl\/?p=31183' aria-hidden='false' data-av_icon='\ue805' data-av_iconfont='entypo-fontello' title='' data-avia-related-tooltip='Compartir por correo'><span class='avia_hidden_link_text'>Compartir por correo<\/span><\/a><\/li><\/ul><\/div><\/div>\n<div  style='height:50px' class='hr hr-invisible   avia-builder-el-8  el_after_av_social_share  el_before_av_comments_list '><span class='hr-inner ' ><span class='hr-inner-style'><\/span><\/span><\/div>\n<div  class='av-buildercomment  av-blog-meta-html-info-disabled av-blog-meta-tag-disabled  '><\/div>\n","protected":false},"excerpt":{"rendered":"","protected":false},"author":1,"featured_media":31190,"comment_status":"open","ping_status":"open","sticky":false,"template":"","format":"standard","meta":{"footnotes":""},"categories":[60],"tags":[],"class_list":["post-31183","post","type-post","status-publish","format-standard","has-post-thumbnail","hentry","category-pesca"],"jetpack_featured_media_url":"https:\/\/radiorevelacionfm.cl\/wp-content\/uploads\/2023\/05\/2_puerto_cisnes-1_optimized-1.jpg","_links":{"self":[{"href":"https:\/\/radiorevelacionfm.cl\/index.php?rest_route=\/wp\/v2\/posts\/31183","targetHints":{"allow":["GET"]}}],"collection":[{"href":"https:\/\/radiorevelacionfm.cl\/index.php?rest_route=\/wp\/v2\/posts"}],"about":[{"href":"https:\/\/radiorevelacionfm.cl\/index.php?rest_route=\/wp\/v2\/types\/post"}],"author":[{"embeddable":true,"href":"https:\/\/radiorevelacionfm.cl\/index.php?rest_route=\/wp\/v2\/users\/1"}],"replies":[{"embeddable":true,"href":"https:\/\/radiorevelacionfm.cl\/index.php?rest_route=%2Fwp%2Fv2%2Fcomments&post=31183"}],"version-history":[{"count":3,"href":"https:\/\/radiorevelacionfm.cl\/index.php?rest_route=\/wp\/v2\/posts\/31183\/revisions"}],"predecessor-version":[{"id":31191,"href":"https:\/\/radiorevelacionfm.cl\/index.php?rest_route=\/wp\/v2\/posts\/31183\/revisions\/31191"}],"wp:featuredmedia":[{"embeddable":true,"href":"https:\/\/radiorevelacionfm.cl\/index.php?rest_route=\/wp\/v2\/media\/31190"}],"wp:attachment":[{"href":"https:\/\/radiorevelacionfm.cl\/index.php?rest_route=%2Fwp%2Fv2%2Fmedia&parent=31183"}],"wp:term":[{"taxonomy":"category","embeddable":true,"href":"https:\/\/radiorevelacionfm.cl\/index.php?rest_route=%2Fwp%2Fv2%2Fcategories&post=31183"},{"taxonomy":"post_tag","embeddable":true,"href":"https:\/\/radiorevelacionfm.cl\/index.php?rest_route=%2Fwp%2Fv2%2Ftags&post=31183"}],"curies":[{"name":"wp","href":"https:\/\/api.w.org\/{rel}","templated":true}]}}