{"id":31177,"date":"2023-05-19T14:27:52","date_gmt":"2023-05-19T17:27:52","guid":{"rendered":"https:\/\/radiorevelacionfm.cl\/?p=31177"},"modified":"2023-05-19T14:27:52","modified_gmt":"2023-05-19T17:27:52","slug":"refuerzan-llamado-a-la-prevencion-de-accidentes-en-epoca-invernal","status":"publish","type":"post","link":"https:\/\/radiorevelacionfm.cl\/?p=31177","title":{"rendered":"Refuerzan llamado a la prevenci\u00f3n de accidentes en \u00e9poca invernal"},"content":{"rendered":"<div class=\"flex_column av_one_full  flex_column_div av-zero-column-padding first  avia-builder-el-0  el_before_av_one_full  avia-builder-el-first  \" style='border-radius:0px; '><div  class='avia-image-container  av-styling-    avia-builder-el-1  avia-builder-el-no-sibling  avia-align-center '  itemprop=\"image\" itemscope=\"itemscope\" itemtype=\"https:\/\/schema.org\/ImageObject\"  ><div class='avia-image-container-inner'><div class='avia-image-overlay-wrap'><img decoding=\"async\" class='wp-image-31178 avia-img-lazy-loading-not-31178 avia_image' src=\"https:\/\/radiorevelacionfm.cl\/wp-content\/uploads\/2023\/05\/semana-de-la-seguridad-vial-16-1_optimized-1.jpg\" alt='' title='semana-de-la-seguridad-vial-(16)-(1)_optimized (1)' height=\"600\" width=\"800\"  itemprop=\"thumbnailUrl\" srcset=\"https:\/\/radiorevelacionfm.cl\/wp-content\/uploads\/2023\/05\/semana-de-la-seguridad-vial-16-1_optimized-1.jpg 800w, https:\/\/radiorevelacionfm.cl\/wp-content\/uploads\/2023\/05\/semana-de-la-seguridad-vial-16-1_optimized-1-300x225.jpg 300w, https:\/\/radiorevelacionfm.cl\/wp-content\/uploads\/2023\/05\/semana-de-la-seguridad-vial-16-1_optimized-1-768x576.jpg 768w, https:\/\/radiorevelacionfm.cl\/wp-content\/uploads\/2023\/05\/semana-de-la-seguridad-vial-16-1_optimized-1-705x529.jpg 705w, https:\/\/radiorevelacionfm.cl\/wp-content\/uploads\/2023\/05\/semana-de-la-seguridad-vial-16-1_optimized-1-450x338.jpg 450w, https:\/\/radiorevelacionfm.cl\/wp-content\/uploads\/2023\/05\/semana-de-la-seguridad-vial-16-1_optimized-1-600x450.jpg 600w\" sizes=\"(max-width: 800px) 100vw, 800px\" \/><\/div><\/div><\/div><\/div><div class=\"flex_column av_one_full  flex_column_div av-zero-column-padding first  avia-builder-el-2  el_after_av_one_full  el_before_av_one_full  column-top-margin\" style='border-radius:0px; '><section class=\"av_textblock_section \"  itemscope=\"itemscope\" itemtype=\"https:\/\/schema.org\/BlogPosting\" itemprop=\"blogPost\" ><div class='avia_textblock  '   itemprop=\"text\" ><p style=\"text-align: center;\"><strong><span style=\"font-size: 18pt;\">Refuerzan llamado a la prevenci\u00f3n de accidentes en \u00e9poca invernal<\/span><\/strong><\/p>\n<div id=\"gtx-trans\" style=\"position: absolute; left: -50px; top: 4.31534px;\">\n<div class=\"gtx-trans-icon\"><\/div>\n<\/div>\n<\/div><\/section><\/div><div class=\"flex_column av_one_full  flex_column_div av-zero-column-padding first  avia-builder-el-4  el_after_av_one_full  el_before_av_hr  column-top-margin\" style='border-radius:0px; '><section class=\"av_textblock_section \"  itemscope=\"itemscope\" itemtype=\"https:\/\/schema.org\/BlogPosting\" itemprop=\"blogPost\" ><div class='avia_textblock  '   itemprop=\"text\" ><p style=\"font-weight: 400; text-align: justify;\">En el contexto de la Semana de Seguridad Vial, efem\u00e9ride instaurada por las Naciones Unidas y la Organizaci\u00f3n Mundial de la Salud, con la finalidad de concientizar sobre la convivencia de distintos modos de transporte y los peligros del exceso de velocidad, la Comisi\u00f3n Regional de Seguridad de Tr\u00e1nsito (CORESET), realiz\u00f3 un hito para destacar h\u00e1bitos preventivos para conductores y ciclistas. Adem\u00e1s se puso especial \u00e9nfasis en aplicar precauciones especiales ante las condiciones clim\u00e1ticas de esta temporada.<\/p>\n<p style=\"font-weight: 400; text-align: justify;\">En este llamado particip\u00f3 seremiTT, municipalidad de Coyhaique, la SIAT de Carabineros, direcci\u00f3n de Vialidad del MOP, la organizaci\u00f3n Cicleayque, Senda y Mutual de Seguridad.<\/p>\n<p style=\"font-weight: 400; text-align: justify;\">En su intervenci\u00f3n, la seremiTT\u00a0<a href=\"https:\/\/www.facebook.com\/clocantero?__cft__%5b0%5d=AZVRqdkwpAZCcAMCXGtOnTOjPwdeSWXfQOH0tAw6gwYN7AoebSlwfbO_y2Hl61jlNkfzOpLCwAYg60_v01-ZfIMyvwGNaPynjbgknwW-9LpTmZLsGY8q4xp4neT2V5psL6A0-3-ORj1rT1KRoUiY2Yob&amp;__tn__=-%5dK-R\" data-saferedirecturl=\"https:\/\/www.google.com\/url?q=https:\/\/www.facebook.com\/clocantero?__cft__%255b0%255d%3DAZVRqdkwpAZCcAMCXGtOnTOjPwdeSWXfQOH0tAw6gwYN7AoebSlwfbO_y2Hl61jlNkfzOpLCwAYg60_v01-ZfIMyvwGNaPynjbgknwW-9LpTmZLsGY8q4xp4neT2V5psL6A0-3-ORj1rT1KRoUiY2Yob%26__tn__%3D-%255dK-R&amp;source=gmail&amp;ust=1684603371295000&amp;usg=AOvVaw0u_9SFbLosSp0sJoeE0AA3\">Claudia Cantero<\/a> enfatiz\u00f3 en adoptar pr\u00e1cticas seguras, para aumentar la adherencia de veh\u00edculos ante la nieve o escarcha. De igual manera, en el caso de los ciclistas y peatones se recomienda el uso de elementos reflectantes: \u201cLas condiciones clim\u00e1ticas se empiezan a poner dif\u00edciles y debemos empezar a tomar las precauciones: como el uso de cadenas y neum\u00e1ticos con clavos, para que las personas puedan hacerse responsables y prevenir. Adem\u00e1s, invitar a las personas que utilizan otros medios de transporte, por ejemplo bicicleta, a utilizar sistemas reflectantes, ya que empieza a bajar la cantidad de luz durante el d\u00eda\u201d.<\/p>\n<p style=\"font-weight: 400; text-align: justify;\">Desde el municipio, la direcci\u00f3n de tr\u00e1nsito hizo una demostraci\u00f3n del uso de cadenas, equipamiento muy necesario para el tr\u00e1nsito en nieve. Al respecto el alcalde\u00a0Carlos Gatica\u00a0se refiri\u00f3 a la planificaci\u00f3n municipal que se contempla para esta temporada. \u201cComo municipio estamos orientados a se\u00f1alizar de buena manera los lugares que son m\u00e1s peligrosos con se\u00f1ales de tr\u00e1nsito. Adem\u00e1s, estamos priorizando la colocaci\u00f3n de sal, hace casi un mes que llega la sal para prepararnos y brindar seguridad. Tambi\u00e9n vamos fiscalizar en conjunto para promover el buen uso de cadena y el uso neum\u00e1ticos con clavos\u201d, inform\u00f3 el edil.<\/p>\n<p style=\"font-weight: 400; text-align: justify;\">El Capit\u00e1n de la SIAT de Carabineros Osvaldo Mellado agreg\u00f3 no hay que perder de vista los resguardos b\u00e1sicos en el tr\u00e1nsito vehicular, tales como el uso de cintur\u00f3n de seguridad y conducir a una velocidad prudente. \u201cEl a\u00f1o 2022, desde junio a septiembre, se registraron 132 accidentes en la regi\u00f3n, de los cuales debemos lamentar 5 v\u00edctimas fatales. As\u00ed que nuestro principal llamado es al autocuidado, planificar nuestros viajes, utilizar cintur\u00f3n de seguridad, respetar la velocidad tanto en zona urbana como en el radio rural. De igual forma, ante la presencia de nieve o hielo en la calzada, nuestra distancia de frenado y de tensi\u00f3n de un veh\u00edculo se debe aumentar hasta 10 veces\u201d, explic\u00f3.<\/p>\n<p style=\"font-weight: 400; text-align: justify;\">En este llamado, tambi\u00e9n particip\u00f3 el director de Vialidad, Renzo Sanders se\u00f1al\u00f3 que la primera etapa del plan excepcional de conservaci\u00f3n del Ministerio de Obras P\u00fablicas se desarroll\u00f3 con \u00e9xito en la Ruta 7, con buena recepci\u00f3n de la comunidad: \u00a0\u201cViene la etapa 2 ahora desde el mes de junio, que son los decretos de emergencia, con lo cual nosotros pretendemos pasar todos estos eventos clim\u00e1ticos entre junio y octubre con la mejor cobertura que nosotros podamos entregar, dando la mayor seguridad vial posible. Tambi\u00e9n esperamos el compromiso y la responsabilidad de los conductores para que en conjunto podamos evitar accidentes\u201d.<\/p>\n<p style=\"font-weight: 400; text-align: justify;\">En representaci\u00f3n de la comunidad que se traslada en bicicleta, estuvo presente Florencia Ben\u00edtez de la\u00a0agrupaci\u00f3n de movilidad activa\u00a0<a href=\"https:\/\/www.facebook.com\/cicleayque?__cft__%5b0%5d=AZVRqdkwpAZCcAMCXGtOnTOjPwdeSWXfQOH0tAw6gwYN7AoebSlwfbO_y2Hl61jlNkfzOpLCwAYg60_v01-ZfIMyvwGNaPynjbgknwW-9LpTmZLsGY8q4xp4neT2V5psL6A0-3-ORj1rT1KRoUiY2Yob&amp;__tn__=-%5dK-R\" data-saferedirecturl=\"https:\/\/www.google.com\/url?q=https:\/\/www.facebook.com\/cicleayque?__cft__%255b0%255d%3DAZVRqdkwpAZCcAMCXGtOnTOjPwdeSWXfQOH0tAw6gwYN7AoebSlwfbO_y2Hl61jlNkfzOpLCwAYg60_v01-ZfIMyvwGNaPynjbgknwW-9LpTmZLsGY8q4xp4neT2V5psL6A0-3-ORj1rT1KRoUiY2Yob%26__tn__%3D-%255dK-R&amp;source=gmail&amp;ust=1684603371295000&amp;usg=AOvVaw1FCYW7dfGa5n3QR7JMC20a\">Cicleayque<\/a>,\u00a0quien hizo un llamado a los conductores a tener mayor empat\u00eda hacia quienes transitan en ciclos. \u201cCreo que falta mucho. Los automovilistas no est\u00e1n al tanto de la Ley de Convivencia Vial que indica que tienen que mantener una distancia de seguridad de un metro y medio con los ciclistas. Se viene el invierno, se vienen escarchas, se viene hielo y necesitamos ese espacio de seguridad. Como no tenemos infraestructura habilitante, como ciclov\u00edas, necesitamos y tenemos una ley que nos ampara y que nos permita andar por la calle, para lo cual necesitamos que la gente nos respete\u201d, concluy\u00f3.<\/p>\n<\/div><\/section><\/div><div  style='height:50px' class='hr hr-invisible   avia-builder-el-6  el_after_av_one_full  el_before_av_social_share '><span class='hr-inner ' ><span class='hr-inner-style'><\/span><\/span><\/div><\/p>\n<div  class='av-social-sharing-box  avia-builder-el-7  el_after_av_hr  el_before_av_hr  '><div class='av-share-box'><h5 class='av-share-link-description av-no-toc '>Compartir esta noticia<\/h5><ul class='av-share-box-list noLightbox'><li class='av-share-link av-social-link-facebook' ><a target=\"_blank\" aria-label=\"Compartir en Facebook\" href='https:\/\/www.facebook.com\/sharer.php?u=https:\/\/radiorevelacionfm.cl\/?p=31177&#038;t=Refuerzan%20llamado%20a%20la%20prevenci%C3%B3n%20de%20accidentes%20en%20%C3%A9poca%20invernal' aria-hidden='false' data-av_icon='\ue8f3' data-av_iconfont='entypo-fontello' title='' data-avia-related-tooltip='Compartir en Facebook' rel=\"noopener\"><span class='avia_hidden_link_text'>Compartir en Facebook<\/span><\/a><\/li><li class='av-share-link av-social-link-twitter' ><a target=\"_blank\" aria-label=\"Compartir en Twitter\" href='https:\/\/twitter.com\/share?text=Refuerzan%20llamado%20a%20la%20prevenci%C3%B3n%20de%20accidentes%20en%20%C3%A9poca%20invernal&#038;url=https:\/\/radiorevelacionfm.cl\/?p=31177' aria-hidden='false' data-av_icon='\ue8f1' data-av_iconfont='entypo-fontello' title='' data-avia-related-tooltip='Compartir en Twitter' rel=\"noopener\"><span class='avia_hidden_link_text'>Compartir en Twitter<\/span><\/a><\/li><li class='av-share-link av-social-link-whatsapp' ><a target=\"_blank\" aria-label=\"Compartir en Whatsapp\" href='https:\/\/api.whatsapp.com\/send?text=https:\/\/radiorevelacionfm.cl\/?p=31177' aria-hidden='false' data-av_icon='\uf232' data-av_iconfont='entypo-fontello' title='' data-avia-related-tooltip='Compartir en Whatsapp' rel=\"noopener\"><span class='avia_hidden_link_text'>Compartir en Whatsapp<\/span><\/a><\/li><li class='av-share-link av-social-link-linkedin' ><a target=\"_blank\" aria-label=\"Compartir en LinkedIn\" href='https:\/\/linkedin.com\/shareArticle?mini=true&#038;title=Refuerzan%20llamado%20a%20la%20prevenci%C3%B3n%20de%20accidentes%20en%20%C3%A9poca%20invernal&#038;url=https:\/\/radiorevelacionfm.cl\/?p=31177' aria-hidden='false' data-av_icon='\ue8fc' data-av_iconfont='entypo-fontello' title='' data-avia-related-tooltip='Compartir en LinkedIn' rel=\"noopener\"><span class='avia_hidden_link_text'>Compartir en LinkedIn<\/span><\/a><\/li><li class='av-share-link av-social-link-mail' ><a  aria-label=\"Compartir por correo\" href='mailto:?subject=Refuerzan%20llamado%20a%20la%20prevenci%C3%B3n%20de%20accidentes%20en%20%C3%A9poca%20invernal&#038;body=https:\/\/radiorevelacionfm.cl\/?p=31177' aria-hidden='false' data-av_icon='\ue805' data-av_iconfont='entypo-fontello' title='' data-avia-related-tooltip='Compartir por correo'><span class='avia_hidden_link_text'>Compartir por correo<\/span><\/a><\/li><\/ul><\/div><\/div>\n<div  style='height:50px' class='hr hr-invisible   avia-builder-el-8  el_after_av_social_share  el_before_av_comments_list '><span class='hr-inner ' ><span class='hr-inner-style'><\/span><\/span><\/div>\n<div  class='av-buildercomment  av-blog-meta-html-info-disabled av-blog-meta-tag-disabled  '><\/div>\n","protected":false},"excerpt":{"rendered":"","protected":false},"author":1,"featured_media":31178,"comment_status":"open","ping_status":"open","sticky":false,"template":"","format":"standard","meta":{"footnotes":""},"categories":[59],"tags":[],"class_list":["post-31177","post","type-post","status-publish","format-standard","has-post-thumbnail","hentry","category-transporte"],"jetpack_featured_media_url":"https:\/\/radiorevelacionfm.cl\/wp-content\/uploads\/2023\/05\/semana-de-la-seguridad-vial-16-1_optimized-1.jpg","_links":{"self":[{"href":"https:\/\/radiorevelacionfm.cl\/index.php?rest_route=\/wp\/v2\/posts\/31177","targetHints":{"allow":["GET"]}}],"collection":[{"href":"https:\/\/radiorevelacionfm.cl\/index.php?rest_route=\/wp\/v2\/posts"}],"about":[{"href":"https:\/\/radiorevelacionfm.cl\/index.php?rest_route=\/wp\/v2\/types\/post"}],"author":[{"embeddable":true,"href":"https:\/\/radiorevelacionfm.cl\/index.php?rest_route=\/wp\/v2\/users\/1"}],"replies":[{"embeddable":true,"href":"https:\/\/radiorevelacionfm.cl\/index.php?rest_route=%2Fwp%2Fv2%2Fcomments&post=31177"}],"version-history":[{"count":1,"href":"https:\/\/radiorevelacionfm.cl\/index.php?rest_route=\/wp\/v2\/posts\/31177\/revisions"}],"predecessor-version":[{"id":31179,"href":"https:\/\/radiorevelacionfm.cl\/index.php?rest_route=\/wp\/v2\/posts\/31177\/revisions\/31179"}],"wp:featuredmedia":[{"embeddable":true,"href":"https:\/\/radiorevelacionfm.cl\/index.php?rest_route=\/wp\/v2\/media\/31178"}],"wp:attachment":[{"href":"https:\/\/radiorevelacionfm.cl\/index.php?rest_route=%2Fwp%2Fv2%2Fmedia&parent=31177"}],"wp:term":[{"taxonomy":"category","embeddable":true,"href":"https:\/\/radiorevelacionfm.cl\/index.php?rest_route=%2Fwp%2Fv2%2Fcategories&post=31177"},{"taxonomy":"post_tag","embeddable":true,"href":"https:\/\/radiorevelacionfm.cl\/index.php?rest_route=%2Fwp%2Fv2%2Ftags&post=31177"}],"curies":[{"name":"wp","href":"https:\/\/api.w.org\/{rel}","templated":true}]}}