{"id":31174,"date":"2023-05-19T12:05:22","date_gmt":"2023-05-19T15:05:22","guid":{"rendered":"https:\/\/radiorevelacionfm.cl\/?p=31174"},"modified":"2023-05-19T12:05:22","modified_gmt":"2023-05-19T15:05:22","slug":"seremi-de-culturas-aysen-se-suma-al-paro-nacional-ministerial","status":"publish","type":"post","link":"https:\/\/radiorevelacionfm.cl\/?p=31174","title":{"rendered":"Seremi de Culturas Ays\u00e9n se suma al paro nacional ministerial"},"content":{"rendered":"<div class=\"flex_column av_one_full  flex_column_div av-zero-column-padding first  avia-builder-el-0  el_before_av_one_full  avia-builder-el-first  \" style='border-radius:0px; '><div  class='avia-image-container  av-styling-    avia-builder-el-1  avia-builder-el-no-sibling  avia-align-center '  itemprop=\"image\" itemscope=\"itemscope\" itemtype=\"https:\/\/schema.org\/ImageObject\"  ><div class='avia-image-container-inner'><div class='avia-image-overlay-wrap'><img decoding=\"async\" class='wp-image-31175 avia-img-lazy-loading-not-31175 avia_image' src=\"https:\/\/radiorevelacionfm.cl\/wp-content\/uploads\/2023\/05\/paro-1-1_optimized.jpeg\" alt='' title='paro-(1)-(1)_optimized' height=\"600\" width=\"872\"  itemprop=\"thumbnailUrl\" srcset=\"https:\/\/radiorevelacionfm.cl\/wp-content\/uploads\/2023\/05\/paro-1-1_optimized.jpeg 872w, https:\/\/radiorevelacionfm.cl\/wp-content\/uploads\/2023\/05\/paro-1-1_optimized-300x206.jpeg 300w, https:\/\/radiorevelacionfm.cl\/wp-content\/uploads\/2023\/05\/paro-1-1_optimized-768x528.jpeg 768w, https:\/\/radiorevelacionfm.cl\/wp-content\/uploads\/2023\/05\/paro-1-1_optimized-705x485.jpeg 705w, https:\/\/radiorevelacionfm.cl\/wp-content\/uploads\/2023\/05\/paro-1-1_optimized-450x310.jpeg 450w, https:\/\/radiorevelacionfm.cl\/wp-content\/uploads\/2023\/05\/paro-1-1_optimized-600x413.jpeg 600w\" sizes=\"(max-width: 872px) 100vw, 872px\" \/><\/div><\/div><\/div><\/div><div class=\"flex_column av_one_full  flex_column_div av-zero-column-padding first  avia-builder-el-2  el_after_av_one_full  el_before_av_one_full  column-top-margin\" style='border-radius:0px; '><section class=\"av_textblock_section \"  itemscope=\"itemscope\" itemtype=\"https:\/\/schema.org\/BlogPosting\" itemprop=\"blogPost\" ><div class='avia_textblock  '   itemprop=\"text\" ><p style=\"text-align: center;\"><span style=\"font-size: 18pt;\"><b><span lang=\"ES-TRAD\">Seremi de Culturas Ays\u00e9n se suma al paro nacional ministerial<\/span><\/b><b><u><\/u>\u00a0<\/b><\/span><\/p>\n<div id=\"gtx-trans\" style=\"position: absolute; left: -50px; top: 4.31534px;\">\n<div class=\"gtx-trans-icon\"><\/div>\n<\/div>\n<\/div><\/section><\/div><div class=\"flex_column av_one_full  flex_column_div av-zero-column-padding first  avia-builder-el-4  el_after_av_one_full  el_before_av_hr  column-top-margin\" style='border-radius:0px; '><section class=\"av_textblock_section \"  itemscope=\"itemscope\" itemtype=\"https:\/\/schema.org\/BlogPosting\" itemprop=\"blogPost\" ><div class='avia_textblock  '   itemprop=\"text\" ><p style=\"text-align: justify;\"><span lang=\"ES-TRAD\">\u201cDesidia\u201d de parte de las autoridades denuncian los sindicatos nacionales de cultura, luego de m\u00e1s de 3 meses de espera por una respuesta a las negociaciones con las y los trabajadores.<\/span><u><\/u>\u00a0<u><\/u><\/p>\n<p style=\"text-align: justify;\"><span lang=\"ES-TRAD\">Es por eso que este jueves y viernes llevaron a cabo un paro nacional, al cual se sumaron las y los trabajadores de la Secretar\u00eda Regional Ministerial de las Culturas, las Artes y el Patrimonio, Regi\u00f3n de Ays\u00e9n.<\/span><u><\/u>\u00a0<u><\/u><\/p>\n<p style=\"text-align: justify;\"><span lang=\"ES-TRAD\">El petitorio agrupa demandas relacionadas con nivelaciones salariales y disminuci\u00f3n de brechas; aumento de dotaci\u00f3n ante excesivas e inabordables sobrecargas laborales; mejoras en las\u00a0<\/span><span lang=\"PT\">remuneracion<\/span><span lang=\"ES-TRAD\">es para quienes prontamente egresar<\/span>\u00e1<span lang=\"ES-TRAD\">n del servicio y que tienen prolongadas lagunas previsionales; implementaci\u00f3n regulada del teletrabajo; falta de carrera y movilidad funcionaria; traspasos de trabajadores a honorarios en condiciones dignas; y la concreci\u00f3n de una org\u00e1nica ministerial pendiente desde la creaci\u00f3n del ministerio, entre otras necesidade<\/span><span lang=\"PT\">s.<\/span><u><\/u>\u00a0<u><\/u><\/p>\n<p style=\"text-align: justify;\"><span lang=\"ES-TRAD\">La presidenta del sindicato Anfucultura Ays\u00e9n, Claudia Bustamente, dijo que \u201ces cierto que este problema ministerial se arrastra desde la misma creaci\u00f3n del Ministerio de las Culturas, sin embargo, creemos que las autoridades deben mirar esto como una oportunidad para resolver demandas hist\u00f3ricas de nuestros gremios. No es posible que la autoridad se reste de reuniones previamente organizadas con los trabajadores y luego salga declarando que hay que cuidar los modales. Ac\u00e1 hay cuestiones b\u00e1sicas como que a igual trabajo, igual salario. Basta de abusos desde Estado\u201d.<\/span><u><\/u>\u00a0<u><\/u><\/p>\n<p style=\"text-align: justify;\"><span lang=\"ES-TRAD\">Para Yessica Almonacid, presidenta regional de Ays\u00e9n de la Agrupaci\u00f3n Nacional de Empleados Fiscales, ANEF, y funcionaria de la seremi en paro, piensa que \u201cestamos en un eventual punto de inflexi\u00f3n que puede significar quedar en la historia sindical de las culturas como un facilitador del trabajo o pasar a la historia como un Gobierno que perpetu\u00f3 las malas condiciones laborales del Ministerio de las Culturas. Y es escandaloso que, repitiendo las malas pr\u00e1cticas de la derecha, nos estemos llenando de asesores mucho mejor pagados y en mejores condiciones que compa\u00f1eros o compa\u00f1eras que llevan a\u00f1os, d\u00e9cadas, esperando estabilidad laboral. Es una oportunidad para que cuestiones como la carrera funcionaria se hagan realidad y no queden en palabras de buena crianza\u201d.<\/span><u><\/u>\u00a0<u><\/u><\/p>\n<p style=\"text-align: justify;\"><span lang=\"ES-TRAD\">La paralizaci\u00f3n se encuentra amparada en los tratados internacionales que han sido incorporados a la legislaci\u00f3<\/span>n\u00a0<span lang=\"ES-TRAD\">chilena, en particular el Convenio 151 sobre las relaciones de trabajo en la administraci\u00f3<\/span>n p\u00fa<span lang=\"PT\">blica.<\/span><span lang=\"ES-TRAD\">\u00a0Las negociaciones se enmarcan en la \u201cAgenda Sindical Nacional 2023-2025\u201d.<\/span><u><\/u><\/p>\n<\/div><\/section><\/div><div  style='height:50px' class='hr hr-invisible   avia-builder-el-6  el_after_av_one_full  el_before_av_social_share '><span class='hr-inner ' ><span class='hr-inner-style'><\/span><\/span><\/div><\/p>\n<div  class='av-social-sharing-box  avia-builder-el-7  el_after_av_hr  el_before_av_hr  '><div class='av-share-box'><h5 class='av-share-link-description av-no-toc '>Compartir esta noticia<\/h5><ul class='av-share-box-list noLightbox'><li class='av-share-link av-social-link-facebook' ><a target=\"_blank\" aria-label=\"Compartir en Facebook\" href='https:\/\/www.facebook.com\/sharer.php?u=https:\/\/radiorevelacionfm.cl\/?p=31174&#038;t=Seremi%20de%20Culturas%20Ays%C3%A9n%20se%20suma%20al%20paro%20nacional%20ministerial' aria-hidden='false' data-av_icon='\ue8f3' data-av_iconfont='entypo-fontello' title='' data-avia-related-tooltip='Compartir en Facebook' rel=\"noopener\"><span class='avia_hidden_link_text'>Compartir en Facebook<\/span><\/a><\/li><li class='av-share-link av-social-link-twitter' ><a target=\"_blank\" aria-label=\"Compartir en Twitter\" href='https:\/\/twitter.com\/share?text=Seremi%20de%20Culturas%20Ays%C3%A9n%20se%20suma%20al%20paro%20nacional%20ministerial&#038;url=https:\/\/radiorevelacionfm.cl\/?p=31174' aria-hidden='false' data-av_icon='\ue8f1' data-av_iconfont='entypo-fontello' title='' data-avia-related-tooltip='Compartir en Twitter' rel=\"noopener\"><span class='avia_hidden_link_text'>Compartir en Twitter<\/span><\/a><\/li><li class='av-share-link av-social-link-whatsapp' ><a target=\"_blank\" aria-label=\"Compartir en Whatsapp\" href='https:\/\/api.whatsapp.com\/send?text=https:\/\/radiorevelacionfm.cl\/?p=31174' aria-hidden='false' data-av_icon='\uf232' data-av_iconfont='entypo-fontello' title='' data-avia-related-tooltip='Compartir en Whatsapp' rel=\"noopener\"><span class='avia_hidden_link_text'>Compartir en Whatsapp<\/span><\/a><\/li><li class='av-share-link av-social-link-linkedin' ><a target=\"_blank\" aria-label=\"Compartir en LinkedIn\" href='https:\/\/linkedin.com\/shareArticle?mini=true&#038;title=Seremi%20de%20Culturas%20Ays%C3%A9n%20se%20suma%20al%20paro%20nacional%20ministerial&#038;url=https:\/\/radiorevelacionfm.cl\/?p=31174' aria-hidden='false' data-av_icon='\ue8fc' data-av_iconfont='entypo-fontello' title='' data-avia-related-tooltip='Compartir en LinkedIn' rel=\"noopener\"><span class='avia_hidden_link_text'>Compartir en LinkedIn<\/span><\/a><\/li><li class='av-share-link av-social-link-mail' ><a  aria-label=\"Compartir por correo\" href='mailto:?subject=Seremi%20de%20Culturas%20Ays%C3%A9n%20se%20suma%20al%20paro%20nacional%20ministerial&#038;body=https:\/\/radiorevelacionfm.cl\/?p=31174' aria-hidden='false' data-av_icon='\ue805' data-av_iconfont='entypo-fontello' title='' data-avia-related-tooltip='Compartir por correo'><span class='avia_hidden_link_text'>Compartir por correo<\/span><\/a><\/li><\/ul><\/div><\/div>\n<div  style='height:50px' class='hr hr-invisible   avia-builder-el-8  el_after_av_social_share  el_before_av_comments_list '><span class='hr-inner ' ><span class='hr-inner-style'><\/span><\/span><\/div>\n<div  class='av-buildercomment  av-blog-meta-html-info-disabled av-blog-meta-tag-disabled  '><\/div>\n","protected":false},"excerpt":{"rendered":"","protected":false},"author":1,"featured_media":31175,"comment_status":"open","ping_status":"open","sticky":false,"template":"","format":"standard","meta":{"footnotes":""},"categories":[52],"tags":[],"class_list":["post-31174","post","type-post","status-publish","format-standard","has-post-thumbnail","hentry","category-cultura"],"jetpack_featured_media_url":"https:\/\/radiorevelacionfm.cl\/wp-content\/uploads\/2023\/05\/paro-1-1_optimized.jpeg","_links":{"self":[{"href":"https:\/\/radiorevelacionfm.cl\/index.php?rest_route=\/wp\/v2\/posts\/31174","targetHints":{"allow":["GET"]}}],"collection":[{"href":"https:\/\/radiorevelacionfm.cl\/index.php?rest_route=\/wp\/v2\/posts"}],"about":[{"href":"https:\/\/radiorevelacionfm.cl\/index.php?rest_route=\/wp\/v2\/types\/post"}],"author":[{"embeddable":true,"href":"https:\/\/radiorevelacionfm.cl\/index.php?rest_route=\/wp\/v2\/users\/1"}],"replies":[{"embeddable":true,"href":"https:\/\/radiorevelacionfm.cl\/index.php?rest_route=%2Fwp%2Fv2%2Fcomments&post=31174"}],"version-history":[{"count":1,"href":"https:\/\/radiorevelacionfm.cl\/index.php?rest_route=\/wp\/v2\/posts\/31174\/revisions"}],"predecessor-version":[{"id":31176,"href":"https:\/\/radiorevelacionfm.cl\/index.php?rest_route=\/wp\/v2\/posts\/31174\/revisions\/31176"}],"wp:featuredmedia":[{"embeddable":true,"href":"https:\/\/radiorevelacionfm.cl\/index.php?rest_route=\/wp\/v2\/media\/31175"}],"wp:attachment":[{"href":"https:\/\/radiorevelacionfm.cl\/index.php?rest_route=%2Fwp%2Fv2%2Fmedia&parent=31174"}],"wp:term":[{"taxonomy":"category","embeddable":true,"href":"https:\/\/radiorevelacionfm.cl\/index.php?rest_route=%2Fwp%2Fv2%2Fcategories&post=31174"},{"taxonomy":"post_tag","embeddable":true,"href":"https:\/\/radiorevelacionfm.cl\/index.php?rest_route=%2Fwp%2Fv2%2Ftags&post=31174"}],"curies":[{"name":"wp","href":"https:\/\/api.w.org\/{rel}","templated":true}]}}