{"id":31170,"date":"2023-05-19T11:21:38","date_gmt":"2023-05-19T14:21:38","guid":{"rendered":"https:\/\/radiorevelacionfm.cl\/?p=31170"},"modified":"2023-05-19T11:21:38","modified_gmt":"2023-05-19T14:21:38","slug":"comunidad-de-villa-ohiggins-participa-de-consulta-colectiva-en-trabajo-que-desarrolla-servicio-pais","status":"publish","type":"post","link":"https:\/\/radiorevelacionfm.cl\/?p=31170","title":{"rendered":"Comunidad de Villa O&#8217;Higgins participa de consulta colectiva en trabajo que desarrolla Servicio Pa\u00eds"},"content":{"rendered":"<div class=\"flex_column av_one_full  flex_column_div av-zero-column-padding first  avia-builder-el-0  el_before_av_one_full  avia-builder-el-first  \" style='border-radius:0px; '><div  class='avia-image-container  av-styling-    avia-builder-el-1  avia-builder-el-no-sibling  avia-align-center '  itemprop=\"image\" itemscope=\"itemscope\" itemtype=\"https:\/\/schema.org\/ImageObject\"  ><div class='avia-image-container-inner'><div class='avia-image-overlay-wrap'><img decoding=\"async\" class='wp-image-31172 avia-img-lazy-loading-not-31172 avia_image' src=\"https:\/\/radiorevelacionfm.cl\/wp-content\/uploads\/2023\/05\/DSC_0552-1-1.jpg\" alt='' title='DSC_0552 (1) (1)' height=\"600\" width=\"900\"  itemprop=\"thumbnailUrl\" srcset=\"https:\/\/radiorevelacionfm.cl\/wp-content\/uploads\/2023\/05\/DSC_0552-1-1.jpg 900w, https:\/\/radiorevelacionfm.cl\/wp-content\/uploads\/2023\/05\/DSC_0552-1-1-300x200.jpg 300w, https:\/\/radiorevelacionfm.cl\/wp-content\/uploads\/2023\/05\/DSC_0552-1-1-768x512.jpg 768w, https:\/\/radiorevelacionfm.cl\/wp-content\/uploads\/2023\/05\/DSC_0552-1-1-705x470.jpg 705w, https:\/\/radiorevelacionfm.cl\/wp-content\/uploads\/2023\/05\/DSC_0552-1-1-450x300.jpg 450w, https:\/\/radiorevelacionfm.cl\/wp-content\/uploads\/2023\/05\/DSC_0552-1-1-600x400.jpg 600w\" sizes=\"(max-width: 900px) 100vw, 900px\" \/><\/div><\/div><\/div><\/div><div class=\"flex_column av_one_full  flex_column_div av-zero-column-padding first  avia-builder-el-2  el_after_av_one_full  el_before_av_one_full  column-top-margin\" style='border-radius:0px; '><section class=\"av_textblock_section \"  itemscope=\"itemscope\" itemtype=\"https:\/\/schema.org\/BlogPosting\" itemprop=\"blogPost\" ><div class='avia_textblock  '   itemprop=\"text\" ><p style=\"text-align: center;\"><strong><span style=\"font-size: 18pt;\">Comunidad de Villa O&#8217;Higgins participa de consulta colectiva en trabajo que desarrolla Servicio Pa\u00eds<\/span><\/strong><\/p>\n<div id=\"gtx-trans\" style=\"position: absolute; left: -50px; top: 4.31534px;\">\n<div class=\"gtx-trans-icon\"><\/div>\n<\/div>\n<\/div><\/section><\/div><div class=\"flex_column av_one_full  flex_column_div av-zero-column-padding first  avia-builder-el-4  el_after_av_one_full  el_before_av_hr  column-top-margin\" style='border-radius:0px; '><section class=\"av_textblock_section \"  itemscope=\"itemscope\" itemtype=\"https:\/\/schema.org\/BlogPosting\" itemprop=\"blogPost\" ><div class='avia_textblock  '   itemprop=\"text\" ><p style=\"text-align: justify;\">La Fundaci\u00f3n de Superaci\u00f3n de la Pobreza Ays\u00e9n (Fusupo), ha sumado dos nuevos profesionales al programa Servicio Pa\u00eds, con el prop\u00f3sito de trabajar en la comuna de O&#8217;Higgins. Juan Pablo Sanhueza, ingeniero comercial, y Natalia Plaza, ge\u00f3grafa, se unieron a este importante proyecto y ya han comenzado a implementar su plan operativo, el cual se extender\u00e1 a lo largo de todo un a\u00f1o en la localidad. Tras un per\u00edodo de adaptaci\u00f3n y evaluaci\u00f3n de la comunidad, que dur\u00f3 aproximadamente un mes y medio, Juan Pablo y Natalia llevaron a cabo la primera consulta colectiva en el Centro de Eventos de la municipalidad de Villa O&#8217;Higgins.<\/p>\n<p style=\"text-align: justify;\">En esta reuni\u00f3n, se convoc\u00f3 a representantes de diversas organizaciones de la comuna con el objetivo de recabar informaci\u00f3n sobre el estado de sus respectivas entidades y su conexi\u00f3n con la comunidad en general. Durante el evento, se les solicit\u00f3 a los asistentes que plasmaran en peque\u00f1as notas las necesidades y problem\u00e1ticas identificadas tanto en sus organizaciones como en la comunidad en su conjunto. En el transcurso de la din\u00e1mica, los participantes se\u00f1alaron las siguientes brechas m\u00e1s significativas como; la escasa participaci\u00f3n de la comunidad en actividades, la falta de inter\u00e9s de los miembros por formar parte de organizaciones, el desgaste en los directorios de las entidades, el debilitamiento de los liderazgos en dichas organizaciones y la necesidad de un mayor compromiso por parte de las autoridades p\u00fablicas hacia ellas.<\/p>\n<p style=\"text-align: justify;\">Para Rodolfo Elgueta coordinador territorial de Fusupo Ays\u00e9n, la jornada fue todo un \u00e9xito a\u00f1adiendo. \u201cEste proceso de consulta colectiva lo desarrollamos en la instalaci\u00f3n de pr\u00e1cticamente todas las intervenciones, sin embargo antes de los diagn\u00f3sticos y levantamientos de informaci\u00f3n tenemos jornadas de inducci\u00f3n con los profesionales servicio pa\u00eds para entregar elementos claves del trabajo participativo con la comunidad en comuni\u00f3n con los municipios\u201d.<\/p>\n<p style=\"text-align: justify;\">Luego del an\u00e1lisis de las demandas, se profundiz\u00f3 en estos temas de manera conjunta, con el objetivo de buscar soluciones y determinar c\u00f3mo satisfacer y resolver estas situaciones. Adem\u00e1s, esto brind\u00f3 a los profesionales una idea, expresada directamente por la comunidad, de c\u00f3mo abordar su trabajo en el futuro, qu\u00e9 \u00e1reas enfocar con mayor \u00e9nfasis, entre otros aspectos relevantes.<\/p>\n<p style=\"text-align: justify;\">Al respecto el Administrador Municipal Manuel Iduarte puntualiz\u00f3 \u201cEs muy bueno el ejercicio de reconocimiento y acercamiento a las organizaciones y si esto viene respaldado de una metodolog\u00eda, es mucho mejor. Me parece necesario para que se pueda actuar con mayor certeza y conocimiento cuando intervengan con las organizaciones. Ahora respecto a los resultados en base a la informaci\u00f3n preliminar que nos entregan no me sorprende, ya que esto no es un tema s\u00f3lo en la comuna sino a nivel regional y nacional\u201d.<\/p>\n<p style=\"text-align: justify;\">Cabe se\u00f1alar que el programa servicio pa\u00eds de la Fundaci\u00f3n de Superaci\u00f3n de la Pobreza, cuenta en la actualidad con 11 profesionales en 5 comunas de la regi\u00f3n conectando, visibilizando y potenciando el trabajo comunitario en dimensiones sociales, econ\u00f3micas, culturales y ambientales.<\/p>\n<\/div><\/section><\/div><div  style='height:50px' class='hr hr-invisible   avia-builder-el-6  el_after_av_one_full  el_before_av_social_share '><span class='hr-inner ' ><span class='hr-inner-style'><\/span><\/span><\/div><\/p>\n<div  class='av-social-sharing-box  avia-builder-el-7  el_after_av_hr  el_before_av_hr  '><div class='av-share-box'><h5 class='av-share-link-description av-no-toc '>Compartir esta noticia<\/h5><ul class='av-share-box-list noLightbox'><li class='av-share-link av-social-link-facebook' ><a target=\"_blank\" aria-label=\"Compartir en Facebook\" href='https:\/\/www.facebook.com\/sharer.php?u=https:\/\/radiorevelacionfm.cl\/?p=31170&#038;t=Comunidad%20de%20Villa%20O%E2%80%99Higgins%20participa%20de%20consulta%20colectiva%20en%20trabajo%20que%20desarrolla%20Servicio%20Pa%C3%ADs' aria-hidden='false' data-av_icon='\ue8f3' data-av_iconfont='entypo-fontello' title='' data-avia-related-tooltip='Compartir en Facebook' rel=\"noopener\"><span class='avia_hidden_link_text'>Compartir en Facebook<\/span><\/a><\/li><li class='av-share-link av-social-link-twitter' ><a target=\"_blank\" aria-label=\"Compartir en Twitter\" href='https:\/\/twitter.com\/share?text=Comunidad%20de%20Villa%20O%E2%80%99Higgins%20participa%20de%20consulta%20colectiva%20en%20trabajo%20que%20desarrolla%20Servicio%20Pa%C3%ADs&#038;url=https:\/\/radiorevelacionfm.cl\/?p=31170' aria-hidden='false' data-av_icon='\ue8f1' data-av_iconfont='entypo-fontello' title='' data-avia-related-tooltip='Compartir en Twitter' rel=\"noopener\"><span class='avia_hidden_link_text'>Compartir en Twitter<\/span><\/a><\/li><li class='av-share-link av-social-link-whatsapp' ><a target=\"_blank\" aria-label=\"Compartir en Whatsapp\" href='https:\/\/api.whatsapp.com\/send?text=https:\/\/radiorevelacionfm.cl\/?p=31170' aria-hidden='false' data-av_icon='\uf232' data-av_iconfont='entypo-fontello' title='' data-avia-related-tooltip='Compartir en Whatsapp' rel=\"noopener\"><span class='avia_hidden_link_text'>Compartir en Whatsapp<\/span><\/a><\/li><li class='av-share-link av-social-link-linkedin' ><a target=\"_blank\" aria-label=\"Compartir en LinkedIn\" href='https:\/\/linkedin.com\/shareArticle?mini=true&#038;title=Comunidad%20de%20Villa%20O%E2%80%99Higgins%20participa%20de%20consulta%20colectiva%20en%20trabajo%20que%20desarrolla%20Servicio%20Pa%C3%ADs&#038;url=https:\/\/radiorevelacionfm.cl\/?p=31170' aria-hidden='false' data-av_icon='\ue8fc' data-av_iconfont='entypo-fontello' title='' data-avia-related-tooltip='Compartir en LinkedIn' rel=\"noopener\"><span class='avia_hidden_link_text'>Compartir en LinkedIn<\/span><\/a><\/li><li class='av-share-link av-social-link-mail' ><a  aria-label=\"Compartir por correo\" href='mailto:?subject=Comunidad%20de%20Villa%20O%E2%80%99Higgins%20participa%20de%20consulta%20colectiva%20en%20trabajo%20que%20desarrolla%20Servicio%20Pa%C3%ADs&#038;body=https:\/\/radiorevelacionfm.cl\/?p=31170' aria-hidden='false' data-av_icon='\ue805' data-av_iconfont='entypo-fontello' title='' data-avia-related-tooltip='Compartir por correo'><span class='avia_hidden_link_text'>Compartir por correo<\/span><\/a><\/li><\/ul><\/div><\/div>\n<div  style='height:50px' class='hr hr-invisible   avia-builder-el-8  el_after_av_social_share  el_before_av_comments_list '><span class='hr-inner ' ><span class='hr-inner-style'><\/span><\/span><\/div>\n<div  class='av-buildercomment  av-blog-meta-html-info-disabled av-blog-meta-tag-disabled  '><\/div>\n","protected":false},"excerpt":{"rendered":"","protected":false},"author":1,"featured_media":31172,"comment_status":"open","ping_status":"open","sticky":false,"template":"","format":"standard","meta":{"footnotes":""},"categories":[38],"tags":[],"class_list":["post-31170","post","type-post","status-publish","format-standard","has-post-thumbnail","hentry","category-regional"],"jetpack_featured_media_url":"https:\/\/radiorevelacionfm.cl\/wp-content\/uploads\/2023\/05\/DSC_0552-1-1.jpg","_links":{"self":[{"href":"https:\/\/radiorevelacionfm.cl\/index.php?rest_route=\/wp\/v2\/posts\/31170","targetHints":{"allow":["GET"]}}],"collection":[{"href":"https:\/\/radiorevelacionfm.cl\/index.php?rest_route=\/wp\/v2\/posts"}],"about":[{"href":"https:\/\/radiorevelacionfm.cl\/index.php?rest_route=\/wp\/v2\/types\/post"}],"author":[{"embeddable":true,"href":"https:\/\/radiorevelacionfm.cl\/index.php?rest_route=\/wp\/v2\/users\/1"}],"replies":[{"embeddable":true,"href":"https:\/\/radiorevelacionfm.cl\/index.php?rest_route=%2Fwp%2Fv2%2Fcomments&post=31170"}],"version-history":[{"count":1,"href":"https:\/\/radiorevelacionfm.cl\/index.php?rest_route=\/wp\/v2\/posts\/31170\/revisions"}],"predecessor-version":[{"id":31173,"href":"https:\/\/radiorevelacionfm.cl\/index.php?rest_route=\/wp\/v2\/posts\/31170\/revisions\/31173"}],"wp:featuredmedia":[{"embeddable":true,"href":"https:\/\/radiorevelacionfm.cl\/index.php?rest_route=\/wp\/v2\/media\/31172"}],"wp:attachment":[{"href":"https:\/\/radiorevelacionfm.cl\/index.php?rest_route=%2Fwp%2Fv2%2Fmedia&parent=31170"}],"wp:term":[{"taxonomy":"category","embeddable":true,"href":"https:\/\/radiorevelacionfm.cl\/index.php?rest_route=%2Fwp%2Fv2%2Fcategories&post=31170"},{"taxonomy":"post_tag","embeddable":true,"href":"https:\/\/radiorevelacionfm.cl\/index.php?rest_route=%2Fwp%2Fv2%2Ftags&post=31170"}],"curies":[{"name":"wp","href":"https:\/\/api.w.org\/{rel}","templated":true}]}}