{"id":3117,"date":"2021-04-14T18:09:46","date_gmt":"2021-04-14T21:09:46","guid":{"rendered":"https:\/\/radiorevelacionfm.cl\/?p=3117"},"modified":"2021-04-14T18:09:46","modified_gmt":"2021-04-14T21:09:46","slug":"finaliza-con-exito-tendido-subacuatico-de-fibra-optica-austral-en-el-lago-general-carrera","status":"publish","type":"post","link":"https:\/\/radiorevelacionfm.cl\/?p=3117","title":{"rendered":"Finaliza con \u00e9xito tendido subacu\u00e1tico de fibra \u00f3ptica austral en el Lago General Carrera"},"content":{"rendered":"<div class=\"flex_column av_one_full  flex_column_div av-zero-column-padding first  avia-builder-el-0  el_before_av_one_full  avia-builder-el-first  \" style='border-radius:0px; '><div  class='avia-image-container  av-styling-    avia-builder-el-1  avia-builder-el-no-sibling  avia-align-center '  itemprop=\"image\" itemscope=\"itemscope\" itemtype=\"https:\/\/schema.org\/ImageObject\"  ><div class='avia-image-container-inner'><div class='avia-image-overlay-wrap'><img decoding=\"async\" class='wp-image-0 avia-img-lazy-loading-not-0 avia_image' src=\"https:\/\/radiorevelacionfm.cl\/wp-content\/uploads\/2021\/04\/Foto_2-1.jpg\" alt='' title=''   itemprop=\"thumbnailUrl\"  \/><\/div><\/div><\/div><\/div><div class=\"flex_column av_one_full  flex_column_div av-zero-column-padding first  avia-builder-el-2  el_after_av_one_full  el_before_av_one_full  column-top-margin\" style='border-radius:0px; '><section class=\"av_textblock_section \"  itemscope=\"itemscope\" itemtype=\"https:\/\/schema.org\/BlogPosting\" itemprop=\"blogPost\" ><div class='avia_textblock  '   itemprop=\"text\" ><p style=\"text-align: center;\"><span style=\"font-size: 18pt;\"><strong>Finaliza con \u00e9xito tendido subacu\u00e1tico de fibra \u00f3ptica austral en el Lago General Carrera<\/strong><\/span><\/p>\n<div id=\"gtx-trans\" style=\"position: absolute; left: -50px; top: 4.31534px;\">\n<div class=\"gtx-trans-icon\"><\/div>\n<\/div>\n<\/div><\/section><\/div><div class=\"flex_column av_one_full  flex_column_div av-zero-column-padding first  avia-builder-el-4  el_after_av_one_full  el_before_av_hr  column-top-margin\" style='border-radius:0px; '><section class=\"av_textblock_section \"  itemscope=\"itemscope\" itemtype=\"https:\/\/schema.org\/BlogPosting\" itemprop=\"blogPost\" ><div class='avia_textblock  '   itemprop=\"text\" ><p style=\"text-align: justify;\">Gracias al trabajo colaborativo entre la empresa Silica Networks, el MTT y el Gobierno Regional de Ays\u00e9n se logr\u00f3 este importante hito, el cual permitir\u00e1 reducir la brecha digital en la regi\u00f3n.<\/p>\n<p style=\"text-align: justify;\">Este mes finaliz\u00f3 el tendido de 220 kil\u00f3metros (km) de fibra \u00f3ptica subacu\u00e1tica que la empresa Silica Networks instal\u00f3 en el Lago General Carrera por el proyecto Fibra \u00d3ptica Austral (FOA). Este procedimiento, que requiri\u00f3 de gran coordinaci\u00f3n con el Ministerio de Transportes y Telecomunicaciones (MTT), a trav\u00e9s de la Subsecretar\u00eda de Telecomunicaciones Subtel) y el Gobierno Regional de Ays\u00e9n y experiencia t\u00e9cnica debido a la profundidad del lago y las condiciones cambiantes del clima, logr\u00f3 realizarse de forma exitosa.<\/p>\n<p style=\"text-align: justify;\">Cabe se\u00f1alar que dicha fibra, cuyo \u00faltimo enlace se construy\u00f3 en la ciudad de Puerto Ib\u00e1\u00f1ez, se sumar\u00e1 un tramo terrestre de 630 km en total, que posibilitar\u00e1 la mejora de la conectividad de catorce localidades por medio de una red de fibra \u00f3ptica. De esta manera, se conectar\u00e1 con fibra \u00f3ptica las localidades de Coyhaique, El Blanco, Balmaceda, Cerro Castillo, Puerto Ingeniero Ib\u00e1\u00f1ez, Bah\u00eda Murta, Chile Chico, Puerto R\u00edo Tranquilo, Mall\u00edn Grande, Puerto Guadal, Puerto Bertrand, Cochrane, Los \u00d1adis y Caleta Tortel.<\/p>\n<p style=\"text-align: justify;\">\u201cLogramos concretar con \u00e9xito todos los enlaces del Lago General Carrera, donde a pesar de condiciones climatol\u00f3gicas complejas logramos concretar los tramos que unen Puerto Guadal, Puerto R\u00edo Tranquilo, Bah\u00eda Murta, Mall\u00edn Grande, Chile Chico y R\u00edo Ib\u00e1\u00f1ez\u201d, precis\u00f3 la country manager de Grupo Datco, Yessika Salazar.<\/p>\n<p style=\"text-align: justify;\">Por su parte, la Ministra de Transportes y Telecomunicaciones, Gloria Hutt, indic\u00f3 que \u201cla Fibra \u00d3ptica Austral es una iniciativa que contribuir\u00e1 en saldar la deuda que tenemos en materia de conectividad tanto con la Regi\u00f3n de Ays\u00e9n como con las regiones de Los Lagos y Magallanes. Una vez que est\u00e9 100% habilitada, m\u00e1s de 435.000 personas y 19.000 empresas desde Puerto Montt a Puerto Williams podr\u00e1n acceder a servicios de telecomunicaciones de alta capacidad y calidad\u201d.<\/p>\n<p style=\"text-align: justify;\">En tanto, la Subsecretaria de Telecomunicaciones, Pamela Gidi, sostuvo que \u201cmejores redes implican mejores servicios y por ende, mejor calidad de vida para los habitantes de las regiones m\u00e1s australes de Chile, quienes ahora podr\u00e1n acceder a los m\u00faltiples beneficios que entregan las nuevas tecnolog\u00edas tal como la realizaci\u00f3n de tr\u00e1mites en l\u00ednea, la postulaci\u00f3n a nuevas oportunidades laborales, el uso herramientas educativas digitales y la comunicaci\u00f3n remota con sus seres queridos, entre otros\u201d.<\/p>\n<p style=\"text-align: justify;\">A su vez, el SeremiTT de la regi\u00f3n, Fabi\u00e1n Rojas, indic\u00f3 que \u201ceste es un gran hito, pues hasta ahora los servicios de telecomunicaciones de la regi\u00f3n son muy precarios por el aislamiento o ruralidad de las localidades. Queremos que nuestros habitantes tengan una mejor conectividad digital, para que as\u00ed puedan disfrutar de los beneficios de las tecnolog\u00edas en los emprendimientos, la telemedicina, el teletrabajo y\/o la educaci\u00f3n a distancia\u201d.<\/p>\n<p style=\"text-align: justify;\"><strong>Sensorizaci\u00f3n profunda<\/strong><\/p>\n<p style=\"text-align: justify;\">El General Carrera es el und\u00e9cimo (11) lago m\u00e1s profundo del mundo, por lo que el cable de fibra \u00f3ptica -en algunos puntos- qued\u00f3 a profundidades de m\u00e1s de 550 metros. Esto permite la eventual implementaci\u00f3n de tecnolog\u00edas de sensorizaci\u00f3n (herramientas que permiten detectar se\u00f1ales de frecuencia ac\u00fastica que surgen por perturbaciones o fen\u00f3menos que ocurren cercanos a una fibra \u00f3ptica) para realizar estudios cient\u00edficos junto con entidades acad\u00e9micas que quieran aprovechar esta cualidad.<\/p>\n<p style=\"text-align: justify;\">\u201cGracias a esta tecnolog\u00eda, denominada DAS (Distributed Acoustic Sensing) es posible utilizar el tendido en el Lago General Carrera para conocer, analizar e interpretar los distintos fen\u00f3menos que ocurren en el lago\u201d, dijo Misael Bustamante, gerente de proyectos estrat\u00e9gicos y regulaci\u00f3n de Silica Networks.<\/p>\n<p style=\"text-align: justify;\">Silica Networks, empresa a quien tambi\u00e9n se le adjudic\u00f3 la\u00a0 \u201cTroncal Terrestre Los Lagos\u201d del proyecto FOA, forma parte del Grupo Datco, holding de innovaci\u00f3n aplicada que cuenta con m\u00e1s de 13.000 kil\u00f3metros de fibra \u00f3ptica en Sudam\u00e9rica, red circular que por medio de cinco anillos cordilleranos garantiza la conectividad incluso frente a cat\u00e1strofes naturales.<\/p>\n<\/div><\/section><\/div><div  style='height:50px' class='hr hr-invisible   avia-builder-el-6  el_after_av_one_full  el_before_av_social_share '><span class='hr-inner ' ><span class='hr-inner-style'><\/span><\/span><\/div><\/p>\n<div  class='av-social-sharing-box  avia-builder-el-7  el_after_av_hr  el_before_av_hr  '><div class='av-share-box'><h5 class='av-share-link-description av-no-toc '>Compartir esta noticia<\/h5><ul class='av-share-box-list noLightbox'><li class='av-share-link av-social-link-facebook' ><a target=\"_blank\" aria-label=\"Compartir en Facebook\" href='https:\/\/www.facebook.com\/sharer.php?u=https:\/\/radiorevelacionfm.cl\/?p=3117&#038;t=Finaliza%20con%20%C3%A9xito%20tendido%20subacu%C3%A1tico%20de%20fibra%20%C3%B3ptica%20austral%20en%20el%20Lago%20General%20Carrera' aria-hidden='false' data-av_icon='\ue8f3' data-av_iconfont='entypo-fontello' title='' data-avia-related-tooltip='Compartir en Facebook' rel=\"noopener\"><span class='avia_hidden_link_text'>Compartir en Facebook<\/span><\/a><\/li><li class='av-share-link av-social-link-twitter' ><a target=\"_blank\" aria-label=\"Compartir en Twitter\" href='https:\/\/twitter.com\/share?text=Finaliza%20con%20%C3%A9xito%20tendido%20subacu%C3%A1tico%20de%20fibra%20%C3%B3ptica%20austral%20en%20el%20Lago%20General%20Carrera&#038;url=https:\/\/radiorevelacionfm.cl\/?p=3117' aria-hidden='false' data-av_icon='\ue8f1' data-av_iconfont='entypo-fontello' title='' data-avia-related-tooltip='Compartir en Twitter' rel=\"noopener\"><span class='avia_hidden_link_text'>Compartir en Twitter<\/span><\/a><\/li><li class='av-share-link av-social-link-whatsapp' ><a target=\"_blank\" aria-label=\"Compartir en Whatsapp\" href='https:\/\/api.whatsapp.com\/send?text=https:\/\/radiorevelacionfm.cl\/?p=3117' aria-hidden='false' data-av_icon='\uf232' data-av_iconfont='entypo-fontello' title='' data-avia-related-tooltip='Compartir en Whatsapp' rel=\"noopener\"><span class='avia_hidden_link_text'>Compartir en Whatsapp<\/span><\/a><\/li><li class='av-share-link av-social-link-linkedin' ><a target=\"_blank\" aria-label=\"Compartir en LinkedIn\" href='https:\/\/linkedin.com\/shareArticle?mini=true&#038;title=Finaliza%20con%20%C3%A9xito%20tendido%20subacu%C3%A1tico%20de%20fibra%20%C3%B3ptica%20austral%20en%20el%20Lago%20General%20Carrera&#038;url=https:\/\/radiorevelacionfm.cl\/?p=3117' aria-hidden='false' data-av_icon='\ue8fc' data-av_iconfont='entypo-fontello' title='' data-avia-related-tooltip='Compartir en LinkedIn' rel=\"noopener\"><span class='avia_hidden_link_text'>Compartir en LinkedIn<\/span><\/a><\/li><li class='av-share-link av-social-link-mail' ><a  aria-label=\"Compartir por correo\" href='mailto:?subject=Finaliza%20con%20%C3%A9xito%20tendido%20subacu%C3%A1tico%20de%20fibra%20%C3%B3ptica%20austral%20en%20el%20Lago%20General%20Carrera&#038;body=https:\/\/radiorevelacionfm.cl\/?p=3117' aria-hidden='false' data-av_icon='\ue805' data-av_iconfont='entypo-fontello' title='' data-avia-related-tooltip='Compartir por correo'><span class='avia_hidden_link_text'>Compartir por correo<\/span><\/a><\/li><\/ul><\/div><\/div>\n<div  style='height:50px' class='hr hr-invisible   avia-builder-el-8  el_after_av_social_share  el_before_av_comments_list '><span class='hr-inner ' ><span class='hr-inner-style'><\/span><\/span><\/div>\n<div  class='av-buildercomment  av-blog-meta-html-info-disabled av-blog-meta-tag-disabled  '><\/div>\n","protected":false},"excerpt":{"rendered":"","protected":false},"author":1,"featured_media":0,"comment_status":"open","ping_status":"open","sticky":false,"template":"","format":"standard","meta":{"footnotes":""},"categories":[59],"tags":[],"class_list":["post-3117","post","type-post","status-publish","format-standard","hentry","category-transporte"],"jetpack_featured_media_url":"","_links":{"self":[{"href":"https:\/\/radiorevelacionfm.cl\/index.php?rest_route=\/wp\/v2\/posts\/3117","targetHints":{"allow":["GET"]}}],"collection":[{"href":"https:\/\/radiorevelacionfm.cl\/index.php?rest_route=\/wp\/v2\/posts"}],"about":[{"href":"https:\/\/radiorevelacionfm.cl\/index.php?rest_route=\/wp\/v2\/types\/post"}],"author":[{"embeddable":true,"href":"https:\/\/radiorevelacionfm.cl\/index.php?rest_route=\/wp\/v2\/users\/1"}],"replies":[{"embeddable":true,"href":"https:\/\/radiorevelacionfm.cl\/index.php?rest_route=%2Fwp%2Fv2%2Fcomments&post=3117"}],"version-history":[{"count":1,"href":"https:\/\/radiorevelacionfm.cl\/index.php?rest_route=\/wp\/v2\/posts\/3117\/revisions"}],"predecessor-version":[{"id":3119,"href":"https:\/\/radiorevelacionfm.cl\/index.php?rest_route=\/wp\/v2\/posts\/3117\/revisions\/3119"}],"wp:attachment":[{"href":"https:\/\/radiorevelacionfm.cl\/index.php?rest_route=%2Fwp%2Fv2%2Fmedia&parent=3117"}],"wp:term":[{"taxonomy":"category","embeddable":true,"href":"https:\/\/radiorevelacionfm.cl\/index.php?rest_route=%2Fwp%2Fv2%2Fcategories&post=3117"},{"taxonomy":"post_tag","embeddable":true,"href":"https:\/\/radiorevelacionfm.cl\/index.php?rest_route=%2Fwp%2Fv2%2Ftags&post=3117"}],"curies":[{"name":"wp","href":"https:\/\/api.w.org\/{rel}","templated":true}]}}