{"id":31165,"date":"2023-05-18T20:23:48","date_gmt":"2023-05-18T23:23:48","guid":{"rendered":"https:\/\/radiorevelacionfm.cl\/?p=31165"},"modified":"2023-05-18T20:23:48","modified_gmt":"2023-05-18T23:23:48","slug":"ministro-de-vivienda-entrego-escrituras-a-familias-pertenecientes-a-pueblos-originarios-en-balmaceda","status":"publish","type":"post","link":"https:\/\/radiorevelacionfm.cl\/?p=31165","title":{"rendered":"Ministro de Vivienda entreg\u00f3 escrituras a familias pertenecientes a pueblos originarios en Balmaceda"},"content":{"rendered":"<div class=\"flex_column av_one_full  flex_column_div av-zero-column-padding first  avia-builder-el-0  el_before_av_one_full  avia-builder-el-first  \" style='border-radius:0px; '><div  class='avia-image-container  av-styling-    avia-builder-el-1  avia-builder-el-no-sibling  avia-align-center '  itemprop=\"image\" itemscope=\"itemscope\" itemtype=\"https:\/\/schema.org\/ImageObject\"  ><div class='avia-image-container-inner'><div class='avia-image-overlay-wrap'><img decoding=\"async\" class='wp-image-31166 avia-img-lazy-loading-not-31166 avia_image' src=\"https:\/\/radiorevelacionfm.cl\/wp-content\/uploads\/2023\/05\/img_20230518_141420072_hdr-1_optimized.jpg\" alt='' title='img_20230518_141420072_hdr-(1)_optimized' height=\"600\" width=\"920\"  itemprop=\"thumbnailUrl\" srcset=\"https:\/\/radiorevelacionfm.cl\/wp-content\/uploads\/2023\/05\/img_20230518_141420072_hdr-1_optimized.jpg 920w, https:\/\/radiorevelacionfm.cl\/wp-content\/uploads\/2023\/05\/img_20230518_141420072_hdr-1_optimized-300x196.jpg 300w, https:\/\/radiorevelacionfm.cl\/wp-content\/uploads\/2023\/05\/img_20230518_141420072_hdr-1_optimized-768x501.jpg 768w, https:\/\/radiorevelacionfm.cl\/wp-content\/uploads\/2023\/05\/img_20230518_141420072_hdr-1_optimized-705x460.jpg 705w, https:\/\/radiorevelacionfm.cl\/wp-content\/uploads\/2023\/05\/img_20230518_141420072_hdr-1_optimized-450x293.jpg 450w, https:\/\/radiorevelacionfm.cl\/wp-content\/uploads\/2023\/05\/img_20230518_141420072_hdr-1_optimized-600x391.jpg 600w\" sizes=\"(max-width: 920px) 100vw, 920px\" \/><\/div><\/div><\/div><\/div><div class=\"flex_column av_one_full  flex_column_div av-zero-column-padding first  avia-builder-el-2  el_after_av_one_full  el_before_av_one_full  column-top-margin\" style='border-radius:0px; '><section class=\"av_textblock_section \"  itemscope=\"itemscope\" itemtype=\"https:\/\/schema.org\/BlogPosting\" itemprop=\"blogPost\" ><div class='avia_textblock  '   itemprop=\"text\" ><p style=\"text-align: center;\"><span style=\"font-size: 18pt;\"><strong>Ministro de Vivienda entreg\u00f3 escrituras a familias pertenecientes a pueblos originarios en Balmaceda<\/strong><\/span><\/p>\n<div id=\"gtx-trans\" style=\"position: absolute; left: -50px; top: 4.31534px;\">\n<div class=\"gtx-trans-icon\"><\/div>\n<\/div>\n<\/div><\/section><\/div><div class=\"flex_column av_one_full  flex_column_div av-zero-column-padding first  avia-builder-el-4  el_after_av_one_full  el_before_av_hr  column-top-margin\" style='border-radius:0px; '><section class=\"av_textblock_section \"  itemscope=\"itemscope\" itemtype=\"https:\/\/schema.org\/BlogPosting\" itemprop=\"blogPost\" ><div class='avia_textblock  '   itemprop=\"text\" ><p style=\"text-align: justify;\">El ministro de Vivienda y Urbanismo, Carlos Montes, encabez\u00f3 esta ma\u00f1ana en Balmaceda, regi\u00f3n de Ays\u00e9n, la ceremonia de entrega de las escrituras de sus viviendas, correspondientes al Programa Fondo Solidario de Elecci\u00f3n de Vivienda (DS49), a las 50 familias beneficiarias del comit\u00e9 Huilli Ruca, cuyos integrantes pertenecen en su mayor\u00eda a comunidades de pueblos originarios.<\/p>\n<p style=\"text-align: justify;\">A la actividad asistieron el delegado presidencial regional, Rodrigo Araya; el alcalde de Coyhaique, Carlos Gatica; la Seremi del Minvu Ays\u00e9n, Paulina Ruz; el director (s) del Serviu de la regi\u00f3n, Eduardo Navarro y el representante de la Gobernadora Regional, Francisco Lara, adem\u00e1s de autoridades regionales y las familias beneficiadas.<\/p>\n<p style=\"text-align: justify;\">El ministro Montes manifest\u00f3 su emoci\u00f3n al ver que estas familias, vinculadas en su mayor\u00eda a pueblos originarios, obtuvieran finalmente las escrituras de sus viviendas. Asimismo, el secretario de Estado aprovech\u00f3 de hacer un balance de su visita a la regi\u00f3n de Ays\u00e9n, valorando la oportunidad de dialogar con autoridades, dirigentes y funcionarios del Minvu y Serviu regional.<\/p>\n<p style=\"text-align: justify;\">\u201cQuedo muy satisfecho del equipo de trabajo, porque se ve que se est\u00e1 trabajando bien, con respeto por la gente y eficacia. Y tambi\u00e9n me ha parecido muy enriquecedor conversar con dirigentes de la C\u00e1mara Chilena de la Construcci\u00f3n, con los comit\u00e9s, con los alcaldes y con los funcionarios del Serviu y la Seremi. Ha sido un periodo de aprendizaje\u201d, se\u00f1al\u00f3 el titular del Minvu.<\/p>\n<p style=\"text-align: justify;\">Por su parte, Claudia \u00c1guila, Presidenta del comit\u00e9 Huilli Ruca, expres\u00f3 que \u201ceste es un momento de felicidad y de realizaci\u00f3n, el resultado de a\u00f1os de esfuerzo, esperanza y sacrificio. Sabemos que cada uno de nosotros hemos luchado para llegar hasta aqu\u00ed, superando obst\u00e1culos y desaf\u00edos. Y hoy podemos afirmar con orgullo que lo hemos logrado\u201d.<\/p>\n<p style=\"text-align: justify;\">De igual forma el Delegado Presidencial Regional, Rodrigo Araya, felicit\u00f3 a las familias y las inst\u00f3 a seguir unidas y trabajando para alcanzar nuevos objetivos y mayores adelantos para toda la comunidad. \u00a0\u201cSabemos que tenemos desaf\u00edos en educaci\u00f3n, en salud, en conectividad, por lo tanto, nuestro compromiso es seguir trabajando con ustedes y por eso tambi\u00e9n es tan necesario que mantengan esta agrupaci\u00f3n, esta asociatividad, para mantener esa participaci\u00f3n social activa que tanto se necesita\u201d, afirm\u00f3.<\/p>\n<p style=\"text-align: justify;\">El conjunto habitacional, que ya est\u00e1 siendo habitado por las familias del comit\u00e9 Huilli Ruca, cuenta con 46 viviendas de 49.5 m2, cuatro viviendas de 61,9 m2, equipamiento, \u00e1reas verdes y obras complementarias, dando vida a un moderno barrio que se suma a otro conjunto de 68 viviendas que fue entregado en 2022 y un nuevo proyecto para 96 familias que se empez\u00f3 a ejecutar durante las \u00faltimas semanas en esa estrat\u00e9gica localidad de la comuna de Coyhaique.<\/p>\n<\/div><\/section><\/div><div  style='height:50px' class='hr hr-invisible   avia-builder-el-6  el_after_av_one_full  el_before_av_social_share '><span class='hr-inner ' ><span class='hr-inner-style'><\/span><\/span><\/div><\/p>\n<div  class='av-social-sharing-box  avia-builder-el-7  el_after_av_hr  el_before_av_hr  '><div class='av-share-box'><h5 class='av-share-link-description av-no-toc '>Compartir esta noticia<\/h5><ul class='av-share-box-list noLightbox'><li class='av-share-link av-social-link-facebook' ><a target=\"_blank\" aria-label=\"Compartir en Facebook\" href='https:\/\/www.facebook.com\/sharer.php?u=https:\/\/radiorevelacionfm.cl\/?p=31165&#038;t=Ministro%20de%20Vivienda%20entreg%C3%B3%20escrituras%20a%20familias%20pertenecientes%20a%20pueblos%20originarios%20en%20Balmaceda' aria-hidden='false' data-av_icon='\ue8f3' data-av_iconfont='entypo-fontello' title='' data-avia-related-tooltip='Compartir en Facebook' rel=\"noopener\"><span class='avia_hidden_link_text'>Compartir en Facebook<\/span><\/a><\/li><li class='av-share-link av-social-link-twitter' ><a target=\"_blank\" aria-label=\"Compartir en Twitter\" href='https:\/\/twitter.com\/share?text=Ministro%20de%20Vivienda%20entreg%C3%B3%20escrituras%20a%20familias%20pertenecientes%20a%20pueblos%20originarios%20en%20Balmaceda&#038;url=https:\/\/radiorevelacionfm.cl\/?p=31165' aria-hidden='false' data-av_icon='\ue8f1' data-av_iconfont='entypo-fontello' title='' data-avia-related-tooltip='Compartir en Twitter' rel=\"noopener\"><span class='avia_hidden_link_text'>Compartir en Twitter<\/span><\/a><\/li><li class='av-share-link av-social-link-whatsapp' ><a target=\"_blank\" aria-label=\"Compartir en Whatsapp\" href='https:\/\/api.whatsapp.com\/send?text=https:\/\/radiorevelacionfm.cl\/?p=31165' aria-hidden='false' data-av_icon='\uf232' data-av_iconfont='entypo-fontello' title='' data-avia-related-tooltip='Compartir en Whatsapp' rel=\"noopener\"><span class='avia_hidden_link_text'>Compartir en Whatsapp<\/span><\/a><\/li><li class='av-share-link av-social-link-linkedin' ><a target=\"_blank\" aria-label=\"Compartir en LinkedIn\" href='https:\/\/linkedin.com\/shareArticle?mini=true&#038;title=Ministro%20de%20Vivienda%20entreg%C3%B3%20escrituras%20a%20familias%20pertenecientes%20a%20pueblos%20originarios%20en%20Balmaceda&#038;url=https:\/\/radiorevelacionfm.cl\/?p=31165' aria-hidden='false' data-av_icon='\ue8fc' data-av_iconfont='entypo-fontello' title='' data-avia-related-tooltip='Compartir en LinkedIn' rel=\"noopener\"><span class='avia_hidden_link_text'>Compartir en LinkedIn<\/span><\/a><\/li><li class='av-share-link av-social-link-mail' ><a  aria-label=\"Compartir por correo\" href='mailto:?subject=Ministro%20de%20Vivienda%20entreg%C3%B3%20escrituras%20a%20familias%20pertenecientes%20a%20pueblos%20originarios%20en%20Balmaceda&#038;body=https:\/\/radiorevelacionfm.cl\/?p=31165' aria-hidden='false' data-av_icon='\ue805' data-av_iconfont='entypo-fontello' title='' data-avia-related-tooltip='Compartir por correo'><span class='avia_hidden_link_text'>Compartir por correo<\/span><\/a><\/li><\/ul><\/div><\/div>\n<div  style='height:50px' class='hr hr-invisible   avia-builder-el-8  el_after_av_social_share  el_before_av_comments_list '><span class='hr-inner ' ><span class='hr-inner-style'><\/span><\/span><\/div>\n<div  class='av-buildercomment  av-blog-meta-html-info-disabled av-blog-meta-tag-disabled  '><\/div>\n","protected":false},"excerpt":{"rendered":"","protected":false},"author":1,"featured_media":31166,"comment_status":"open","ping_status":"open","sticky":false,"template":"","format":"standard","meta":{"footnotes":""},"categories":[57],"tags":[],"class_list":["post-31165","post","type-post","status-publish","format-standard","has-post-thumbnail","hentry","category-vivienda"],"jetpack_featured_media_url":"https:\/\/radiorevelacionfm.cl\/wp-content\/uploads\/2023\/05\/img_20230518_141420072_hdr-1_optimized.jpg","_links":{"self":[{"href":"https:\/\/radiorevelacionfm.cl\/index.php?rest_route=\/wp\/v2\/posts\/31165","targetHints":{"allow":["GET"]}}],"collection":[{"href":"https:\/\/radiorevelacionfm.cl\/index.php?rest_route=\/wp\/v2\/posts"}],"about":[{"href":"https:\/\/radiorevelacionfm.cl\/index.php?rest_route=\/wp\/v2\/types\/post"}],"author":[{"embeddable":true,"href":"https:\/\/radiorevelacionfm.cl\/index.php?rest_route=\/wp\/v2\/users\/1"}],"replies":[{"embeddable":true,"href":"https:\/\/radiorevelacionfm.cl\/index.php?rest_route=%2Fwp%2Fv2%2Fcomments&post=31165"}],"version-history":[{"count":1,"href":"https:\/\/radiorevelacionfm.cl\/index.php?rest_route=\/wp\/v2\/posts\/31165\/revisions"}],"predecessor-version":[{"id":31167,"href":"https:\/\/radiorevelacionfm.cl\/index.php?rest_route=\/wp\/v2\/posts\/31165\/revisions\/31167"}],"wp:featuredmedia":[{"embeddable":true,"href":"https:\/\/radiorevelacionfm.cl\/index.php?rest_route=\/wp\/v2\/media\/31166"}],"wp:attachment":[{"href":"https:\/\/radiorevelacionfm.cl\/index.php?rest_route=%2Fwp%2Fv2%2Fmedia&parent=31165"}],"wp:term":[{"taxonomy":"category","embeddable":true,"href":"https:\/\/radiorevelacionfm.cl\/index.php?rest_route=%2Fwp%2Fv2%2Fcategories&post=31165"},{"taxonomy":"post_tag","embeddable":true,"href":"https:\/\/radiorevelacionfm.cl\/index.php?rest_route=%2Fwp%2Fv2%2Ftags&post=31165"}],"curies":[{"name":"wp","href":"https:\/\/api.w.org\/{rel}","templated":true}]}}