{"id":31163,"date":"2023-05-19T11:45:29","date_gmt":"2023-05-19T14:45:29","guid":{"rendered":"https:\/\/radiorevelacionfm.cl\/?p=31163"},"modified":"2023-05-19T11:45:29","modified_gmt":"2023-05-19T14:45:29","slug":"autoridades-de-aysen-destacan-reajuste-del-salario-minimo-y-su-avance-a-tercer-tramite","status":"publish","type":"post","link":"https:\/\/radiorevelacionfm.cl\/?p=31163","title":{"rendered":"Autoridades de Ays\u00e9n destacan reajuste del salario m\u00ednimo y su avance a tercer tr\u00e1mite"},"content":{"rendered":"<div class=\"flex_column av_one_full  flex_column_div av-zero-column-padding first  avia-builder-el-0  el_before_av_one_full  avia-builder-el-first  \" style='border-radius:0px; '><div  class='avia-image-container  av-styling-    avia-builder-el-1  avia-builder-el-no-sibling  avia-align-center '  itemprop=\"image\" itemscope=\"itemscope\" itemtype=\"https:\/\/schema.org\/ImageObject\"  ><div class='avia-image-container-inner'><div class='avia-image-overlay-wrap'><img decoding=\"async\" class='wp-image-29222 avia-img-lazy-loading-not-29222 avia_image' src=\"https:\/\/radiorevelacionfm.cl\/wp-content\/uploads\/2023\/03\/Seremis-Segegob-TrabyPrevSoc-1-1-1.jpeg\" alt='' title='Seremis Segegob-TrabyPrevSoc-1 (1) (1)' height=\"600\" width=\"959\"  itemprop=\"thumbnailUrl\" srcset=\"https:\/\/radiorevelacionfm.cl\/wp-content\/uploads\/2023\/03\/Seremis-Segegob-TrabyPrevSoc-1-1-1.jpeg 959w, https:\/\/radiorevelacionfm.cl\/wp-content\/uploads\/2023\/03\/Seremis-Segegob-TrabyPrevSoc-1-1-1-300x188.jpeg 300w, https:\/\/radiorevelacionfm.cl\/wp-content\/uploads\/2023\/03\/Seremis-Segegob-TrabyPrevSoc-1-1-1-768x481.jpeg 768w, https:\/\/radiorevelacionfm.cl\/wp-content\/uploads\/2023\/03\/Seremis-Segegob-TrabyPrevSoc-1-1-1-705x441.jpeg 705w, https:\/\/radiorevelacionfm.cl\/wp-content\/uploads\/2023\/03\/Seremis-Segegob-TrabyPrevSoc-1-1-1-600x375.jpeg 600w\" sizes=\"(max-width: 959px) 100vw, 959px\" \/><\/div><\/div><\/div><\/div><div class=\"flex_column av_one_full  flex_column_div av-zero-column-padding first  avia-builder-el-2  el_after_av_one_full  el_before_av_one_full  column-top-margin\" style='border-radius:0px; '><section class=\"av_textblock_section \"  itemscope=\"itemscope\" itemtype=\"https:\/\/schema.org\/BlogPosting\" itemprop=\"blogPost\" ><div class='avia_textblock  '   itemprop=\"text\" ><p style=\"text-align: center;\"><span style=\"font-size: 18pt;\"><b>Autoridades de Ays\u00e9n destacan reajuste del salario m\u00ednimo y su avance a tercer tr\u00e1mite<\/b><\/span><\/p>\n<div id=\"gtx-trans\" style=\"position: absolute; left: -50px; top: 4.31534px;\">\n<div class=\"gtx-trans-icon\"><\/div>\n<\/div>\n<\/div><\/section><\/div><div class=\"flex_column av_one_full  flex_column_div av-zero-column-padding first  avia-builder-el-4  el_after_av_one_full  el_before_av_hr  column-top-margin\" style='border-radius:0px; '><section class=\"av_textblock_section \"  itemscope=\"itemscope\" itemtype=\"https:\/\/schema.org\/BlogPosting\" itemprop=\"blogPost\" ><div class='avia_textblock  '   itemprop=\"text\" ><p class=\"v1MsoNormal\" style=\"text-align: justify;\"><span lang=\"ES-MX\">La sala del senado aprob\u00f3 este mi\u00e9rcoles el proyecto que busca aumentar de manera gradual el Salario M\u00ednimo a $500 mil pesos,\u00a0 de este modo, la iniciativa pas\u00f3 a un tercer tr\u00e1mite legislativo, en la C\u00e1mara de Diputadas y Diputados, al sufrir modificaciones en el Senado a trav\u00e9s de indicaciones que apuntaron a mejorar la cobertura del subsidio de apoyo a las micro, peque\u00f1as y medianas empresas.<\/span><\/p>\n<p class=\"v1MsoNormal\" style=\"text-align: justify;\"><span lang=\"ES-MX\">La Seremi de Gobierno, Tatiana Pl\u00e1 \u00c1lvarez, valor\u00f3 las modificaciones y el respaldo de los parlamentarios al proyecto, se\u00f1alando que \u00abEs un gran avance a los sectores m\u00e1s vulnerables del pa\u00eds. El salario m\u00ednimo forma parte de los compromisos centrales de nuestro Presidente Gabriel Boric y avanzar en esta tem\u00e1tica significa avanzar en justicia social, y para eso necesitamos apoyar de manera directa las peque\u00f1as y medianas empresas, pues somos conscientes que gran parte de las personas que ganan el sueldo m\u00ednimo son empleados de este sector laboral; as\u00ed generamos una base s\u00f3lida para ir poco a poco integrando esta gradualidad que beneficiar\u00e1 a m\u00e1s de un mill\u00f3n de familias en nuestro pa\u00eds\u00bb.<\/span><\/p>\n<p class=\"v1MsoNormal\" style=\"text-align: justify;\"><span lang=\"ES-MX\">Sum\u00e1ndose a las palabras de la vocera, el Seremi del trabajo y previsi\u00f3n Social, Rodrigo D\u00edaz, hizo hincapi\u00e9 en la gradualidad y el di\u00e1logo que se dio en la c\u00e1mara, se\u00f1alando que \u00abEn las comisiones del senado se trabaj\u00f3 por llegar a un acuerdo que apoye de manera m\u00e1s robusta a las micro y peque\u00f1as empresas y sea beneficioso para los trabajadores con el incremento del salario m\u00ednimo, que en nuestra Regi\u00f3n de Ays\u00e9n llegar\u00eda a cerca de 10.000 trabajadores. Si ello se aprueba, el incremento ser\u00eda de los actuales $410.000 a $440.000 el 1 de mayo de 2023 de manera retroactiva y luego, con gradualidad, llegar a $500.000 en julio de 2024\u00bb.<\/span><\/p>\n<p class=\"v1MsoNormal\" style=\"text-align: justify;\"><span lang=\"ES-MX\">De esta forma, el proyecto contempla un alza que se dividir\u00e1 en tres tramos: un incremento desde los actuales $410.000 a $440.000 el 1 de mayo de 2023; luego, a $460.000 el 1 de septiembre de 2023; y, posteriormente, a $500.000 el 1 de julio de 2024.<\/span><\/p>\n<p class=\"v1MsoNormal\" style=\"text-align: justify;\"><b><span lang=\"ES-MX\">Un aumento responsable y cuidadoso con las MiPymes<\/span><\/b><\/p>\n<p class=\"v1MsoNormal\" style=\"text-align: justify;\"><span lang=\"ES-MX\">Adem\u00e1s de la gradualidad en el alza del salario m\u00ednimo, el proyecto contempla que en caso que el \u00cdndice de Precios al Consumidor (IPC) acumulado durante 2023 supere el 6%, se realizar\u00e1 un alza previa de $10.000 el 1 de enero de 2024, quedando el salario m\u00ednimo en $470.000 en dicha fecha, para despu\u00e9s continuar con la gradualidad anteriormente descrita. Posterior a esa fecha, el proyecto contempla, a todo evento, un reajuste autom\u00e1tico del ingreso m\u00ednimo mensual conforme el IPC que se registre entre los meses de julio-diciembre de 2024 y que se concretar\u00e1 en enero del 2025.<\/span><\/p>\n<p class=\"v1MsoNormal\" style=\"text-align: justify;\"><span lang=\"ES-MX\">Adem\u00e1s, el proyecto de ley presentado por el Ejecutivo, y tambi\u00e9n en acuerdo con la CUT, contempla reajustar los tramos de la Asignaci\u00f3n Familiar a partir de mayo de 2023, lo que aumentar\u00e1 la cobertura y los beneficios de los actuales afiliados, fij\u00e1ndose diferentes tramos hasta los $1.175.196.<\/span><\/p>\n<p class=\"v1MsoNormal\" style=\"text-align: justify;\"><span lang=\"ES-MX\">En torno al Subsidio Mensual para alcanzar un Ingreso M\u00ednimo Garantizado que rige hasta el 31 de diciembre de 2023, seg\u00fan consta en la Ley 21.218, se propone en el proyecto ajustar los par\u00e1metros para beneficiar a las y los trabajadores con ingresos mensuales de hasta $500.000, extendiendo as\u00ed su vigencia desde el 31 de diciembre de 2023 al 30 de junio de 2024. Esto, pues al 1 de julio del mismo a\u00f1o, el ingreso m\u00ednimo mensual ya alcanzar\u00e1 dicho monto.<\/span><\/p>\n<p class=\"v1MsoNormal\" style=\"text-align: justify;\"><span lang=\"ES-MX\">El Seremi de Econom\u00eda Fomento y Turismo, Felipe Rojas Pizarro, se\u00f1al\u00f3 que desde su cartera se ingresaron modificaciones al proyecto en directo beneficio de las MiPymes \u00abentre esta medidas destaca el dise\u00f1o de un nuevo subsidio al salario m\u00ednimo para MiPymes y cooperativas, de manera tal de apoyar el pago del salario m\u00ednimo. As\u00ed para el a\u00f1o 2022 en aquel subsidio accedieron en la regi\u00f3n alrededor de mil empresas, de un total de potenciales empresas beneficiarias de 1700, por lo que esperamos que una vez que se apruebe este proyecto de ley, y sus indicaciones, m\u00e1s empresas puedan acceder a este beneficio\u00bb.<\/span><\/p>\n<p class=\"v1MsoNormal\" style=\"text-align: justify;\"><span lang=\"ES-MX\">Tal como lo se\u00f1ala el, Secretario Ministerial,\u00a0 para apoyar a las micro, peque\u00f1as y medianas empresas a cumplir con el reajuste del ingreso m\u00ednimo mensual, se dise\u00f1\u00f3 un subsidio que consiste en un esquema de montos para cada uno de los periodos de alza del salario m\u00ednimo, el que var\u00eda seg\u00fan tama\u00f1o de empresa.<\/span><\/p>\n<p class=\"v1MsoNormal\" style=\"text-align: justify;\"><span lang=\"ES-MX\">Adem\u00e1s, se cre\u00f3 un mecanismo de protecci\u00f3n que se activa en caso de que las condiciones macroecon\u00f3micas del pa\u00eds empeoren y tiene, por efecto inmediato, aumentar los montos que recibir\u00e1n las empresas de menor tama\u00f1o. La discusi\u00f3n en el Senado permiti\u00f3 fortalecer el dise\u00f1o de este subsidio, aumentando el n\u00famero de empresas beneficiarias.<\/span><\/p>\n<p class=\"v1MsoNormal\" style=\"text-align: justify;\"><span lang=\"ES-MX\">\u00abComo gobierno estamos contentos del avance del Proyecto pues no s\u00f3lo busca el alza del salario m\u00ednimo, sino que tambi\u00e9n se hace cargo de las MiPymes en esta alza por medio de este subsidio. As\u00ed, podemos ir avanzando en lo mandatado por nuestro Presidente en materias de seguridad econ\u00f3mica.\u00bb Finaliz\u00f3 la Vocera, Pl\u00e1 \u00c1lvarez.<br \/>\n<\/span><\/p>\n<\/div><\/section><\/div><div  style='height:50px' class='hr hr-invisible   avia-builder-el-6  el_after_av_one_full  el_before_av_social_share '><span class='hr-inner ' ><span class='hr-inner-style'><\/span><\/span><\/div><\/p>\n<div  class='av-social-sharing-box  avia-builder-el-7  el_after_av_hr  el_before_av_hr  '><div class='av-share-box'><h5 class='av-share-link-description av-no-toc '>Compartir esta noticia<\/h5><ul class='av-share-box-list noLightbox'><li class='av-share-link av-social-link-facebook' ><a target=\"_blank\" aria-label=\"Compartir en Facebook\" href='https:\/\/www.facebook.com\/sharer.php?u=https:\/\/radiorevelacionfm.cl\/?p=31163&#038;t=Autoridades%20de%20Ays%C3%A9n%20destacan%20reajuste%20del%20salario%20m%C3%ADnimo%20y%20su%20avance%20a%20tercer%20tr%C3%A1mite' aria-hidden='false' data-av_icon='\ue8f3' data-av_iconfont='entypo-fontello' title='' data-avia-related-tooltip='Compartir en Facebook' rel=\"noopener\"><span class='avia_hidden_link_text'>Compartir en Facebook<\/span><\/a><\/li><li class='av-share-link av-social-link-twitter' ><a target=\"_blank\" aria-label=\"Compartir en Twitter\" href='https:\/\/twitter.com\/share?text=Autoridades%20de%20Ays%C3%A9n%20destacan%20reajuste%20del%20salario%20m%C3%ADnimo%20y%20su%20avance%20a%20tercer%20tr%C3%A1mite&#038;url=https:\/\/radiorevelacionfm.cl\/?p=31163' aria-hidden='false' data-av_icon='\ue8f1' data-av_iconfont='entypo-fontello' title='' data-avia-related-tooltip='Compartir en Twitter' rel=\"noopener\"><span class='avia_hidden_link_text'>Compartir en Twitter<\/span><\/a><\/li><li class='av-share-link av-social-link-whatsapp' ><a target=\"_blank\" aria-label=\"Compartir en Whatsapp\" href='https:\/\/api.whatsapp.com\/send?text=https:\/\/radiorevelacionfm.cl\/?p=31163' aria-hidden='false' data-av_icon='\uf232' data-av_iconfont='entypo-fontello' title='' data-avia-related-tooltip='Compartir en Whatsapp' rel=\"noopener\"><span class='avia_hidden_link_text'>Compartir en Whatsapp<\/span><\/a><\/li><li class='av-share-link av-social-link-linkedin' ><a target=\"_blank\" aria-label=\"Compartir en LinkedIn\" href='https:\/\/linkedin.com\/shareArticle?mini=true&#038;title=Autoridades%20de%20Ays%C3%A9n%20destacan%20reajuste%20del%20salario%20m%C3%ADnimo%20y%20su%20avance%20a%20tercer%20tr%C3%A1mite&#038;url=https:\/\/radiorevelacionfm.cl\/?p=31163' aria-hidden='false' data-av_icon='\ue8fc' data-av_iconfont='entypo-fontello' title='' data-avia-related-tooltip='Compartir en LinkedIn' rel=\"noopener\"><span class='avia_hidden_link_text'>Compartir en LinkedIn<\/span><\/a><\/li><li class='av-share-link av-social-link-mail' ><a  aria-label=\"Compartir por correo\" href='mailto:?subject=Autoridades%20de%20Ays%C3%A9n%20destacan%20reajuste%20del%20salario%20m%C3%ADnimo%20y%20su%20avance%20a%20tercer%20tr%C3%A1mite&#038;body=https:\/\/radiorevelacionfm.cl\/?p=31163' aria-hidden='false' data-av_icon='\ue805' data-av_iconfont='entypo-fontello' title='' data-avia-related-tooltip='Compartir por correo'><span class='avia_hidden_link_text'>Compartir por correo<\/span><\/a><\/li><\/ul><\/div><\/div>\n<div  style='height:50px' class='hr hr-invisible   avia-builder-el-8  el_after_av_social_share  el_before_av_comments_list '><span class='hr-inner ' ><span class='hr-inner-style'><\/span><\/span><\/div>\n<div  class='av-buildercomment  av-blog-meta-html-info-disabled av-blog-meta-tag-disabled  '><\/div>\n","protected":false},"excerpt":{"rendered":"","protected":false},"author":1,"featured_media":29222,"comment_status":"open","ping_status":"open","sticky":false,"template":"","format":"standard","meta":{"footnotes":""},"categories":[38],"tags":[],"class_list":["post-31163","post","type-post","status-publish","format-standard","has-post-thumbnail","hentry","category-regional"],"jetpack_featured_media_url":"https:\/\/radiorevelacionfm.cl\/wp-content\/uploads\/2023\/03\/Seremis-Segegob-TrabyPrevSoc-1-1-1.jpeg","_links":{"self":[{"href":"https:\/\/radiorevelacionfm.cl\/index.php?rest_route=\/wp\/v2\/posts\/31163","targetHints":{"allow":["GET"]}}],"collection":[{"href":"https:\/\/radiorevelacionfm.cl\/index.php?rest_route=\/wp\/v2\/posts"}],"about":[{"href":"https:\/\/radiorevelacionfm.cl\/index.php?rest_route=\/wp\/v2\/types\/post"}],"author":[{"embeddable":true,"href":"https:\/\/radiorevelacionfm.cl\/index.php?rest_route=\/wp\/v2\/users\/1"}],"replies":[{"embeddable":true,"href":"https:\/\/radiorevelacionfm.cl\/index.php?rest_route=%2Fwp%2Fv2%2Fcomments&post=31163"}],"version-history":[{"count":1,"href":"https:\/\/radiorevelacionfm.cl\/index.php?rest_route=\/wp\/v2\/posts\/31163\/revisions"}],"predecessor-version":[{"id":31164,"href":"https:\/\/radiorevelacionfm.cl\/index.php?rest_route=\/wp\/v2\/posts\/31163\/revisions\/31164"}],"wp:featuredmedia":[{"embeddable":true,"href":"https:\/\/radiorevelacionfm.cl\/index.php?rest_route=\/wp\/v2\/media\/29222"}],"wp:attachment":[{"href":"https:\/\/radiorevelacionfm.cl\/index.php?rest_route=%2Fwp%2Fv2%2Fmedia&parent=31163"}],"wp:term":[{"taxonomy":"category","embeddable":true,"href":"https:\/\/radiorevelacionfm.cl\/index.php?rest_route=%2Fwp%2Fv2%2Fcategories&post=31163"},{"taxonomy":"post_tag","embeddable":true,"href":"https:\/\/radiorevelacionfm.cl\/index.php?rest_route=%2Fwp%2Fv2%2Ftags&post=31163"}],"curies":[{"name":"wp","href":"https:\/\/api.w.org\/{rel}","templated":true}]}}