{"id":31157,"date":"2023-05-18T18:49:14","date_gmt":"2023-05-18T21:49:14","guid":{"rendered":"https:\/\/radiorevelacionfm.cl\/?p=31157"},"modified":"2023-05-18T18:49:14","modified_gmt":"2023-05-18T21:49:14","slug":"realizan-simulacro-de-sismo-y-tsunami-en-establecimientos-educacionales-de-la-comuna-de-aysen","status":"publish","type":"post","link":"https:\/\/radiorevelacionfm.cl\/?p=31157","title":{"rendered":"Realizan simulacro de sismo y tsunami en establecimientos educacionales de la comuna de Ays\u00e9n"},"content":{"rendered":"<div class=\"flex_column av_one_full  flex_column_div av-zero-column-padding first  avia-builder-el-0  el_before_av_one_full  avia-builder-el-first  \" style='border-radius:0px; '><div  class='avia-image-container  av-styling-    avia-builder-el-1  avia-builder-el-no-sibling  avia-align-center '  itemprop=\"image\" itemscope=\"itemscope\" itemtype=\"https:\/\/schema.org\/ImageObject\"  ><div class='avia-image-container-inner'><div class='avia-image-overlay-wrap'><img decoding=\"async\" class='wp-image-31158 avia-img-lazy-loading-not-31158 avia_image' src=\"https:\/\/radiorevelacionfm.cl\/wp-content\/uploads\/2023\/05\/Simulacro-2023-05-17-1-1.jpeg\" alt='' title='Simulacro 2023-05-17 (1) (1)' height=\"600\" width=\"800\"  itemprop=\"thumbnailUrl\" srcset=\"https:\/\/radiorevelacionfm.cl\/wp-content\/uploads\/2023\/05\/Simulacro-2023-05-17-1-1.jpeg 800w, https:\/\/radiorevelacionfm.cl\/wp-content\/uploads\/2023\/05\/Simulacro-2023-05-17-1-1-300x225.jpeg 300w, https:\/\/radiorevelacionfm.cl\/wp-content\/uploads\/2023\/05\/Simulacro-2023-05-17-1-1-768x576.jpeg 768w, https:\/\/radiorevelacionfm.cl\/wp-content\/uploads\/2023\/05\/Simulacro-2023-05-17-1-1-705x529.jpeg 705w, https:\/\/radiorevelacionfm.cl\/wp-content\/uploads\/2023\/05\/Simulacro-2023-05-17-1-1-450x338.jpeg 450w, https:\/\/radiorevelacionfm.cl\/wp-content\/uploads\/2023\/05\/Simulacro-2023-05-17-1-1-600x450.jpeg 600w\" sizes=\"(max-width: 800px) 100vw, 800px\" \/><\/div><\/div><\/div><\/div>\n<div class=\"flex_column av_one_full  flex_column_div av-zero-column-padding first  avia-builder-el-2  el_after_av_one_full  el_before_av_one_full  column-top-margin\" style='border-radius:0px; '><section class=\"av_textblock_section \"  itemscope=\"itemscope\" itemtype=\"https:\/\/schema.org\/BlogPosting\" itemprop=\"blogPost\" ><div class='avia_textblock  '   itemprop=\"text\" ><p style=\"text-align: center;\"><strong><span style=\"font-size: 18pt;\">Realizan simulacro de sismo y tsunami en establecimientos educacionales de la comuna de Ays\u00e9n<\/span><\/strong><\/p>\n<div id=\"gtx-trans\" style=\"position: absolute; left: -50px; top: 4.31534px;\">\n<div class=\"gtx-trans-icon\"><\/div>\n<\/div>\n<\/div><\/section><\/div><div class=\"flex_column av_one_full  flex_column_div av-zero-column-padding first  avia-builder-el-4  el_after_av_one_full  el_before_av_hr  column-top-margin\" style='border-radius:0px; '><section class=\"av_textblock_section \"  itemscope=\"itemscope\" itemtype=\"https:\/\/schema.org\/BlogPosting\" itemprop=\"blogPost\" ><div class='avia_textblock  '   itemprop=\"text\" ><p style=\"text-align: justify;\">Durante este mi\u00e9rcoles se llev\u00f3 a cabo un simulacro de evacuaci\u00f3n en los colegios de Puerto Ays\u00e9n, ubicados en una zona de riesgo frente a posibles sismos y tsunamis. El objetivo principal de esta actividad fue evaluar la respuesta de la comunidad escolar ante una situaci\u00f3n de emergencia. Los organizadores felicitaron a todos los participantes por el \u00e9xito de la instancia.<\/p>\n<p style=\"text-align: justify;\">El simulacro cont\u00f3 con la presencia del director Nacional de Senapred, \u00c1lvaro Hormaz\u00e1bal, el director de Seguridad P\u00fablica de Ays\u00e9n, Marco Co\u00f1uecar, as\u00ed como autoridades regionales, Carabineros, PDI, Ej\u00e9rcito, Bomberos, representantes de las Organizaciones Comunitarias y los inspectores de Seguridad del municipio. La participaci\u00f3n activa de todos estos actores demostr\u00f3 el compromiso conjunto en la preparaci\u00f3n para hacer frente a posibles desastres naturales.<\/p>\n<p style=\"text-align: justify;\">Respecto del desarrollo de la actividad, el director de Seguridad P\u00fablica de Ays\u00e9n, Marco Co\u00f1uecar, se\u00f1al\u00f3 que \u201cesta actividad constituy\u00f3 un simulacro para establecimientos educacionales ubicados en zonas de riesgo frente a amenazas de sismos y tsunami, por lo que es muy importante mantenernos preparados\u201d, haciendo \u00e9nfasis en lo crucial de educar a la poblaci\u00f3n escolar ante posibles emergencias.<\/p>\n<p style=\"text-align: justify;\">\u201cNuestra tarea como Municipio es poder apoyar y entregarle a nuestros vecinos herramientas que faciliten el autocuidado ante estas situaciones imprevisibles\u201d, agreg\u00f3 Co\u00f1uecar, manifestando estar \u201cmuy contentos, ya que contamos con la presencia del director nacional de Senapred, con quien pudimos conversar sobre nuestro desaf\u00edo para enfrentar este tipo de eventos\u201d.<\/p>\n<p style=\"text-align: justify;\">Este ejercicio pr\u00e1ctico result\u00f3 fundamental para evaluar la capacidad de respuesta y coordinaci\u00f3n de las instituciones y la comunidad educativa en situaciones de emergencia. Se resalta la importancia de este tipo de simulacros para estar preparados y reducir riesgos ante eventos adversos que puedan afectar la seguridad de la poblaci\u00f3n.<\/p>\n<p style=\"text-align: justify;\">Este tipo de actividades son fundamentales para mantenerse preparados y capacitados ante la posibilidad de un terremoto o tsunami, ya que estos eventos naturales suelen ocurrir de manera impredecible. Mantener un plan de emergencia, conocer las rutas de evacuaci\u00f3n, contar con suministros b\u00e1sicos y participar en simulacros son acciones fundamentales para evitar tragedias.<\/p>\n<\/div><\/section><\/div><\/p>\n<div  style='height:50px' class='hr hr-invisible   avia-builder-el-6  el_after_av_one_full  el_before_av_social_share '><span class='hr-inner ' ><span class='hr-inner-style'><\/span><\/span><\/div>\n<div  class='av-social-sharing-box  avia-builder-el-7  el_after_av_hr  el_before_av_hr  '><div class='av-share-box'><h5 class='av-share-link-description av-no-toc '>Compartir esta noticia<\/h5><ul class='av-share-box-list noLightbox'><li class='av-share-link av-social-link-facebook' ><a target=\"_blank\" aria-label=\"Compartir en Facebook\" href='https:\/\/www.facebook.com\/sharer.php?u=https:\/\/radiorevelacionfm.cl\/?p=31157&#038;t=Realizan%20simulacro%20de%20sismo%20y%20tsunami%20en%20establecimientos%20educacionales%20de%20la%20comuna%20de%20Ays%C3%A9n' aria-hidden='false' data-av_icon='\ue8f3' data-av_iconfont='entypo-fontello' title='' data-avia-related-tooltip='Compartir en Facebook' rel=\"noopener\"><span class='avia_hidden_link_text'>Compartir en Facebook<\/span><\/a><\/li><li class='av-share-link av-social-link-twitter' ><a target=\"_blank\" aria-label=\"Compartir en Twitter\" href='https:\/\/twitter.com\/share?text=Realizan%20simulacro%20de%20sismo%20y%20tsunami%20en%20establecimientos%20educacionales%20de%20la%20comuna%20de%20Ays%C3%A9n&#038;url=https:\/\/radiorevelacionfm.cl\/?p=31157' aria-hidden='false' data-av_icon='\ue8f1' data-av_iconfont='entypo-fontello' title='' data-avia-related-tooltip='Compartir en Twitter' rel=\"noopener\"><span class='avia_hidden_link_text'>Compartir en Twitter<\/span><\/a><\/li><li class='av-share-link av-social-link-whatsapp' ><a target=\"_blank\" aria-label=\"Compartir en Whatsapp\" href='https:\/\/api.whatsapp.com\/send?text=https:\/\/radiorevelacionfm.cl\/?p=31157' aria-hidden='false' data-av_icon='\uf232' data-av_iconfont='entypo-fontello' title='' data-avia-related-tooltip='Compartir en Whatsapp' rel=\"noopener\"><span class='avia_hidden_link_text'>Compartir en Whatsapp<\/span><\/a><\/li><li class='av-share-link av-social-link-linkedin' ><a target=\"_blank\" aria-label=\"Compartir en LinkedIn\" href='https:\/\/linkedin.com\/shareArticle?mini=true&#038;title=Realizan%20simulacro%20de%20sismo%20y%20tsunami%20en%20establecimientos%20educacionales%20de%20la%20comuna%20de%20Ays%C3%A9n&#038;url=https:\/\/radiorevelacionfm.cl\/?p=31157' aria-hidden='false' data-av_icon='\ue8fc' data-av_iconfont='entypo-fontello' title='' data-avia-related-tooltip='Compartir en LinkedIn' rel=\"noopener\"><span class='avia_hidden_link_text'>Compartir en LinkedIn<\/span><\/a><\/li><li class='av-share-link av-social-link-mail' ><a  aria-label=\"Compartir por correo\" href='mailto:?subject=Realizan%20simulacro%20de%20sismo%20y%20tsunami%20en%20establecimientos%20educacionales%20de%20la%20comuna%20de%20Ays%C3%A9n&#038;body=https:\/\/radiorevelacionfm.cl\/?p=31157' aria-hidden='false' data-av_icon='\ue805' data-av_iconfont='entypo-fontello' title='' data-avia-related-tooltip='Compartir por correo'><span class='avia_hidden_link_text'>Compartir por correo<\/span><\/a><\/li><\/ul><\/div><\/div>\n<div  style='height:50px' class='hr hr-invisible   avia-builder-el-8  el_after_av_social_share  el_before_av_comments_list '><span class='hr-inner ' ><span class='hr-inner-style'><\/span><\/span><\/div>\n<div  class='av-buildercomment  av-blog-meta-html-info-disabled av-blog-meta-tag-disabled  '><\/div>\n","protected":false},"excerpt":{"rendered":"","protected":false},"author":1,"featured_media":31158,"comment_status":"open","ping_status":"open","sticky":false,"template":"","format":"standard","meta":{"footnotes":""},"categories":[49],"tags":[],"class_list":["post-31157","post","type-post","status-publish","format-standard","has-post-thumbnail","hentry","category-educacion"],"jetpack_featured_media_url":"https:\/\/radiorevelacionfm.cl\/wp-content\/uploads\/2023\/05\/Simulacro-2023-05-17-1-1.jpeg","_links":{"self":[{"href":"https:\/\/radiorevelacionfm.cl\/index.php?rest_route=\/wp\/v2\/posts\/31157","targetHints":{"allow":["GET"]}}],"collection":[{"href":"https:\/\/radiorevelacionfm.cl\/index.php?rest_route=\/wp\/v2\/posts"}],"about":[{"href":"https:\/\/radiorevelacionfm.cl\/index.php?rest_route=\/wp\/v2\/types\/post"}],"author":[{"embeddable":true,"href":"https:\/\/radiorevelacionfm.cl\/index.php?rest_route=\/wp\/v2\/users\/1"}],"replies":[{"embeddable":true,"href":"https:\/\/radiorevelacionfm.cl\/index.php?rest_route=%2Fwp%2Fv2%2Fcomments&post=31157"}],"version-history":[{"count":2,"href":"https:\/\/radiorevelacionfm.cl\/index.php?rest_route=\/wp\/v2\/posts\/31157\/revisions"}],"predecessor-version":[{"id":31168,"href":"https:\/\/radiorevelacionfm.cl\/index.php?rest_route=\/wp\/v2\/posts\/31157\/revisions\/31168"}],"wp:featuredmedia":[{"embeddable":true,"href":"https:\/\/radiorevelacionfm.cl\/index.php?rest_route=\/wp\/v2\/media\/31158"}],"wp:attachment":[{"href":"https:\/\/radiorevelacionfm.cl\/index.php?rest_route=%2Fwp%2Fv2%2Fmedia&parent=31157"}],"wp:term":[{"taxonomy":"category","embeddable":true,"href":"https:\/\/radiorevelacionfm.cl\/index.php?rest_route=%2Fwp%2Fv2%2Fcategories&post=31157"},{"taxonomy":"post_tag","embeddable":true,"href":"https:\/\/radiorevelacionfm.cl\/index.php?rest_route=%2Fwp%2Fv2%2Ftags&post=31157"}],"curies":[{"name":"wp","href":"https:\/\/api.w.org\/{rel}","templated":true}]}}