{"id":31142,"date":"2023-05-20T17:07:24","date_gmt":"2023-05-20T20:07:24","guid":{"rendered":"https:\/\/radiorevelacionfm.cl\/?p=31142"},"modified":"2023-05-20T17:07:24","modified_gmt":"2023-05-20T20:07:24","slug":"taller-participativo-invita-a-co-disenar-un-modelo-de-gestion-territorial-en-ciencia-y-tecnologia","status":"publish","type":"post","link":"https:\/\/radiorevelacionfm.cl\/?p=31142","title":{"rendered":"Taller participativo invita a co-dise\u00f1ar un modelo de gesti\u00f3n territorial en ciencia y tecnolog\u00eda"},"content":{"rendered":"<div class=\"flex_column av_one_full  flex_column_div av-zero-column-padding first  avia-builder-el-0  el_before_av_one_full  avia-builder-el-first  \" style='border-radius:0px; '><div  class='avia-image-container  av-styling-    avia-builder-el-1  avia-builder-el-no-sibling  avia-align-center '  itemprop=\"image\" itemscope=\"itemscope\" itemtype=\"https:\/\/schema.org\/ImageObject\"  ><div class='avia-image-container-inner'><div class='avia-image-overlay-wrap'><img decoding=\"async\" class='wp-image-31143 avia-img-lazy-loading-not-31143 avia_image' src=\"https:\/\/radiorevelacionfm.cl\/wp-content\/uploads\/2023\/05\/Taller-Gobernanza-ano-pasado-1-1.jpeg\" alt='' title='Taller Gobernanza a\u00f1o pasado (1) (1)' height=\"600\" width=\"799\"  itemprop=\"thumbnailUrl\" srcset=\"https:\/\/radiorevelacionfm.cl\/wp-content\/uploads\/2023\/05\/Taller-Gobernanza-ano-pasado-1-1.jpeg 799w, https:\/\/radiorevelacionfm.cl\/wp-content\/uploads\/2023\/05\/Taller-Gobernanza-ano-pasado-1-1-300x225.jpeg 300w, https:\/\/radiorevelacionfm.cl\/wp-content\/uploads\/2023\/05\/Taller-Gobernanza-ano-pasado-1-1-768x577.jpeg 768w, https:\/\/radiorevelacionfm.cl\/wp-content\/uploads\/2023\/05\/Taller-Gobernanza-ano-pasado-1-1-705x529.jpeg 705w, https:\/\/radiorevelacionfm.cl\/wp-content\/uploads\/2023\/05\/Taller-Gobernanza-ano-pasado-1-1-450x338.jpeg 450w, https:\/\/radiorevelacionfm.cl\/wp-content\/uploads\/2023\/05\/Taller-Gobernanza-ano-pasado-1-1-600x451.jpeg 600w\" sizes=\"(max-width: 799px) 100vw, 799px\" \/><\/div><\/div><\/div><\/div><div class=\"flex_column av_one_full  flex_column_div av-zero-column-padding first  avia-builder-el-2  el_after_av_one_full  el_before_av_one_full  column-top-margin\" style='border-radius:0px; '><section class=\"av_textblock_section \"  itemscope=\"itemscope\" itemtype=\"https:\/\/schema.org\/BlogPosting\" itemprop=\"blogPost\" ><div class='avia_textblock  '   itemprop=\"text\" ><p style=\"text-align: center;\"><strong><span style=\"font-size: 18pt;\">Taller participativo invita a co-dise\u00f1ar un modelo de gesti\u00f3n territorial en ciencia y tecnolog\u00eda<\/span><\/strong><\/p>\n<div id=\"gtx-trans\" style=\"position: absolute; left: -50px; top: 4.31534px;\">\n<div class=\"gtx-trans-icon\"><\/div>\n<\/div>\n<\/div><\/section><\/div><div class=\"flex_column av_one_full  flex_column_div av-zero-column-padding first  avia-builder-el-4  el_after_av_one_full  el_before_av_hr  column-top-margin\" style='border-radius:0px; '><section class=\"av_textblock_section \"  itemscope=\"itemscope\" itemtype=\"https:\/\/schema.org\/BlogPosting\" itemprop=\"blogPost\" ><div class='avia_textblock  '   itemprop=\"text\" ><p dir=\"ltr\" style=\"text-align: justify;\">\u00abProyectando un modelo de gesti\u00f3n territorial en Ciencia, Tecnolog\u00eda, Conocimiento e Innovaci\u00f3n (CTCI)\u201d es el nombre del taller de gobernanza que busca convocar a diversos actores del sector p\u00fablico, privado y la comunidad interesada o vinculada a estos \u00e1mbitos de trabajo. Esta actividad virtual es desarrollada por el Nodo Ciencia Austral, red colaborativa que busca aportar a la descentralizaci\u00f3n y la equidad en materia de CTCI.<\/p>\n<p dir=\"ltr\" style=\"text-align: justify;\">\u201dLa invitaci\u00f3n es a avanzar en la propuesta de un modelo de gesti\u00f3n territorial en ciencia, tecnolog\u00eda, conocimiento e innovaci\u00f3n, que se adec\u00fae a las caracter\u00edsticas de las regiones de Ays\u00e9n y de Magallanes y Ant\u00e1rtica Chilena, y que nos ayude a construir una forma de tomar decisiones, de articularnos y de ser m\u00e1s eficientes\u201d, comenta el coordinador de Nodo Ciencia Austral en Magallanes, el investigador Dr. Rodolfo Sapiains.<\/p>\n<p dir=\"ltr\" style=\"text-align: justify;\">El taller se llevar\u00e1 a cabo de manera virtual el pr\u00f3ximo mi\u00e9rcoles 24 de mayo a las 9:00 hrs. para la regi\u00f3n de Ays\u00e9n y a las 10:00 hrs. para la regi\u00f3n de Magallanes y Ant\u00e1rtica Chilena. Los interesados en participar deben inscribirse en el siguiente enlace: <a href=\"https:\/\/forms.gle\/oe7UZ3Kw5nXXMux3A\" target=\"_blank\" rel=\"noopener\" data-saferedirecturl=\"https:\/\/www.google.com\/url?q=https:\/\/forms.gle\/oe7UZ3Kw5nXXMux3A&amp;source=gmail&amp;ust=1684512257769000&amp;usg=AOvVaw1wd1NDCEepg7miVBV5XVCm\">https:\/\/forms.gle\/<wbr \/>oe7UZ3Kw5nXXMux3A<\/a>. Posteriormente, recibir\u00e1 en el correo electr\u00f3nico el link de conexi\u00f3n al encuentro. Ya hay m\u00e1s de 60 personas inscritas.<\/p>\n<p dir=\"ltr\" style=\"text-align: justify;\">Cabe destacar que esta convocatoria se realizar\u00e1 en el marco del Comit\u00e9 de Coordinaci\u00f3n Macrozonal, un encuentro mensual de gobernanza que re\u00fane a los principales actores en ciencia y tecnolog\u00eda del sector p\u00fablico, privado y la sociedad civil de ambas regiones. Cada mes, este comit\u00e9 es convocado por Nodo Ciencia Austral y la Seremi de Ciencia de la macrozona, Ver\u00f3nica Vallejos.<\/p>\n<p dir=\"ltr\" style=\"text-align: justify;\">Gobernanza es uno de los ejes centrales que busca impulsar el Nodo Ciencia Austral, apostando por un modelo que permita, en forma articulada, gestionar tema\u0301ticas de gran relevancia para las comunidades de ambas regiones, por ejemplo, en a\u0301mbitos relacionados con el capital humano, cambio clima\u0301tico y medioambiente. De esta manera, el equipo contempl\u00f3 la realizaci\u00f3n de tres talleres en materia de gobernanza. Los pr\u00f3ximos encuentros est\u00e1n proyectados para los meses de julio y agosto y estar\u00e1n enfocados en la consolidaci\u00f3n del modelo de gesti\u00f3n territorial en CTCI y posteriormente, en la institucionalizaci\u00f3n de esta propuesta.<\/p>\n<p dir=\"ltr\" style=\"text-align: justify;\">Nodo Ciencia Austral es un proyecto que se implementa desde el a\u00f1o 2021 y actualmente conforma una amplia red de trabajo colaborativo integrada por diez instituciones vinculadas a la ciencia y la tecnolog\u00eda en la Macrozona Austral: Universidad de Magallanes, Universidad de Ays\u00e9n, Centro de Investigaci\u00f3n en Ecosistemas de la Patagonia (CIEP), Instituto Ant\u00e1rtico Chileno (INACH), Campus Patagonia de la Universidad Austral de Chile, Red de Museos de Magallanes, Centro Internacional Cabo de Hornos (CHIC), Instituto de Fomento Pesquero (IFOP), Museo Regional de Ays\u00e9n y Centro de Estudios del Cuaternario, Fuego-Patagonia y Ant\u00e1rtica (CEQUA). Esta iniciativa es financiada por la Agencia Nacional de Investigaci\u00f3n y Desarrollo (ANID).<\/p>\n<\/div><\/section><\/div><div  style='height:50px' class='hr hr-invisible   avia-builder-el-6  el_after_av_one_full  el_before_av_social_share '><span class='hr-inner ' ><span class='hr-inner-style'><\/span><\/span><\/div><\/p>\n<div  class='av-social-sharing-box  avia-builder-el-7  el_after_av_hr  el_before_av_hr  '><div class='av-share-box'><h5 class='av-share-link-description av-no-toc '>Compartir esta noticia<\/h5><ul class='av-share-box-list noLightbox'><li class='av-share-link av-social-link-facebook' ><a target=\"_blank\" aria-label=\"Compartir en Facebook\" href='https:\/\/www.facebook.com\/sharer.php?u=https:\/\/radiorevelacionfm.cl\/?p=31142&#038;t=Taller%20participativo%20invita%20a%20co-dise%C3%B1ar%20un%20modelo%20de%20gesti%C3%B3n%20territorial%20en%20ciencia%20y%20tecnolog%C3%ADa' aria-hidden='false' data-av_icon='\ue8f3' data-av_iconfont='entypo-fontello' title='' data-avia-related-tooltip='Compartir en Facebook' rel=\"noopener\"><span class='avia_hidden_link_text'>Compartir en Facebook<\/span><\/a><\/li><li class='av-share-link av-social-link-twitter' ><a target=\"_blank\" aria-label=\"Compartir en Twitter\" href='https:\/\/twitter.com\/share?text=Taller%20participativo%20invita%20a%20co-dise%C3%B1ar%20un%20modelo%20de%20gesti%C3%B3n%20territorial%20en%20ciencia%20y%20tecnolog%C3%ADa&#038;url=https:\/\/radiorevelacionfm.cl\/?p=31142' aria-hidden='false' data-av_icon='\ue8f1' data-av_iconfont='entypo-fontello' title='' data-avia-related-tooltip='Compartir en Twitter' rel=\"noopener\"><span class='avia_hidden_link_text'>Compartir en Twitter<\/span><\/a><\/li><li class='av-share-link av-social-link-whatsapp' ><a target=\"_blank\" aria-label=\"Compartir en Whatsapp\" href='https:\/\/api.whatsapp.com\/send?text=https:\/\/radiorevelacionfm.cl\/?p=31142' aria-hidden='false' data-av_icon='\uf232' data-av_iconfont='entypo-fontello' title='' data-avia-related-tooltip='Compartir en Whatsapp' rel=\"noopener\"><span class='avia_hidden_link_text'>Compartir en Whatsapp<\/span><\/a><\/li><li class='av-share-link av-social-link-linkedin' ><a target=\"_blank\" aria-label=\"Compartir en LinkedIn\" href='https:\/\/linkedin.com\/shareArticle?mini=true&#038;title=Taller%20participativo%20invita%20a%20co-dise%C3%B1ar%20un%20modelo%20de%20gesti%C3%B3n%20territorial%20en%20ciencia%20y%20tecnolog%C3%ADa&#038;url=https:\/\/radiorevelacionfm.cl\/?p=31142' aria-hidden='false' data-av_icon='\ue8fc' data-av_iconfont='entypo-fontello' title='' data-avia-related-tooltip='Compartir en LinkedIn' rel=\"noopener\"><span class='avia_hidden_link_text'>Compartir en LinkedIn<\/span><\/a><\/li><li class='av-share-link av-social-link-mail' ><a  aria-label=\"Compartir por correo\" href='mailto:?subject=Taller%20participativo%20invita%20a%20co-dise%C3%B1ar%20un%20modelo%20de%20gesti%C3%B3n%20territorial%20en%20ciencia%20y%20tecnolog%C3%ADa&#038;body=https:\/\/radiorevelacionfm.cl\/?p=31142' aria-hidden='false' data-av_icon='\ue805' data-av_iconfont='entypo-fontello' title='' data-avia-related-tooltip='Compartir por correo'><span class='avia_hidden_link_text'>Compartir por correo<\/span><\/a><\/li><\/ul><\/div><\/div>\n<div  style='height:50px' class='hr hr-invisible   avia-builder-el-8  el_after_av_social_share  el_before_av_comments_list '><span class='hr-inner ' ><span class='hr-inner-style'><\/span><\/span><\/div>\n<div  class='av-buildercomment  av-blog-meta-html-info-disabled av-blog-meta-tag-disabled  '><\/div>\n","protected":false},"excerpt":{"rendered":"","protected":false},"author":1,"featured_media":31143,"comment_status":"open","ping_status":"open","sticky":false,"template":"","format":"standard","meta":{"footnotes":""},"categories":[53],"tags":[],"class_list":["post-31142","post","type-post","status-publish","format-standard","has-post-thumbnail","hentry","category-ciencia"],"jetpack_featured_media_url":"https:\/\/radiorevelacionfm.cl\/wp-content\/uploads\/2023\/05\/Taller-Gobernanza-ano-pasado-1-1.jpeg","_links":{"self":[{"href":"https:\/\/radiorevelacionfm.cl\/index.php?rest_route=\/wp\/v2\/posts\/31142","targetHints":{"allow":["GET"]}}],"collection":[{"href":"https:\/\/radiorevelacionfm.cl\/index.php?rest_route=\/wp\/v2\/posts"}],"about":[{"href":"https:\/\/radiorevelacionfm.cl\/index.php?rest_route=\/wp\/v2\/types\/post"}],"author":[{"embeddable":true,"href":"https:\/\/radiorevelacionfm.cl\/index.php?rest_route=\/wp\/v2\/users\/1"}],"replies":[{"embeddable":true,"href":"https:\/\/radiorevelacionfm.cl\/index.php?rest_route=%2Fwp%2Fv2%2Fcomments&post=31142"}],"version-history":[{"count":1,"href":"https:\/\/radiorevelacionfm.cl\/index.php?rest_route=\/wp\/v2\/posts\/31142\/revisions"}],"predecessor-version":[{"id":31144,"href":"https:\/\/radiorevelacionfm.cl\/index.php?rest_route=\/wp\/v2\/posts\/31142\/revisions\/31144"}],"wp:featuredmedia":[{"embeddable":true,"href":"https:\/\/radiorevelacionfm.cl\/index.php?rest_route=\/wp\/v2\/media\/31143"}],"wp:attachment":[{"href":"https:\/\/radiorevelacionfm.cl\/index.php?rest_route=%2Fwp%2Fv2%2Fmedia&parent=31142"}],"wp:term":[{"taxonomy":"category","embeddable":true,"href":"https:\/\/radiorevelacionfm.cl\/index.php?rest_route=%2Fwp%2Fv2%2Fcategories&post=31142"},{"taxonomy":"post_tag","embeddable":true,"href":"https:\/\/radiorevelacionfm.cl\/index.php?rest_route=%2Fwp%2Fv2%2Ftags&post=31142"}],"curies":[{"name":"wp","href":"https:\/\/api.w.org\/{rel}","templated":true}]}}