{"id":3114,"date":"2021-04-14T17:44:20","date_gmt":"2021-04-14T20:44:20","guid":{"rendered":"https:\/\/radiorevelacionfm.cl\/?p=3114"},"modified":"2021-04-14T17:44:20","modified_gmt":"2021-04-14T20:44:20","slug":"comision-de-libertad-condicional-acogio-8-solicitudes-de-beneficio-de-un-total-de-32-peticiones-en-la-region","status":"publish","type":"post","link":"https:\/\/radiorevelacionfm.cl\/?p=3114","title":{"rendered":"Comisi\u00f3n de Libertad Condicional acogi\u00f3 8 solicitudes de beneficio de un total de 32 peticiones en la regi\u00f3n"},"content":{"rendered":"<div class=\"flex_column av_one_full  flex_column_div av-zero-column-padding first  avia-builder-el-0  el_before_av_one_full  avia-builder-el-first  \" style='border-radius:0px; '><div  class='avia-image-container  av-styling-    avia-builder-el-1  avia-builder-el-no-sibling  avia-align-center '  itemprop=\"image\" itemscope=\"itemscope\" itemtype=\"https:\/\/schema.org\/ImageObject\"  ><div class='avia-image-container-inner'><div class='avia-image-overlay-wrap'><img decoding=\"async\" class='wp-image-0 avia-img-lazy-loading-not-0 avia_image' src=\"https:\/\/radiorevelacionfm.cl\/wp-content\/uploads\/2021\/04\/Comision-foto-1-1.jpg\" alt='' title=''   itemprop=\"thumbnailUrl\"  \/><\/div><\/div><\/div><\/div><div class=\"flex_column av_one_full  flex_column_div av-zero-column-padding first  avia-builder-el-2  el_after_av_one_full  el_before_av_one_full  column-top-margin\" style='border-radius:0px; '><section class=\"av_textblock_section \"  itemscope=\"itemscope\" itemtype=\"https:\/\/schema.org\/BlogPosting\" itemprop=\"blogPost\" ><div class='avia_textblock  '   itemprop=\"text\" ><p style=\"text-align: center;\"><strong><span style=\"font-size: 18pt;\">Comisi\u00f3n de Libertad Condicional acogi\u00f3 8 solicitudes de beneficio de un total de 32 peticiones en la regi\u00f3n <\/span><\/strong><\/p>\n<div id=\"gtx-trans\" style=\"position: absolute; left: -50px; top: 4.31534px;\">\n<div class=\"gtx-trans-icon\"><\/div>\n<\/div>\n<\/div><\/section><\/div><div class=\"flex_column av_one_full  flex_column_div av-zero-column-padding first  avia-builder-el-4  el_after_av_one_full  el_before_av_hr  column-top-margin\" style='border-radius:0px; '><section class=\"av_textblock_section \"  itemscope=\"itemscope\" itemtype=\"https:\/\/schema.org\/BlogPosting\" itemprop=\"blogPost\" ><div class='avia_textblock  '   itemprop=\"text\" ><p style=\"font-weight: 400; text-align: justify;\">La Comisi\u00f3n de Libertad Condicional de la jurisdicci\u00f3n Coyhaique sesion\u00f3 el lunes 12 de abril, v\u00eda videoconferencia, y acogi\u00f3 8 solicitudes de libertades condicionales de un total de 32 presentadas por condenados de las unidades penales de Coyhaique, Puerto Ays\u00e9n, Chile Chico, Cochrane y el Centro de Estudio y Trabajo (CET) Valle Verde.<\/p>\n<p style=\"font-weight: 400; text-align: justify;\">En esta primera sesi\u00f3n del a\u00f1o 2021, la comisi\u00f3n fue presidida por el ministro Sergio Mora Vallejos, e integrada por la jueza de Garant\u00eda Cecilia Urbina Pinto, y los magistrados del \u00a0Tribunal de Juicio Oral en lo Penal Pablo Freire Gavil\u00e1n, Rosal\u00eda Mansilla Quiroz y M\u00f3nica Coloma Pulgar y adem\u00e1s de Gast\u00f3n Hern\u00e1ndez Leiva, como secretario subrogante del tribunal de alzada, en calidad de ministro de fe.<\/p>\n<p style=\"font-weight: 400; text-align: justify;\">En la instancia, la comisi\u00f3n trabaj\u00f3 en base a los respectivos informes t\u00e9cnicos elaborados por Gendarmer\u00eda de Chile, alcanzando un 75 % de rechazo del total solicitante.<\/p>\n<p style=\"font-weight: 400; text-align: justify;\">El Decreto Ley N\u00b0 321, modificado por la ley N\u00b0 21.124 -que entr\u00f3 en vigencia el 18 de enero de 2019-, establece como requisitos para postular al beneficio de la libertad condicional, haber cumplido la mitad de la condena y dos tercios en el caso de condenas por delitos graves; presentar una conducta intachable en el establecimiento penal, y contar con un informe de postulaci\u00f3n psicosocial elaborado por un equipo profesional del \u00e1rea t\u00e9cnica de Gendarmer\u00eda, que permita orientar sobre los factores de riesgo de reincidencia, con el fin de conocer sus posibilidades para reinsertarse adecuadamente en la sociedad.<\/p>\n<p style=\"font-weight: 400; text-align: justify;\">El 17 de septiembre de 2020, el Ejecutivo public\u00f3 adem\u00e1s el decreto 338, reglamento que establece las normas relativas a la organizaci\u00f3n del sistema de libertad condicional, incluyendo los programas, las caracter\u00edsticas y los aspectos particulares que \u00e9stos deber\u00e1n tener, as\u00ed como los planes de intervenci\u00f3n individual y las caracter\u00edsticas y requisitos que deben reunir los delegados de libertad condicional.<\/p>\n<\/div><\/section><\/div><div  style='height:50px' class='hr hr-invisible   avia-builder-el-6  el_after_av_one_full  el_before_av_social_share '><span class='hr-inner ' ><span class='hr-inner-style'><\/span><\/span><\/div><\/p>\n<div  class='av-social-sharing-box  avia-builder-el-7  el_after_av_hr  el_before_av_hr  '><div class='av-share-box'><h5 class='av-share-link-description av-no-toc '>Compartir esta noticia<\/h5><ul class='av-share-box-list noLightbox'><li class='av-share-link av-social-link-facebook' ><a target=\"_blank\" aria-label=\"Compartir en Facebook\" href='https:\/\/www.facebook.com\/sharer.php?u=https:\/\/radiorevelacionfm.cl\/?p=3114&#038;t=Comisi%C3%B3n%20de%20Libertad%20Condicional%20acogi%C3%B3%208%20solicitudes%20de%20beneficio%20de%20un%20total%20de%2032%20peticiones%20en%20la%20regi%C3%B3n' aria-hidden='false' data-av_icon='\ue8f3' data-av_iconfont='entypo-fontello' title='' data-avia-related-tooltip='Compartir en Facebook' rel=\"noopener\"><span class='avia_hidden_link_text'>Compartir en Facebook<\/span><\/a><\/li><li class='av-share-link av-social-link-twitter' ><a target=\"_blank\" aria-label=\"Compartir en Twitter\" href='https:\/\/twitter.com\/share?text=Comisi%C3%B3n%20de%20Libertad%20Condicional%20acogi%C3%B3%208%20solicitudes%20de%20beneficio%20de%20un%20total%20de%2032%20peticiones%20en%20la%20regi%C3%B3n&#038;url=https:\/\/radiorevelacionfm.cl\/?p=3114' aria-hidden='false' data-av_icon='\ue8f1' data-av_iconfont='entypo-fontello' title='' data-avia-related-tooltip='Compartir en Twitter' rel=\"noopener\"><span class='avia_hidden_link_text'>Compartir en Twitter<\/span><\/a><\/li><li class='av-share-link av-social-link-whatsapp' ><a target=\"_blank\" aria-label=\"Compartir en Whatsapp\" href='https:\/\/api.whatsapp.com\/send?text=https:\/\/radiorevelacionfm.cl\/?p=3114' aria-hidden='false' data-av_icon='\uf232' data-av_iconfont='entypo-fontello' title='' data-avia-related-tooltip='Compartir en Whatsapp' rel=\"noopener\"><span class='avia_hidden_link_text'>Compartir en Whatsapp<\/span><\/a><\/li><li class='av-share-link av-social-link-linkedin' ><a target=\"_blank\" aria-label=\"Compartir en LinkedIn\" href='https:\/\/linkedin.com\/shareArticle?mini=true&#038;title=Comisi%C3%B3n%20de%20Libertad%20Condicional%20acogi%C3%B3%208%20solicitudes%20de%20beneficio%20de%20un%20total%20de%2032%20peticiones%20en%20la%20regi%C3%B3n&#038;url=https:\/\/radiorevelacionfm.cl\/?p=3114' aria-hidden='false' data-av_icon='\ue8fc' data-av_iconfont='entypo-fontello' title='' data-avia-related-tooltip='Compartir en LinkedIn' rel=\"noopener\"><span class='avia_hidden_link_text'>Compartir en LinkedIn<\/span><\/a><\/li><li class='av-share-link av-social-link-mail' ><a  aria-label=\"Compartir por correo\" href='mailto:?subject=Comisi%C3%B3n%20de%20Libertad%20Condicional%20acogi%C3%B3%208%20solicitudes%20de%20beneficio%20de%20un%20total%20de%2032%20peticiones%20en%20la%20regi%C3%B3n&#038;body=https:\/\/radiorevelacionfm.cl\/?p=3114' aria-hidden='false' data-av_icon='\ue805' data-av_iconfont='entypo-fontello' title='' data-avia-related-tooltip='Compartir por correo'><span class='avia_hidden_link_text'>Compartir por correo<\/span><\/a><\/li><\/ul><\/div><\/div>\n<div  style='height:50px' class='hr hr-invisible   avia-builder-el-8  el_after_av_social_share  el_before_av_comments_list '><span class='hr-inner ' ><span class='hr-inner-style'><\/span><\/span><\/div>\n<div  class='av-buildercomment  av-blog-meta-html-info-disabled av-blog-meta-tag-disabled  '><\/div>\n","protected":false},"excerpt":{"rendered":"","protected":false},"author":1,"featured_media":0,"comment_status":"open","ping_status":"open","sticky":false,"template":"","format":"standard","meta":{"footnotes":""},"categories":[55],"tags":[],"class_list":["post-3114","post","type-post","status-publish","format-standard","hentry","category-justicia"],"jetpack_featured_media_url":"","_links":{"self":[{"href":"https:\/\/radiorevelacionfm.cl\/index.php?rest_route=\/wp\/v2\/posts\/3114","targetHints":{"allow":["GET"]}}],"collection":[{"href":"https:\/\/radiorevelacionfm.cl\/index.php?rest_route=\/wp\/v2\/posts"}],"about":[{"href":"https:\/\/radiorevelacionfm.cl\/index.php?rest_route=\/wp\/v2\/types\/post"}],"author":[{"embeddable":true,"href":"https:\/\/radiorevelacionfm.cl\/index.php?rest_route=\/wp\/v2\/users\/1"}],"replies":[{"embeddable":true,"href":"https:\/\/radiorevelacionfm.cl\/index.php?rest_route=%2Fwp%2Fv2%2Fcomments&post=3114"}],"version-history":[{"count":1,"href":"https:\/\/radiorevelacionfm.cl\/index.php?rest_route=\/wp\/v2\/posts\/3114\/revisions"}],"predecessor-version":[{"id":3116,"href":"https:\/\/radiorevelacionfm.cl\/index.php?rest_route=\/wp\/v2\/posts\/3114\/revisions\/3116"}],"wp:attachment":[{"href":"https:\/\/radiorevelacionfm.cl\/index.php?rest_route=%2Fwp%2Fv2%2Fmedia&parent=3114"}],"wp:term":[{"taxonomy":"category","embeddable":true,"href":"https:\/\/radiorevelacionfm.cl\/index.php?rest_route=%2Fwp%2Fv2%2Fcategories&post=3114"},{"taxonomy":"post_tag","embeddable":true,"href":"https:\/\/radiorevelacionfm.cl\/index.php?rest_route=%2Fwp%2Fv2%2Ftags&post=3114"}],"curies":[{"name":"wp","href":"https:\/\/api.w.org\/{rel}","templated":true}]}}