{"id":31139,"date":"2023-05-18T13:51:46","date_gmt":"2023-05-18T16:51:46","guid":{"rendered":"https:\/\/radiorevelacionfm.cl\/?p=31139"},"modified":"2023-05-18T13:51:46","modified_gmt":"2023-05-18T16:51:46","slug":"expreso-conecta-mayor-exitosa-iniciativa-de-municipio-de-aysen-para-el-bienestar-de-las-personas-mayores","status":"publish","type":"post","link":"https:\/\/radiorevelacionfm.cl\/?p=31139","title":{"rendered":"Expreso Conecta Mayor: Exitosa iniciativa de municipio de Ays\u00e9n para el bienestar de las personas mayores"},"content":{"rendered":"<div class=\"flex_column av_one_full  flex_column_div av-zero-column-padding first  avia-builder-el-0  el_before_av_one_full  avia-builder-el-first  \" style='border-radius:0px; '><div  class='avia-image-container  av-styling-    avia-builder-el-1  avia-builder-el-no-sibling  avia-align-center '  itemprop=\"image\" itemscope=\"itemscope\" itemtype=\"https:\/\/schema.org\/ImageObject\"  ><div class='avia-image-container-inner'><div class='avia-image-overlay-wrap'><img decoding=\"async\" class='wp-image-31140 avia-img-lazy-loading-not-31140 avia_image' src=\"https:\/\/radiorevelacionfm.cl\/wp-content\/uploads\/2023\/05\/Fotografia-7-1-1.jpg\" alt='' title='Fotograf\u00eda (7) (1) (1)' height=\"600\" width=\"1067\"  itemprop=\"thumbnailUrl\" srcset=\"https:\/\/radiorevelacionfm.cl\/wp-content\/uploads\/2023\/05\/Fotografia-7-1-1.jpg 1067w, https:\/\/radiorevelacionfm.cl\/wp-content\/uploads\/2023\/05\/Fotografia-7-1-1-300x169.jpg 300w, https:\/\/radiorevelacionfm.cl\/wp-content\/uploads\/2023\/05\/Fotografia-7-1-1-1030x579.jpg 1030w, https:\/\/radiorevelacionfm.cl\/wp-content\/uploads\/2023\/05\/Fotografia-7-1-1-768x432.jpg 768w, https:\/\/radiorevelacionfm.cl\/wp-content\/uploads\/2023\/05\/Fotografia-7-1-1-705x396.jpg 705w, https:\/\/radiorevelacionfm.cl\/wp-content\/uploads\/2023\/05\/Fotografia-7-1-1-450x253.jpg 450w, https:\/\/radiorevelacionfm.cl\/wp-content\/uploads\/2023\/05\/Fotografia-7-1-1-600x337.jpg 600w\" sizes=\"(max-width: 1067px) 100vw, 1067px\" \/><\/div><\/div><\/div><\/div><div class=\"flex_column av_one_full  flex_column_div av-zero-column-padding first  avia-builder-el-2  el_after_av_one_full  el_before_av_one_full  column-top-margin\" style='border-radius:0px; '><section class=\"av_textblock_section \"  itemscope=\"itemscope\" itemtype=\"https:\/\/schema.org\/BlogPosting\" itemprop=\"blogPost\" ><div class='avia_textblock  '   itemprop=\"text\" ><p style=\"text-align: center;\"><strong><span style=\"font-size: 18pt;\">Expreso Conecta Mayor: Exitosa iniciativa de municipio de Ays\u00e9n para el bienestar de las personas mayores<\/span><\/strong><\/p>\n<div id=\"gtx-trans\" style=\"position: absolute; left: -50px; top: 4.31534px;\">\n<div class=\"gtx-trans-icon\"><\/div>\n<\/div>\n<\/div><\/section><\/div><div class=\"flex_column av_one_full  flex_column_div av-zero-column-padding first  avia-builder-el-4  el_after_av_one_full  el_before_av_hr  column-top-margin\" style='border-radius:0px; '><section class=\"av_textblock_section \"  itemscope=\"itemscope\" itemtype=\"https:\/\/schema.org\/BlogPosting\" itemprop=\"blogPost\" ><div class='avia_textblock  '   itemprop=\"text\" ><p style=\"text-align: justify;\">Con un mes de funcionamiento ininterrumpido la iniciativa Expreso Conecta Mayor ha resultado tremendamente beneficiosa para las personas mayores de la comuna, quienes pueden trasladarse desde sus hogares hasta sus lugares de destino facilitando la movilidad y mejorando la calidad de vida y bienestar de las personas mayores.<\/p>\n<p style=\"text-align: justify;\">El servicio gratuito que lanz\u00f3 la Ilustre Municipalidad de Ays\u00e9n a principios de abril, ha sido ejecutado a trav\u00e9s de la Direcci\u00f3n de Desarrollo Comunitario y su Oficina del Adulto Mayor y Discapacidad. Mirna Turra, coordinadora de la Oficina del Adulto Mayor y Discapacidad, explic\u00f3 que el Expreso Conecta Mayor est\u00e1 dirigido a personas de 60 a\u00f1os en adelante, tanto a aquellos que est\u00e1n organizados en clubes de adultos mayores como a los que no lo est\u00e1n. Incluso, se permite a las y los beneficiarios ser acompa\u00f1ados por una persona mayor de 18 a\u00f1os cuando les sea necesario utilizar el servicio.<\/p>\n<p style=\"text-align: justify;\">Luis Vera, uno de los beneficiarios del programa, expres\u00f3 su gratitud por esta iniciativa, que ha sido de gran utilidad. Adem\u00e1s, se\u00f1al\u00f3 que ha compartido la informaci\u00f3n con otros, destacando el apoyo brindado por la Municipalidad a trav\u00e9s del Expreso Conecta Mayor. Asimismo, Berta Guaquel, otra beneficiaria del programa, resalt\u00f3 los beneficios que el servicio les brinda durante la temporada de invierno, \u201cnos sirve de mucho. Por el fr\u00edo, por la lluvia\u201d, especific\u00f3; destacando que los viajes le proporcionan la oportunidad de socializar y compartir con sus compa\u00f1eras, \u201cnos entretenemos, conversamos, re\u00edmos y lo pasamos muy bien\u201d.<\/p>\n<p style=\"text-align: justify;\">Luisa Llancalahu\u00e9n, directora del Centro de D\u00eda San Vicente de Paul, destac\u00f3 la importancia de este servicio, ya que permite buscar y llevar a los adultos mayores a sus hogares, garantizando que lleguen al centro en condiciones \u00f3ptimas. Este servicio ha sido de gran beneficio para aproximadamente 30 adultos mayores que acuden diariamente al centro, ya que se ve\u00edan expuestos a enfermedades por las condiciones clim\u00e1ticas de Ays\u00e9n.<\/p>\n<p style=\"text-align: justify;\">Por otro lado, Mirna Turra, recuerda las rutas semanales del Expreso Conecta Mayor, \u201clos d\u00edas lunes se dirigen a Coyhaique, los martes a Villa Ma\u00f1ihuales y Puerto Ays\u00e9n, los mi\u00e9rcoles a Chacabuco y El Salto, los jueves a Valle Verde, El Balseo y Villa Los Torreones, y los viernes a Pangal Alto, Pangal Bajo, Agua Muerta, Lago Riesco, R\u00edo Los Palos, Camino Viejo, 5 de abril y Puerto Ays\u00e9n\u201d, especifica. Finalmente, la coordinadora de la Oficina del Adulto Mayor y Discapacidad, realiz\u00f3 un llamado a la comunidad para apoyar en la difusi\u00f3n de esta informaci\u00f3n, asegurando que llegue a todas las personas mayores que puedan beneficiarse del programa, \u201cpueden llamar al 9 97169082 o si as\u00ed lo requieren, tambi\u00e9n pueden acercarse de manera presencial a la Oficina del Adulto Mayor y Discapacidad ubicada en la Direcci\u00f3n de Desarrollo Comunitario, donde tenemos la mejor disposici\u00f3n para poder atender sus requerimientos, orientar y dar la asesor\u00eda respectiva\u201d.<\/p>\n<\/div><\/section><\/div><div  style='height:50px' class='hr hr-invisible   avia-builder-el-6  el_after_av_one_full  el_before_av_social_share '><span class='hr-inner ' ><span class='hr-inner-style'><\/span><\/span><\/div><\/p>\n<div  class='av-social-sharing-box  avia-builder-el-7  el_after_av_hr  el_before_av_hr  '><div class='av-share-box'><h5 class='av-share-link-description av-no-toc '>Compartir esta noticia<\/h5><ul class='av-share-box-list noLightbox'><li class='av-share-link av-social-link-facebook' ><a target=\"_blank\" aria-label=\"Compartir en Facebook\" href='https:\/\/www.facebook.com\/sharer.php?u=https:\/\/radiorevelacionfm.cl\/?p=31139&#038;t=Expreso%20Conecta%20Mayor%3A%20Exitosa%20iniciativa%20de%20municipio%20de%20Ays%C3%A9n%20para%20el%20bienestar%20de%20las%20personas%20mayores' aria-hidden='false' data-av_icon='\ue8f3' data-av_iconfont='entypo-fontello' title='' data-avia-related-tooltip='Compartir en Facebook' rel=\"noopener\"><span class='avia_hidden_link_text'>Compartir en Facebook<\/span><\/a><\/li><li class='av-share-link av-social-link-twitter' ><a target=\"_blank\" aria-label=\"Compartir en Twitter\" href='https:\/\/twitter.com\/share?text=Expreso%20Conecta%20Mayor%3A%20Exitosa%20iniciativa%20de%20municipio%20de%20Ays%C3%A9n%20para%20el%20bienestar%20de%20las%20personas%20mayores&#038;url=https:\/\/radiorevelacionfm.cl\/?p=31139' aria-hidden='false' data-av_icon='\ue8f1' data-av_iconfont='entypo-fontello' title='' data-avia-related-tooltip='Compartir en Twitter' rel=\"noopener\"><span class='avia_hidden_link_text'>Compartir en Twitter<\/span><\/a><\/li><li class='av-share-link av-social-link-whatsapp' ><a target=\"_blank\" aria-label=\"Compartir en Whatsapp\" href='https:\/\/api.whatsapp.com\/send?text=https:\/\/radiorevelacionfm.cl\/?p=31139' aria-hidden='false' data-av_icon='\uf232' data-av_iconfont='entypo-fontello' title='' data-avia-related-tooltip='Compartir en Whatsapp' rel=\"noopener\"><span class='avia_hidden_link_text'>Compartir en Whatsapp<\/span><\/a><\/li><li class='av-share-link av-social-link-linkedin' ><a target=\"_blank\" aria-label=\"Compartir en LinkedIn\" href='https:\/\/linkedin.com\/shareArticle?mini=true&#038;title=Expreso%20Conecta%20Mayor%3A%20Exitosa%20iniciativa%20de%20municipio%20de%20Ays%C3%A9n%20para%20el%20bienestar%20de%20las%20personas%20mayores&#038;url=https:\/\/radiorevelacionfm.cl\/?p=31139' aria-hidden='false' data-av_icon='\ue8fc' data-av_iconfont='entypo-fontello' title='' data-avia-related-tooltip='Compartir en LinkedIn' rel=\"noopener\"><span class='avia_hidden_link_text'>Compartir en LinkedIn<\/span><\/a><\/li><li class='av-share-link av-social-link-mail' ><a  aria-label=\"Compartir por correo\" href='mailto:?subject=Expreso%20Conecta%20Mayor%3A%20Exitosa%20iniciativa%20de%20municipio%20de%20Ays%C3%A9n%20para%20el%20bienestar%20de%20las%20personas%20mayores&#038;body=https:\/\/radiorevelacionfm.cl\/?p=31139' aria-hidden='false' data-av_icon='\ue805' data-av_iconfont='entypo-fontello' title='' data-avia-related-tooltip='Compartir por correo'><span class='avia_hidden_link_text'>Compartir por correo<\/span><\/a><\/li><\/ul><\/div><\/div>\n<div  style='height:50px' class='hr hr-invisible   avia-builder-el-8  el_after_av_social_share  el_before_av_comments_list '><span class='hr-inner ' ><span class='hr-inner-style'><\/span><\/span><\/div>\n<div  class='av-buildercomment  av-blog-meta-html-info-disabled av-blog-meta-tag-disabled  '><\/div>\n","protected":false},"excerpt":{"rendered":"","protected":false},"author":1,"featured_media":31140,"comment_status":"open","ping_status":"open","sticky":false,"template":"","format":"standard","meta":{"footnotes":""},"categories":[38],"tags":[],"class_list":["post-31139","post","type-post","status-publish","format-standard","has-post-thumbnail","hentry","category-regional"],"jetpack_featured_media_url":"https:\/\/radiorevelacionfm.cl\/wp-content\/uploads\/2023\/05\/Fotografia-7-1-1.jpg","_links":{"self":[{"href":"https:\/\/radiorevelacionfm.cl\/index.php?rest_route=\/wp\/v2\/posts\/31139","targetHints":{"allow":["GET"]}}],"collection":[{"href":"https:\/\/radiorevelacionfm.cl\/index.php?rest_route=\/wp\/v2\/posts"}],"about":[{"href":"https:\/\/radiorevelacionfm.cl\/index.php?rest_route=\/wp\/v2\/types\/post"}],"author":[{"embeddable":true,"href":"https:\/\/radiorevelacionfm.cl\/index.php?rest_route=\/wp\/v2\/users\/1"}],"replies":[{"embeddable":true,"href":"https:\/\/radiorevelacionfm.cl\/index.php?rest_route=%2Fwp%2Fv2%2Fcomments&post=31139"}],"version-history":[{"count":1,"href":"https:\/\/radiorevelacionfm.cl\/index.php?rest_route=\/wp\/v2\/posts\/31139\/revisions"}],"predecessor-version":[{"id":31141,"href":"https:\/\/radiorevelacionfm.cl\/index.php?rest_route=\/wp\/v2\/posts\/31139\/revisions\/31141"}],"wp:featuredmedia":[{"embeddable":true,"href":"https:\/\/radiorevelacionfm.cl\/index.php?rest_route=\/wp\/v2\/media\/31140"}],"wp:attachment":[{"href":"https:\/\/radiorevelacionfm.cl\/index.php?rest_route=%2Fwp%2Fv2%2Fmedia&parent=31139"}],"wp:term":[{"taxonomy":"category","embeddable":true,"href":"https:\/\/radiorevelacionfm.cl\/index.php?rest_route=%2Fwp%2Fv2%2Fcategories&post=31139"},{"taxonomy":"post_tag","embeddable":true,"href":"https:\/\/radiorevelacionfm.cl\/index.php?rest_route=%2Fwp%2Fv2%2Ftags&post=31139"}],"curies":[{"name":"wp","href":"https:\/\/api.w.org\/{rel}","templated":true}]}}