{"id":31133,"date":"2023-05-18T17:56:08","date_gmt":"2023-05-18T20:56:08","guid":{"rendered":"https:\/\/radiorevelacionfm.cl\/?p=31133"},"modified":"2023-05-18T17:56:08","modified_gmt":"2023-05-18T20:56:08","slug":"alcaldes-de-la-region-tratan-deficit-habitacional-en-reunion-con-el-ministro-de-vivienda-carlos-montes","status":"publish","type":"post","link":"https:\/\/radiorevelacionfm.cl\/?p=31133","title":{"rendered":"Alcaldes de la regi\u00f3n tratan d\u00e9ficit habitacional en reuni\u00f3n con el ministro de Vivienda, Carlos Montes"},"content":{"rendered":"<div class=\"flex_column av_one_full  flex_column_div av-zero-column-padding first  avia-builder-el-0  el_before_av_one_full  avia-builder-el-first  \" style='border-radius:0px; '><div  class='avia-image-container  av-styling-    avia-builder-el-1  avia-builder-el-no-sibling  avia-align-center '  itemprop=\"image\" itemscope=\"itemscope\" itemtype=\"https:\/\/schema.org\/ImageObject\"  ><div class='avia-image-container-inner'><div class='avia-image-overlay-wrap'><img decoding=\"async\" class='wp-image-31134 avia-img-lazy-loading-not-31134 avia_image' src=\"https:\/\/radiorevelacionfm.cl\/wp-content\/uploads\/2023\/05\/IMG_2455-1-1.jpg\" alt='' title='IMG_2455 (1) (1)' height=\"600\" width=\"900\"  itemprop=\"thumbnailUrl\" srcset=\"https:\/\/radiorevelacionfm.cl\/wp-content\/uploads\/2023\/05\/IMG_2455-1-1.jpg 900w, https:\/\/radiorevelacionfm.cl\/wp-content\/uploads\/2023\/05\/IMG_2455-1-1-300x200.jpg 300w, https:\/\/radiorevelacionfm.cl\/wp-content\/uploads\/2023\/05\/IMG_2455-1-1-768x512.jpg 768w, https:\/\/radiorevelacionfm.cl\/wp-content\/uploads\/2023\/05\/IMG_2455-1-1-705x470.jpg 705w, https:\/\/radiorevelacionfm.cl\/wp-content\/uploads\/2023\/05\/IMG_2455-1-1-450x300.jpg 450w, https:\/\/radiorevelacionfm.cl\/wp-content\/uploads\/2023\/05\/IMG_2455-1-1-600x400.jpg 600w\" sizes=\"(max-width: 900px) 100vw, 900px\" \/><\/div><\/div><\/div><\/div><div class=\"flex_column av_one_full  flex_column_div av-zero-column-padding first  avia-builder-el-2  el_after_av_one_full  el_before_av_one_full  column-top-margin\" style='border-radius:0px; '><section class=\"av_textblock_section \"  itemscope=\"itemscope\" itemtype=\"https:\/\/schema.org\/BlogPosting\" itemprop=\"blogPost\" ><div class='avia_textblock  '   itemprop=\"text\" ><p style=\"text-align: center;\"><span style=\"font-size: 18pt;\"><strong>Alcaldes de la regi\u00f3n tratan d\u00e9ficit habitacional en reuni\u00f3n con el ministro de Vivienda, Carlos Montes<\/strong><\/span><\/p>\n<div id=\"gtx-trans\" style=\"position: absolute; left: -50px; top: 4.31534px;\">\n<div class=\"gtx-trans-icon\"><\/div>\n<\/div>\n<\/div><\/section><\/div><div class=\"flex_column av_one_full  flex_column_div av-zero-column-padding first  avia-builder-el-4  el_after_av_one_full  el_before_av_hr  column-top-margin\" style='border-radius:0px; '><section class=\"av_textblock_section \"  itemscope=\"itemscope\" itemtype=\"https:\/\/schema.org\/BlogPosting\" itemprop=\"blogPost\" ><div class='avia_textblock  '   itemprop=\"text\" ><p style=\"text-align: justify;\">Este mi\u00e9rcoles, el alcalde de Ays\u00e9n, Julio Uribe Alvarado, junto a los alcaldes de las comunas de la regi\u00f3n, agrupados en la Asociaci\u00f3n Regional de Municipalidades de Ays\u00e9n (AREMU), particip\u00f3 de una reuni\u00f3n con el ministro de Vivienda y Urbanismo, Carlos Montes. El encuentro tuvo como objetivo abordar diversas problem\u00e1ticas que afectan a las localidades de la zona, y se desarroll\u00f3 en la C\u00e1mara Chilena de la Construcci\u00f3n de Coyhaique.<\/p>\n<p style=\"text-align: justify;\">Respecto de lo tratado en la reuni\u00f3n, el alcalde Uribe coment\u00f3 que \u201cen la reuni\u00f3n, pudimos plantearle los problemas que tenemos para la construcci\u00f3n de viviendas, que provoca un d\u00e9ficit en todas las comunas de la regi\u00f3n y tiene a muchas familias a\u00fan esperando por una casa. Adem\u00e1s, le planteamos un aumento de recursos para los DS27, porque tenemos mucha demanda de proyectos y no contamos con los fondos suficientes para poder ejecutar los que necesitamos\u201d.<\/p>\n<p style=\"text-align: justify;\">Durante la reuni\u00f3n, cada alcalde expuso ante el ministro y la seremi de Vivienda, Paulina Ruz, las problem\u00e1ticas que aquejan a sus respectivas comunas. Entre los temas mencionados por los ediles, el alcalde Uribe se\u00f1al\u00f3 que \u201chablamos de los pavimentos participativos, de sumar nuevos proyectos al programa Quiero Mi Barrio, y de la problem\u00e1tica de los planes reguladores de cada municipio\u201d.<\/p>\n<p style=\"text-align: justify;\">Sobre la reuni\u00f3n, el ministro Montes se\u00f1al\u00f3 que \u201cfue muy importante que cada uno de ellos expresara problemas en voz alta, porque la informaci\u00f3n entregada por ellos nos obliga a hacer ajustes en algunos aspectos, y les dimos las certezas que los recursos para los planes de emergencia habitacional est\u00e1n asegurados. En el \u00e1rea urbana hay algunas cosas que est\u00e1n bloqueadas, como dificultades en peque\u00f1as localidades que tendremos que revisar en detalle\u201d, haciendo \u00e9nfasis en asegurar que los fondos para hacer frente al d\u00e9ficit habitacional en la regi\u00f3n se encuentran asegurados para la ejecuci\u00f3n de los proyectos.<\/p>\n<p style=\"text-align: justify;\">Respecto de la construcci\u00f3n de proyectos habitacionales, es de especial importancia contar con recursos adicionales, debido a que diversos factores encarecen sustancialmente la ejecuci\u00f3n de los mismos. En el caso de la comuna de Ays\u00e9n, las malas condiciones de los suelos hacen que el subsidio considerado para la habilitaci\u00f3n de terrenos sea insuficiente.<\/p>\n<p style=\"text-align: justify;\">Vale destacar que, actualmente en la comuna de Ays\u00e9n, existe un d\u00e9ficit habitacional para, aproximadamente, 700 familias, las que cuentan con comit\u00e9s y terrenos. En esta misma l\u00ednea, tambi\u00e9n hay familias que pese a contar con una vivienda, requieren de una nueva debido a las malas condiciones en que se encuentra la estructura actual. Los alcaldes manifestaron que se requiere aumentar la disponibilidad presupuestaria de proyectos de construcci\u00f3n en sitio propio, debido a que esta regi\u00f3n es la que cuenta con un mayor porcentaje de viviendas declaradas inhabitables a nivel nacional.<\/p>\n<\/div><\/section><\/div><div  style='height:50px' class='hr hr-invisible   avia-builder-el-6  el_after_av_one_full  el_before_av_social_share '><span class='hr-inner ' ><span class='hr-inner-style'><\/span><\/span><\/div><\/p>\n<div  class='av-social-sharing-box  avia-builder-el-7  el_after_av_hr  el_before_av_hr  '><div class='av-share-box'><h5 class='av-share-link-description av-no-toc '>Compartir esta noticia<\/h5><ul class='av-share-box-list noLightbox'><li class='av-share-link av-social-link-facebook' ><a target=\"_blank\" aria-label=\"Compartir en Facebook\" href='https:\/\/www.facebook.com\/sharer.php?u=https:\/\/radiorevelacionfm.cl\/?p=31133&#038;t=Alcaldes%20de%20la%20regi%C3%B3n%20tratan%20d%C3%A9ficit%20habitacional%20en%20reuni%C3%B3n%20con%20el%20ministro%20de%20Vivienda%2C%20Carlos%20Montes' aria-hidden='false' data-av_icon='\ue8f3' data-av_iconfont='entypo-fontello' title='' data-avia-related-tooltip='Compartir en Facebook' rel=\"noopener\"><span class='avia_hidden_link_text'>Compartir en Facebook<\/span><\/a><\/li><li class='av-share-link av-social-link-twitter' ><a target=\"_blank\" aria-label=\"Compartir en Twitter\" href='https:\/\/twitter.com\/share?text=Alcaldes%20de%20la%20regi%C3%B3n%20tratan%20d%C3%A9ficit%20habitacional%20en%20reuni%C3%B3n%20con%20el%20ministro%20de%20Vivienda%2C%20Carlos%20Montes&#038;url=https:\/\/radiorevelacionfm.cl\/?p=31133' aria-hidden='false' data-av_icon='\ue8f1' data-av_iconfont='entypo-fontello' title='' data-avia-related-tooltip='Compartir en Twitter' rel=\"noopener\"><span class='avia_hidden_link_text'>Compartir en Twitter<\/span><\/a><\/li><li class='av-share-link av-social-link-whatsapp' ><a target=\"_blank\" aria-label=\"Compartir en Whatsapp\" href='https:\/\/api.whatsapp.com\/send?text=https:\/\/radiorevelacionfm.cl\/?p=31133' aria-hidden='false' data-av_icon='\uf232' data-av_iconfont='entypo-fontello' title='' data-avia-related-tooltip='Compartir en Whatsapp' rel=\"noopener\"><span class='avia_hidden_link_text'>Compartir en Whatsapp<\/span><\/a><\/li><li class='av-share-link av-social-link-linkedin' ><a target=\"_blank\" aria-label=\"Compartir en LinkedIn\" href='https:\/\/linkedin.com\/shareArticle?mini=true&#038;title=Alcaldes%20de%20la%20regi%C3%B3n%20tratan%20d%C3%A9ficit%20habitacional%20en%20reuni%C3%B3n%20con%20el%20ministro%20de%20Vivienda%2C%20Carlos%20Montes&#038;url=https:\/\/radiorevelacionfm.cl\/?p=31133' aria-hidden='false' data-av_icon='\ue8fc' data-av_iconfont='entypo-fontello' title='' data-avia-related-tooltip='Compartir en LinkedIn' rel=\"noopener\"><span class='avia_hidden_link_text'>Compartir en LinkedIn<\/span><\/a><\/li><li class='av-share-link av-social-link-mail' ><a  aria-label=\"Compartir por correo\" href='mailto:?subject=Alcaldes%20de%20la%20regi%C3%B3n%20tratan%20d%C3%A9ficit%20habitacional%20en%20reuni%C3%B3n%20con%20el%20ministro%20de%20Vivienda%2C%20Carlos%20Montes&#038;body=https:\/\/radiorevelacionfm.cl\/?p=31133' aria-hidden='false' data-av_icon='\ue805' data-av_iconfont='entypo-fontello' title='' data-avia-related-tooltip='Compartir por correo'><span class='avia_hidden_link_text'>Compartir por correo<\/span><\/a><\/li><\/ul><\/div><\/div>\n<div  style='height:50px' class='hr hr-invisible   avia-builder-el-8  el_after_av_social_share  el_before_av_comments_list '><span class='hr-inner ' ><span class='hr-inner-style'><\/span><\/span><\/div>\n<div  class='av-buildercomment  av-blog-meta-html-info-disabled av-blog-meta-tag-disabled  '><\/div>\n","protected":false},"excerpt":{"rendered":"","protected":false},"author":1,"featured_media":31134,"comment_status":"open","ping_status":"open","sticky":false,"template":"","format":"standard","meta":{"footnotes":""},"categories":[57],"tags":[],"class_list":["post-31133","post","type-post","status-publish","format-standard","has-post-thumbnail","hentry","category-vivienda"],"jetpack_featured_media_url":"https:\/\/radiorevelacionfm.cl\/wp-content\/uploads\/2023\/05\/IMG_2455-1-1.jpg","_links":{"self":[{"href":"https:\/\/radiorevelacionfm.cl\/index.php?rest_route=\/wp\/v2\/posts\/31133","targetHints":{"allow":["GET"]}}],"collection":[{"href":"https:\/\/radiorevelacionfm.cl\/index.php?rest_route=\/wp\/v2\/posts"}],"about":[{"href":"https:\/\/radiorevelacionfm.cl\/index.php?rest_route=\/wp\/v2\/types\/post"}],"author":[{"embeddable":true,"href":"https:\/\/radiorevelacionfm.cl\/index.php?rest_route=\/wp\/v2\/users\/1"}],"replies":[{"embeddable":true,"href":"https:\/\/radiorevelacionfm.cl\/index.php?rest_route=%2Fwp%2Fv2%2Fcomments&post=31133"}],"version-history":[{"count":1,"href":"https:\/\/radiorevelacionfm.cl\/index.php?rest_route=\/wp\/v2\/posts\/31133\/revisions"}],"predecessor-version":[{"id":31135,"href":"https:\/\/radiorevelacionfm.cl\/index.php?rest_route=\/wp\/v2\/posts\/31133\/revisions\/31135"}],"wp:featuredmedia":[{"embeddable":true,"href":"https:\/\/radiorevelacionfm.cl\/index.php?rest_route=\/wp\/v2\/media\/31134"}],"wp:attachment":[{"href":"https:\/\/radiorevelacionfm.cl\/index.php?rest_route=%2Fwp%2Fv2%2Fmedia&parent=31133"}],"wp:term":[{"taxonomy":"category","embeddable":true,"href":"https:\/\/radiorevelacionfm.cl\/index.php?rest_route=%2Fwp%2Fv2%2Fcategories&post=31133"},{"taxonomy":"post_tag","embeddable":true,"href":"https:\/\/radiorevelacionfm.cl\/index.php?rest_route=%2Fwp%2Fv2%2Ftags&post=31133"}],"curies":[{"name":"wp","href":"https:\/\/api.w.org\/{rel}","templated":true}]}}