{"id":31130,"date":"2023-05-18T12:12:20","date_gmt":"2023-05-18T15:12:20","guid":{"rendered":"https:\/\/radiorevelacionfm.cl\/?p=31130"},"modified":"2023-05-18T12:12:20","modified_gmt":"2023-05-18T15:12:20","slug":"seremi-de-justicia-destaca-proyecto-que-fortalece-sanciones-a-delitos-economicos-iniciativa-esta-ad-portas-de-convertirse-en-ley","status":"publish","type":"post","link":"https:\/\/radiorevelacionfm.cl\/?p=31130","title":{"rendered":"Seremi de Justicia destaca proyecto que fortalece sanciones a delitos econ\u00f3micos, iniciativa est\u00e1 ad portas de convertirse en ley"},"content":{"rendered":"<div class=\"flex_column av_one_full  flex_column_div av-zero-column-padding first  avia-builder-el-0  el_before_av_one_full  avia-builder-el-first  \" style='border-radius:0px; '><div  class='avia-image-container  av-styling-    avia-builder-el-1  avia-builder-el-no-sibling  avia-align-center '  itemprop=\"image\" itemscope=\"itemscope\" itemtype=\"https:\/\/schema.org\/ImageObject\"  ><div class='avia-image-container-inner'><div class='avia-image-overlay-wrap'><img decoding=\"async\" class='wp-image-31131 avia-img-lazy-loading-not-31131 avia_image' src=\"https:\/\/radiorevelacionfm.cl\/wp-content\/uploads\/2023\/05\/seremi-justicia-y-ddhh-2_optimized.jpg\" alt='' title='seremi-justicia-y-ddhh-(2)_optimized' height=\"600\" width=\"748\"  itemprop=\"thumbnailUrl\" srcset=\"https:\/\/radiorevelacionfm.cl\/wp-content\/uploads\/2023\/05\/seremi-justicia-y-ddhh-2_optimized.jpg 748w, https:\/\/radiorevelacionfm.cl\/wp-content\/uploads\/2023\/05\/seremi-justicia-y-ddhh-2_optimized-300x241.jpg 300w, https:\/\/radiorevelacionfm.cl\/wp-content\/uploads\/2023\/05\/seremi-justicia-y-ddhh-2_optimized-705x566.jpg 705w, https:\/\/radiorevelacionfm.cl\/wp-content\/uploads\/2023\/05\/seremi-justicia-y-ddhh-2_optimized-450x361.jpg 450w, https:\/\/radiorevelacionfm.cl\/wp-content\/uploads\/2023\/05\/seremi-justicia-y-ddhh-2_optimized-600x481.jpg 600w\" sizes=\"(max-width: 748px) 100vw, 748px\" \/><\/div><\/div><\/div><\/div><div class=\"flex_column av_one_full  flex_column_div av-zero-column-padding first  avia-builder-el-2  el_after_av_one_full  el_before_av_one_full  column-top-margin\" style='border-radius:0px; '><section class=\"av_textblock_section \"  itemscope=\"itemscope\" itemtype=\"https:\/\/schema.org\/BlogPosting\" itemprop=\"blogPost\" ><div class='avia_textblock  '   itemprop=\"text\" ><p style=\"text-align: center;\"><strong><span style=\"font-size: 18pt;\">Seremi de Justicia destaca proyecto que fortalece sanciones a delitos econ\u00f3micos, iniciativa est\u00e1 ad portas de convertirse en ley <\/span><\/strong><\/p>\n<div id=\"gtx-trans\" style=\"position: absolute; left: -50px; top: 4.31534px;\">\n<div class=\"gtx-trans-icon\"><\/div>\n<\/div>\n<\/div><\/section><\/div><div class=\"flex_column av_one_full  flex_column_div av-zero-column-padding first  avia-builder-el-4  el_after_av_one_full  el_before_av_hr  column-top-margin\" style='border-radius:0px; '><section class=\"av_textblock_section \"  itemscope=\"itemscope\" itemtype=\"https:\/\/schema.org\/BlogPosting\" itemprop=\"blogPost\" ><div class='avia_textblock  '   itemprop=\"text\" ><p style=\"text-align: justify;\">El Seremi de Justicia y Derechos Humanos Samuel Navarro Castro valor\u00f3 la aprobaci\u00f3n en su tercer tr\u00e1mite por parte de la C\u00e1mara de Diputados del proyecto de ley que ampl\u00eda la responsabilidad penal para delitos econ\u00f3micos y contra el medioambiente, iniciativa que se suma a la agenda antiabusos que castiga la colusi\u00f3n, el uso de la informaci\u00f3n privilegiada y la corrupci\u00f3n.<\/p>\n<p style=\"text-align: justify;\">En este sentido, el Seremi de Justicia y Derechos Humanos, Samuel Navarro explic\u00f3 que \u201cesta normativa est\u00e1 pr\u00f3xima a ser ley estamos a la espera de la promulgaci\u00f3n y publicaci\u00f3n, \u00e9sta nueva ley viene a atacar lo que se llama o se llamaba los delitos de cuello y corbata o delitos econ\u00f3micos para que no tengan solo una sanci\u00f3n que sean clases de \u00e9tica, sino que adem\u00e1s en algunos casos tener una multa, pero multas reales que sean efectivas, o sea multas que dicen relaci\u00f3n con lo que se est\u00e1 ganando por parte de las personas que infringen la normativa y adem\u00e1s penas de presidio efectivo en caso de situaciones m\u00e1s graves, y eso debiese ser un desincentivo no solo para los delitos econ\u00f3micos, sino que tambi\u00e9n delitos ambientales que est\u00e1n regulados en esta normativa, y para los delitos funcionarios, o sea aquellos cometidos por funcionarios p\u00fablicos que permiten que privados puedan acometer estos delitos ya sea econ\u00f3micos o ambientales, por lo tanto lo que se viene a reforzar con esta nueva normativa es parte de este conjunto de iniciativas que se han ido incorporando en esta agenda marco de seguridad p\u00fablica\u201d.<\/p>\n<p style=\"text-align: justify;\">Finalmente, cabe mencionar que dentro de las caracter\u00edsticas del proyecto, se establece un estatuto diferenciado de determinaci\u00f3n de pena para los denominados \u201cdelitos de cuello y corbata\u201d. Adem\u00e1s, agrega como categor\u00eda de \u201cdelito econ\u00f3mico\u201d los delitos funcionarios, cuando estos sean cometidos con la participaci\u00f3n de un miembro de una empresa o en favor de esta. Sumado a lo anterior, la iniciativa establece una nueva forma de determinaci\u00f3n de la multa (denominada \u201cd\u00edas-multa\u201d), que se calcula a partir del ingreso promedio diario del condenado. Este sistema permitir\u00e1 que la multa parta de media UTM (unos $31 mil) a una cifra m\u00e1xima te\u00f3rica de 300.000 UTM (casi $19 mil millones) para una persona natural, sin considerar el delito propio que cometa la empresa como persona jur\u00eddica.<\/p>\n<\/div><\/section><\/div><div  style='height:50px' class='hr hr-invisible   avia-builder-el-6  el_after_av_one_full  el_before_av_social_share '><span class='hr-inner ' ><span class='hr-inner-style'><\/span><\/span><\/div><\/p>\n<div  class='av-social-sharing-box  avia-builder-el-7  el_after_av_hr  el_before_av_hr  '><div class='av-share-box'><h5 class='av-share-link-description av-no-toc '>Compartir esta noticia<\/h5><ul class='av-share-box-list noLightbox'><li class='av-share-link av-social-link-facebook' ><a target=\"_blank\" aria-label=\"Compartir en Facebook\" href='https:\/\/www.facebook.com\/sharer.php?u=https:\/\/radiorevelacionfm.cl\/?p=31130&#038;t=Seremi%20de%20Justicia%20destaca%20proyecto%20que%20fortalece%20sanciones%20a%20delitos%20econ%C3%B3micos%2C%20iniciativa%20est%C3%A1%20ad%20portas%20de%20convertirse%20en%20ley' aria-hidden='false' data-av_icon='\ue8f3' data-av_iconfont='entypo-fontello' title='' data-avia-related-tooltip='Compartir en Facebook' rel=\"noopener\"><span class='avia_hidden_link_text'>Compartir en Facebook<\/span><\/a><\/li><li class='av-share-link av-social-link-twitter' ><a target=\"_blank\" aria-label=\"Compartir en Twitter\" href='https:\/\/twitter.com\/share?text=Seremi%20de%20Justicia%20destaca%20proyecto%20que%20fortalece%20sanciones%20a%20delitos%20econ%C3%B3micos%2C%20iniciativa%20est%C3%A1%20ad%20portas%20de%20convertirse%20en%20ley&#038;url=https:\/\/radiorevelacionfm.cl\/?p=31130' aria-hidden='false' data-av_icon='\ue8f1' data-av_iconfont='entypo-fontello' title='' data-avia-related-tooltip='Compartir en Twitter' rel=\"noopener\"><span class='avia_hidden_link_text'>Compartir en Twitter<\/span><\/a><\/li><li class='av-share-link av-social-link-whatsapp' ><a target=\"_blank\" aria-label=\"Compartir en Whatsapp\" href='https:\/\/api.whatsapp.com\/send?text=https:\/\/radiorevelacionfm.cl\/?p=31130' aria-hidden='false' data-av_icon='\uf232' data-av_iconfont='entypo-fontello' title='' data-avia-related-tooltip='Compartir en Whatsapp' rel=\"noopener\"><span class='avia_hidden_link_text'>Compartir en Whatsapp<\/span><\/a><\/li><li class='av-share-link av-social-link-linkedin' ><a target=\"_blank\" aria-label=\"Compartir en LinkedIn\" href='https:\/\/linkedin.com\/shareArticle?mini=true&#038;title=Seremi%20de%20Justicia%20destaca%20proyecto%20que%20fortalece%20sanciones%20a%20delitos%20econ%C3%B3micos%2C%20iniciativa%20est%C3%A1%20ad%20portas%20de%20convertirse%20en%20ley&#038;url=https:\/\/radiorevelacionfm.cl\/?p=31130' aria-hidden='false' data-av_icon='\ue8fc' data-av_iconfont='entypo-fontello' title='' data-avia-related-tooltip='Compartir en LinkedIn' rel=\"noopener\"><span class='avia_hidden_link_text'>Compartir en LinkedIn<\/span><\/a><\/li><li class='av-share-link av-social-link-mail' ><a  aria-label=\"Compartir por correo\" href='mailto:?subject=Seremi%20de%20Justicia%20destaca%20proyecto%20que%20fortalece%20sanciones%20a%20delitos%20econ%C3%B3micos%2C%20iniciativa%20est%C3%A1%20ad%20portas%20de%20convertirse%20en%20ley&#038;body=https:\/\/radiorevelacionfm.cl\/?p=31130' aria-hidden='false' data-av_icon='\ue805' data-av_iconfont='entypo-fontello' title='' data-avia-related-tooltip='Compartir por correo'><span class='avia_hidden_link_text'>Compartir por correo<\/span><\/a><\/li><\/ul><\/div><\/div>\n<div  style='height:50px' class='hr hr-invisible   avia-builder-el-8  el_after_av_social_share  el_before_av_comments_list '><span class='hr-inner ' ><span class='hr-inner-style'><\/span><\/span><\/div>\n<div  class='av-buildercomment  av-blog-meta-html-info-disabled av-blog-meta-tag-disabled  '><\/div>\n","protected":false},"excerpt":{"rendered":"","protected":false},"author":1,"featured_media":31131,"comment_status":"open","ping_status":"open","sticky":false,"template":"","format":"standard","meta":{"footnotes":""},"categories":[55],"tags":[],"class_list":["post-31130","post","type-post","status-publish","format-standard","has-post-thumbnail","hentry","category-justicia"],"jetpack_featured_media_url":"https:\/\/radiorevelacionfm.cl\/wp-content\/uploads\/2023\/05\/seremi-justicia-y-ddhh-2_optimized.jpg","_links":{"self":[{"href":"https:\/\/radiorevelacionfm.cl\/index.php?rest_route=\/wp\/v2\/posts\/31130","targetHints":{"allow":["GET"]}}],"collection":[{"href":"https:\/\/radiorevelacionfm.cl\/index.php?rest_route=\/wp\/v2\/posts"}],"about":[{"href":"https:\/\/radiorevelacionfm.cl\/index.php?rest_route=\/wp\/v2\/types\/post"}],"author":[{"embeddable":true,"href":"https:\/\/radiorevelacionfm.cl\/index.php?rest_route=\/wp\/v2\/users\/1"}],"replies":[{"embeddable":true,"href":"https:\/\/radiorevelacionfm.cl\/index.php?rest_route=%2Fwp%2Fv2%2Fcomments&post=31130"}],"version-history":[{"count":1,"href":"https:\/\/radiorevelacionfm.cl\/index.php?rest_route=\/wp\/v2\/posts\/31130\/revisions"}],"predecessor-version":[{"id":31132,"href":"https:\/\/radiorevelacionfm.cl\/index.php?rest_route=\/wp\/v2\/posts\/31130\/revisions\/31132"}],"wp:featuredmedia":[{"embeddable":true,"href":"https:\/\/radiorevelacionfm.cl\/index.php?rest_route=\/wp\/v2\/media\/31131"}],"wp:attachment":[{"href":"https:\/\/radiorevelacionfm.cl\/index.php?rest_route=%2Fwp%2Fv2%2Fmedia&parent=31130"}],"wp:term":[{"taxonomy":"category","embeddable":true,"href":"https:\/\/radiorevelacionfm.cl\/index.php?rest_route=%2Fwp%2Fv2%2Fcategories&post=31130"},{"taxonomy":"post_tag","embeddable":true,"href":"https:\/\/radiorevelacionfm.cl\/index.php?rest_route=%2Fwp%2Fv2%2Ftags&post=31130"}],"curies":[{"name":"wp","href":"https:\/\/api.w.org\/{rel}","templated":true}]}}