{"id":31126,"date":"2023-05-18T11:33:13","date_gmt":"2023-05-18T14:33:13","guid":{"rendered":"https:\/\/radiorevelacionfm.cl\/?p=31126"},"modified":"2023-05-18T11:33:13","modified_gmt":"2023-05-18T14:33:13","slug":"termometro-laboral-aysen-mayo-2023-el-ultimo-trimestre-movil-mostro-que-la-tasa-de-ocupacion-se-mantiene-y-la-desocupacion-aumenta-levemente","status":"publish","type":"post","link":"https:\/\/radiorevelacionfm.cl\/?p=31126","title":{"rendered":"Term\u00f3metro Laboral Ays\u00e9n Mayo 2023: El \u00faltimo trimestre m\u00f3vil mostr\u00f3 que la tasa de ocupaci\u00f3n se mantiene y la desocupaci\u00f3n aumenta levemente"},"content":{"rendered":"<div class=\"flex_column av_one_full  flex_column_div av-zero-column-padding first  avia-builder-el-0  el_before_av_one_full  avia-builder-el-first  \" style='border-radius:0px; '><div  class='avia-image-container  av-styling-    avia-builder-el-1  avia-builder-el-no-sibling  avia-align-center '  itemprop=\"image\" itemscope=\"itemscope\" itemtype=\"https:\/\/schema.org\/ImageObject\"  ><div class='avia-image-container-inner'><div class='avia-image-overlay-wrap'><img decoding=\"async\" class='wp-image-31127 avia-img-lazy-loading-not-31127 avia_image' src=\"https:\/\/radiorevelacionfm.cl\/wp-content\/uploads\/2023\/05\/obreros-trabajando-1-1_optimized-1_optimized-1.jpg\" alt='' title='obreros-trabajando-(1)-(1)_optimized-(1)_optimized (1)' height=\"600\" width=\"1089\"  itemprop=\"thumbnailUrl\" srcset=\"https:\/\/radiorevelacionfm.cl\/wp-content\/uploads\/2023\/05\/obreros-trabajando-1-1_optimized-1_optimized-1.jpg 1089w, https:\/\/radiorevelacionfm.cl\/wp-content\/uploads\/2023\/05\/obreros-trabajando-1-1_optimized-1_optimized-1-300x165.jpg 300w, https:\/\/radiorevelacionfm.cl\/wp-content\/uploads\/2023\/05\/obreros-trabajando-1-1_optimized-1_optimized-1-1030x567.jpg 1030w, https:\/\/radiorevelacionfm.cl\/wp-content\/uploads\/2023\/05\/obreros-trabajando-1-1_optimized-1_optimized-1-768x423.jpg 768w, https:\/\/radiorevelacionfm.cl\/wp-content\/uploads\/2023\/05\/obreros-trabajando-1-1_optimized-1_optimized-1-705x388.jpg 705w, https:\/\/radiorevelacionfm.cl\/wp-content\/uploads\/2023\/05\/obreros-trabajando-1-1_optimized-1_optimized-1-450x248.jpg 450w, https:\/\/radiorevelacionfm.cl\/wp-content\/uploads\/2023\/05\/obreros-trabajando-1-1_optimized-1_optimized-1-600x331.jpg 600w\" sizes=\"(max-width: 1089px) 100vw, 1089px\" \/><\/div><\/div><\/div><\/div>\n<div class=\"flex_column av_one_full  flex_column_div av-zero-column-padding first  avia-builder-el-2  el_after_av_one_full  el_before_av_one_full  column-top-margin\" style='border-radius:0px; '><section class=\"av_textblock_section \"  itemscope=\"itemscope\" itemtype=\"https:\/\/schema.org\/BlogPosting\" itemprop=\"blogPost\" ><div class='avia_textblock  '   itemprop=\"text\" ><p style=\"text-align: center;\"><strong><span style=\"font-size: 18pt;\">Term\u00f3metro Laboral Ays\u00e9n Mayo 2023: El \u00faltimo trimestre m\u00f3vil mostr\u00f3 que la tasa de ocupaci\u00f3n se mantiene y la desocupaci\u00f3n aumenta levemente<\/span><\/strong><\/p>\n<div id=\"gtx-trans\" style=\"position: absolute; left: -50px; top: 4.31534px;\">\n<div class=\"gtx-trans-icon\"><\/div>\n<\/div>\n<\/div><\/section><\/div><div class=\"flex_column av_one_full  flex_column_div av-zero-column-padding first  avia-builder-el-4  el_after_av_one_full  el_before_av_hr  column-top-margin\" style='border-radius:0px; '><section class=\"av_textblock_section \"  itemscope=\"itemscope\" itemtype=\"https:\/\/schema.org\/BlogPosting\" itemprop=\"blogPost\" ><div class='avia_textblock  '   itemprop=\"text\" ><p style=\"text-align: justify;\">El Observatorio Regional de Sence de Ays\u00e9n analiz\u00f3 y determin\u00f3 que la variaci\u00f3n que ha tenido la desocupaci\u00f3n a nivel regional, contabiliza cerca de 2.740 personas sin empleo, las cuales se asocian directamente al tramo entre las edades de 15 y 29 a\u00f1os (1.173 personas), y entre aquellos que tienen educaci\u00f3n media completa.<\/p>\n<p style=\"text-align: justify;\">Al desagregar los datos por sexo, se constata que la desocupaci\u00f3n masculina contabiliza aproximadamente 1.494 hombres y 1.246 mujeres, aumentando mayoritariamente en la temporada estival- oto\u00f1al, la que se produce por el dinamismo del turismo y comercio, y donde existe aumento de la ocupaci\u00f3n formal e informal en el territorio.<\/p>\n<p style=\"text-align: justify;\">En este sentido, el Director (s) del Servicio Nacional de Capacitaci\u00f3n y empleo, dijo \u201csin duda que los \u00faltimos datos que podemos apreciar del \u00faltimo Term\u00f3metro Laboral, confeccionado por el Observatorio Laboral de Ays\u00e9n, son importantes pues nos est\u00e1 se\u00f1alando en conformidad a informaci\u00f3n que entrega, lo que debemos desarrollar o como debemos proyectar la pol\u00edtica de capacitaci\u00f3n tanto para mujeres en el segmento etario de 15 a 29 a\u00f1os, esta informaci\u00f3n es tremendamente relevante y por cierto el aporte que hace el Observatorio Laboral, en ese sentido, siempre nos va a permitir desarrollar una mejor pol\u00edtica p\u00fablica para nuestra regi\u00f3n\u201d.<\/p>\n<p style=\"text-align: justify;\">La informalidad a nivel regional aument\u00f3 en 0,8 pp., posicion\u00e1ndose en 30,9% durante el \u00faltimo trimestre en comparaci\u00f3n al trimestre inmediatamente anterior, alcanzando a 18.451 personas trabajadoras sin seguridad social. \u00a0Por otro lado, al desagregar los datos por sexo, se constata una tasa de informalidad m\u00e1s alta entre las mujeres, con cifras cercanas a 8.905 personas; la informalidad en el segmento femenino tiene mayor relevancia dado que es el grupo que recibe los salarios m\u00e1s precarios a nivel regional.<\/p>\n<p style=\"text-align: justify;\">Al respecto, el director del Observatorio Laboral Ays\u00e9n, Marcio Villouta, expres\u00f3 que \u201cde manera permanente desde el segundo semestre de 2019 como observatorio estamos entregando el term\u00f3metro laboral Ays\u00e9n, en primera instancia para constatar y analizar las variaciones producto del covid-19, no obstante, a la fecha es un bolet\u00edn que de manera mensual nos permite ir analizando la din\u00e1mica dentro del mercado laboral, cu\u00e1les son los grupos etarios y la formaci\u00f3n o necesidades de esta \u00faltima.\u201d<\/p>\n<p style=\"text-align: justify;\">Para leer el Term\u00f3metro Laboral del mes de mayo 2023, puedes seguir el <a href=\"https:\/\/observatorionacional.cl\/aysen\/3019\">siguiente enlace<\/a><\/p>\n<\/div><\/section><\/div><\/p>\n<div  style='height:50px' class='hr hr-invisible   avia-builder-el-6  el_after_av_one_full  el_before_av_social_share '><span class='hr-inner ' ><span class='hr-inner-style'><\/span><\/span><\/div>\n<div  class='av-social-sharing-box  avia-builder-el-7  el_after_av_hr  el_before_av_hr  '><div class='av-share-box'><h5 class='av-share-link-description av-no-toc '>Compartir esta noticia<\/h5><ul class='av-share-box-list noLightbox'><li class='av-share-link av-social-link-facebook' ><a target=\"_blank\" aria-label=\"Compartir en Facebook\" href='https:\/\/www.facebook.com\/sharer.php?u=https:\/\/radiorevelacionfm.cl\/?p=31126&#038;t=Term%C3%B3metro%20Laboral%20Ays%C3%A9n%20Mayo%202023%3A%20El%20%C3%BAltimo%20trimestre%20m%C3%B3vil%20mostr%C3%B3%20que%20la%20tasa%20de%20ocupaci%C3%B3n%20se%20mantiene%20y%20la%20desocupaci%C3%B3n%20aumenta%20levemente' aria-hidden='false' data-av_icon='\ue8f3' data-av_iconfont='entypo-fontello' title='' data-avia-related-tooltip='Compartir en Facebook' rel=\"noopener\"><span class='avia_hidden_link_text'>Compartir en Facebook<\/span><\/a><\/li><li class='av-share-link av-social-link-twitter' ><a target=\"_blank\" aria-label=\"Compartir en Twitter\" href='https:\/\/twitter.com\/share?text=Term%C3%B3metro%20Laboral%20Ays%C3%A9n%20Mayo%202023%3A%20El%20%C3%BAltimo%20trimestre%20m%C3%B3vil%20mostr%C3%B3%20que%20la%20tasa%20de%20ocupaci%C3%B3n%20se%20mantiene%20y%20la%20desocupaci%C3%B3n%20aumenta%20levemente&#038;url=https:\/\/radiorevelacionfm.cl\/?p=31126' aria-hidden='false' data-av_icon='\ue8f1' data-av_iconfont='entypo-fontello' title='' data-avia-related-tooltip='Compartir en Twitter' rel=\"noopener\"><span class='avia_hidden_link_text'>Compartir en Twitter<\/span><\/a><\/li><li class='av-share-link av-social-link-whatsapp' ><a target=\"_blank\" aria-label=\"Compartir en Whatsapp\" href='https:\/\/api.whatsapp.com\/send?text=https:\/\/radiorevelacionfm.cl\/?p=31126' aria-hidden='false' data-av_icon='\uf232' data-av_iconfont='entypo-fontello' title='' data-avia-related-tooltip='Compartir en Whatsapp' rel=\"noopener\"><span class='avia_hidden_link_text'>Compartir en Whatsapp<\/span><\/a><\/li><li class='av-share-link av-social-link-linkedin' ><a target=\"_blank\" aria-label=\"Compartir en LinkedIn\" href='https:\/\/linkedin.com\/shareArticle?mini=true&#038;title=Term%C3%B3metro%20Laboral%20Ays%C3%A9n%20Mayo%202023%3A%20El%20%C3%BAltimo%20trimestre%20m%C3%B3vil%20mostr%C3%B3%20que%20la%20tasa%20de%20ocupaci%C3%B3n%20se%20mantiene%20y%20la%20desocupaci%C3%B3n%20aumenta%20levemente&#038;url=https:\/\/radiorevelacionfm.cl\/?p=31126' aria-hidden='false' data-av_icon='\ue8fc' data-av_iconfont='entypo-fontello' title='' data-avia-related-tooltip='Compartir en LinkedIn' rel=\"noopener\"><span class='avia_hidden_link_text'>Compartir en LinkedIn<\/span><\/a><\/li><li class='av-share-link av-social-link-mail' ><a  aria-label=\"Compartir por correo\" href='mailto:?subject=Term%C3%B3metro%20Laboral%20Ays%C3%A9n%20Mayo%202023%3A%20El%20%C3%BAltimo%20trimestre%20m%C3%B3vil%20mostr%C3%B3%20que%20la%20tasa%20de%20ocupaci%C3%B3n%20se%20mantiene%20y%20la%20desocupaci%C3%B3n%20aumenta%20levemente&#038;body=https:\/\/radiorevelacionfm.cl\/?p=31126' aria-hidden='false' data-av_icon='\ue805' data-av_iconfont='entypo-fontello' title='' data-avia-related-tooltip='Compartir por correo'><span class='avia_hidden_link_text'>Compartir por correo<\/span><\/a><\/li><\/ul><\/div><\/div>\n<div  style='height:50px' class='hr hr-invisible   avia-builder-el-8  el_after_av_social_share  el_before_av_comments_list '><span class='hr-inner ' ><span class='hr-inner-style'><\/span><\/span><\/div>\n<div  class='av-buildercomment  av-blog-meta-html-info-disabled av-blog-meta-tag-disabled  '><\/div>\n","protected":false},"excerpt":{"rendered":"","protected":false},"author":1,"featured_media":31127,"comment_status":"open","ping_status":"open","sticky":false,"template":"","format":"standard","meta":{"footnotes":""},"categories":[56],"tags":[],"class_list":["post-31126","post","type-post","status-publish","format-standard","has-post-thumbnail","hentry","category-trabajo"],"jetpack_featured_media_url":"https:\/\/radiorevelacionfm.cl\/wp-content\/uploads\/2023\/05\/obreros-trabajando-1-1_optimized-1_optimized-1.jpg","_links":{"self":[{"href":"https:\/\/radiorevelacionfm.cl\/index.php?rest_route=\/wp\/v2\/posts\/31126","targetHints":{"allow":["GET"]}}],"collection":[{"href":"https:\/\/radiorevelacionfm.cl\/index.php?rest_route=\/wp\/v2\/posts"}],"about":[{"href":"https:\/\/radiorevelacionfm.cl\/index.php?rest_route=\/wp\/v2\/types\/post"}],"author":[{"embeddable":true,"href":"https:\/\/radiorevelacionfm.cl\/index.php?rest_route=\/wp\/v2\/users\/1"}],"replies":[{"embeddable":true,"href":"https:\/\/radiorevelacionfm.cl\/index.php?rest_route=%2Fwp%2Fv2%2Fcomments&post=31126"}],"version-history":[{"count":2,"href":"https:\/\/radiorevelacionfm.cl\/index.php?rest_route=\/wp\/v2\/posts\/31126\/revisions"}],"predecessor-version":[{"id":31129,"href":"https:\/\/radiorevelacionfm.cl\/index.php?rest_route=\/wp\/v2\/posts\/31126\/revisions\/31129"}],"wp:featuredmedia":[{"embeddable":true,"href":"https:\/\/radiorevelacionfm.cl\/index.php?rest_route=\/wp\/v2\/media\/31127"}],"wp:attachment":[{"href":"https:\/\/radiorevelacionfm.cl\/index.php?rest_route=%2Fwp%2Fv2%2Fmedia&parent=31126"}],"wp:term":[{"taxonomy":"category","embeddable":true,"href":"https:\/\/radiorevelacionfm.cl\/index.php?rest_route=%2Fwp%2Fv2%2Fcategories&post=31126"},{"taxonomy":"post_tag","embeddable":true,"href":"https:\/\/radiorevelacionfm.cl\/index.php?rest_route=%2Fwp%2Fv2%2Ftags&post=31126"}],"curies":[{"name":"wp","href":"https:\/\/api.w.org\/{rel}","templated":true}]}}