{"id":31121,"date":"2023-05-17T22:10:45","date_gmt":"2023-05-18T01:10:45","guid":{"rendered":"https:\/\/radiorevelacionfm.cl\/?p=31121"},"modified":"2023-05-17T22:10:45","modified_gmt":"2023-05-18T01:10:45","slug":"grupo-transversal-de-parlamentarios-presentan-proyecto-que-compensa-en-acciones-y-bonos-las-deudas-de-las-isapres-con-afiliados","status":"publish","type":"post","link":"https:\/\/radiorevelacionfm.cl\/?p=31121","title":{"rendered":"Grupo transversal de parlamentarios presentan proyecto que compensa en acciones y bonos las deudas de las Isapres con afiliados"},"content":{"rendered":"<div class=\"flex_column av_one_full  flex_column_div av-zero-column-padding first  avia-builder-el-0  el_before_av_one_full  avia-builder-el-first  \" style='border-radius:0px; '><div  class='avia-image-container  av-styling-    avia-builder-el-1  avia-builder-el-no-sibling  avia-align-center '  itemprop=\"image\" itemscope=\"itemscope\" itemtype=\"https:\/\/schema.org\/ImageObject\"  ><div class='avia-image-container-inner'><div class='avia-image-overlay-wrap'><img decoding=\"async\" class='wp-image-31122 avia-img-lazy-loading-not-31122 avia_image' src=\"https:\/\/radiorevelacionfm.cl\/wp-content\/uploads\/2023\/05\/20230517_115423-1_optimized.jpg\" alt='' title='20230517_115423-(1)_optimized' height=\"600\" width=\"953\"  itemprop=\"thumbnailUrl\" srcset=\"https:\/\/radiorevelacionfm.cl\/wp-content\/uploads\/2023\/05\/20230517_115423-1_optimized.jpg 953w, https:\/\/radiorevelacionfm.cl\/wp-content\/uploads\/2023\/05\/20230517_115423-1_optimized-300x189.jpg 300w, https:\/\/radiorevelacionfm.cl\/wp-content\/uploads\/2023\/05\/20230517_115423-1_optimized-768x484.jpg 768w, https:\/\/radiorevelacionfm.cl\/wp-content\/uploads\/2023\/05\/20230517_115423-1_optimized-705x444.jpg 705w, https:\/\/radiorevelacionfm.cl\/wp-content\/uploads\/2023\/05\/20230517_115423-1_optimized-450x283.jpg 450w, https:\/\/radiorevelacionfm.cl\/wp-content\/uploads\/2023\/05\/20230517_115423-1_optimized-600x378.jpg 600w\" sizes=\"(max-width: 953px) 100vw, 953px\" \/><\/div><\/div><\/div><\/div><div class=\"flex_column av_one_full  flex_column_div av-zero-column-padding first  avia-builder-el-2  el_after_av_one_full  el_before_av_one_full  column-top-margin\" style='border-radius:0px; '><section class=\"av_textblock_section \"  itemscope=\"itemscope\" itemtype=\"https:\/\/schema.org\/BlogPosting\" itemprop=\"blogPost\" ><div class='avia_textblock  '   itemprop=\"text\" ><p style=\"text-align: center;\"><strong><span style=\"font-size: 18pt;\">Grupo transversal de parlamentarios presentan proyecto que compensa en acciones y bonos las deudas de las Isapres con afiliados<\/span><\/strong><\/p>\n<div id=\"gtx-trans\" style=\"position: absolute; left: -50px; top: 4.31534px;\">\n<div class=\"gtx-trans-icon\"><\/div>\n<\/div>\n<\/div><\/section><\/div><div class=\"flex_column av_one_full  flex_column_div av-zero-column-padding first  avia-builder-el-4  el_after_av_one_full  el_before_av_hr  column-top-margin\" style='border-radius:0px; '><section class=\"av_textblock_section \"  itemscope=\"itemscope\" itemtype=\"https:\/\/schema.org\/BlogPosting\" itemprop=\"blogPost\" ><div class='avia_textblock  '   itemprop=\"text\" ><p style=\"font-weight: 400; text-align: justify;\">El diputado Miguel \u00c1ngel Calisto y la Diputada y Presidenta de la Comisi\u00f3n de Gobierno Interior de la C\u00e1mara, Joanna P\u00e9rez, junto a un grupo transversal de parlamentarios, presentaron un proyecto de ley que compensa en acciones y bonos las deudas de las Isapres con los afiliados, cumpliendo el fallo de la Corte Suprema, reconociendo y determinando la deuda de las aseguradoras, y dando la posibilidad de capitalizar para cumplir con sus obligaciones de pago.<\/p>\n<p style=\"font-weight: 400; text-align: justify;\">\u00a0La iniciativa cont\u00f3 adem\u00e1s con el patrocinio de Andr\u00e9s Celis (RN), Mar\u00eda Luisa Cordero (RN), Tom\u00e1s Lagomarsino (Partido Radical), Ra\u00fal Leiva (Partido Socialista), Erika Olivera (Dem\u00f3cratas), Rub\u00e9n Oyarzo (PDG), Jorge Saffirio (Dem\u00f3cratas) y H\u00e9ctor Ulloa (Independiente pro PPD).<\/p>\n<p style=\"font-weight: 400; text-align: justify;\">Seg\u00fan el diputado Miguel \u00c1ngel Calisto, \u201csi caen las ISAPRES, pierden los afiliados. Si hay perdonazo, pierden los afiliados. Ac\u00e1 hay una deuda que las ISAPRES no pueden desconocer. Vamos a ser garantes para que estas instituciones paguen, pero tambi\u00e9n debemos ser capaces de viabilizar un mecanismo que permita que el sistema se mantenga, especialmente para aquellos que se est\u00e1n tratando por enfermedades complejas en este sistema\u201d.<\/p>\n<p style=\"font-weight: 400; text-align: justify;\">Por su parte, la diputada Joanna P\u00e9rez indic\u00f3 que \u201cnuestro proyecto viene a cumplir el fallo de la Corte Suprema. Aqu\u00ed no hay perdonazos.\u00a0 Por lo tanto todos los pagos en exceso que se hayan hecho se deben devolver a los afiliados. Con esto buscamos una alternativa voluntaria. El Gobierno ha presentado su proyecto y esta iniciativa tambi\u00e9n conversa con el proyecto del Gobierno, que sin duda requiere modificaciones, aperturas, y valoro que hoy d\u00eda el Presidente y la Ministra Toh\u00e1 digan que se abren a conversar\u201d .<\/p>\n<p style=\"font-weight: 400; text-align: justify;\">Finalmente, la diputada agreg\u00f3 que \u201ceste proyecto busca cumplir el fallo y emitir acciones o bonos de deuda. Esto es, capitalizar esta deuda y hacerla efectiva generando certezas. Se puede dar un tiempo dependiendo de cuando se trabajen estas acciones. Por ejemplo el bono tiene una limitaci\u00f3n, que no se puede hacer efectivo (liquidarlos en dinero) en 5 a\u00f1os, pero los recursos est\u00e1n ah\u00ed de manera que generen utilidades. Sin embargo, las acciones y bonos se pueden vender en el momento\u201d.<\/p>\n<\/div><\/section><\/div><div  style='height:50px' class='hr hr-invisible   avia-builder-el-6  el_after_av_one_full  el_before_av_social_share '><span class='hr-inner ' ><span class='hr-inner-style'><\/span><\/span><\/div><\/p>\n<div  class='av-social-sharing-box  avia-builder-el-7  el_after_av_hr  el_before_av_hr  '><div class='av-share-box'><h5 class='av-share-link-description av-no-toc '>Compartir esta noticia<\/h5><ul class='av-share-box-list noLightbox'><li class='av-share-link av-social-link-facebook' ><a target=\"_blank\" aria-label=\"Compartir en Facebook\" href='https:\/\/www.facebook.com\/sharer.php?u=https:\/\/radiorevelacionfm.cl\/?p=31121&#038;t=Grupo%20transversal%20de%20parlamentarios%20presentan%20proyecto%20que%20compensa%20en%20acciones%20y%20bonos%20las%20deudas%20de%20las%20Isapres%20con%20afiliados' aria-hidden='false' data-av_icon='\ue8f3' data-av_iconfont='entypo-fontello' title='' data-avia-related-tooltip='Compartir en Facebook' rel=\"noopener\"><span class='avia_hidden_link_text'>Compartir en Facebook<\/span><\/a><\/li><li class='av-share-link av-social-link-twitter' ><a target=\"_blank\" aria-label=\"Compartir en Twitter\" href='https:\/\/twitter.com\/share?text=Grupo%20transversal%20de%20parlamentarios%20presentan%20proyecto%20que%20compensa%20en%20acciones%20y%20bonos%20las%20deudas%20de%20las%20Isapres%20con%20afiliados&#038;url=https:\/\/radiorevelacionfm.cl\/?p=31121' aria-hidden='false' data-av_icon='\ue8f1' data-av_iconfont='entypo-fontello' title='' data-avia-related-tooltip='Compartir en Twitter' rel=\"noopener\"><span class='avia_hidden_link_text'>Compartir en Twitter<\/span><\/a><\/li><li class='av-share-link av-social-link-whatsapp' ><a target=\"_blank\" aria-label=\"Compartir en Whatsapp\" href='https:\/\/api.whatsapp.com\/send?text=https:\/\/radiorevelacionfm.cl\/?p=31121' aria-hidden='false' data-av_icon='\uf232' data-av_iconfont='entypo-fontello' title='' data-avia-related-tooltip='Compartir en Whatsapp' rel=\"noopener\"><span class='avia_hidden_link_text'>Compartir en Whatsapp<\/span><\/a><\/li><li class='av-share-link av-social-link-linkedin' ><a target=\"_blank\" aria-label=\"Compartir en LinkedIn\" href='https:\/\/linkedin.com\/shareArticle?mini=true&#038;title=Grupo%20transversal%20de%20parlamentarios%20presentan%20proyecto%20que%20compensa%20en%20acciones%20y%20bonos%20las%20deudas%20de%20las%20Isapres%20con%20afiliados&#038;url=https:\/\/radiorevelacionfm.cl\/?p=31121' aria-hidden='false' data-av_icon='\ue8fc' data-av_iconfont='entypo-fontello' title='' data-avia-related-tooltip='Compartir en LinkedIn' rel=\"noopener\"><span class='avia_hidden_link_text'>Compartir en LinkedIn<\/span><\/a><\/li><li class='av-share-link av-social-link-mail' ><a  aria-label=\"Compartir por correo\" href='mailto:?subject=Grupo%20transversal%20de%20parlamentarios%20presentan%20proyecto%20que%20compensa%20en%20acciones%20y%20bonos%20las%20deudas%20de%20las%20Isapres%20con%20afiliados&#038;body=https:\/\/radiorevelacionfm.cl\/?p=31121' aria-hidden='false' data-av_icon='\ue805' data-av_iconfont='entypo-fontello' title='' data-avia-related-tooltip='Compartir por correo'><span class='avia_hidden_link_text'>Compartir por correo<\/span><\/a><\/li><\/ul><\/div><\/div>\n<div  style='height:50px' class='hr hr-invisible   avia-builder-el-8  el_after_av_social_share  el_before_av_comments_list '><span class='hr-inner ' ><span class='hr-inner-style'><\/span><\/span><\/div>\n<div  class='av-buildercomment  av-blog-meta-html-info-disabled av-blog-meta-tag-disabled  '><\/div>\n","protected":false},"excerpt":{"rendered":"","protected":false},"author":1,"featured_media":31122,"comment_status":"open","ping_status":"open","sticky":false,"template":"","format":"standard","meta":{"footnotes":""},"categories":[35],"tags":[],"class_list":["post-31121","post","type-post","status-publish","format-standard","has-post-thumbnail","hentry","category-politica"],"jetpack_featured_media_url":"https:\/\/radiorevelacionfm.cl\/wp-content\/uploads\/2023\/05\/20230517_115423-1_optimized.jpg","_links":{"self":[{"href":"https:\/\/radiorevelacionfm.cl\/index.php?rest_route=\/wp\/v2\/posts\/31121","targetHints":{"allow":["GET"]}}],"collection":[{"href":"https:\/\/radiorevelacionfm.cl\/index.php?rest_route=\/wp\/v2\/posts"}],"about":[{"href":"https:\/\/radiorevelacionfm.cl\/index.php?rest_route=\/wp\/v2\/types\/post"}],"author":[{"embeddable":true,"href":"https:\/\/radiorevelacionfm.cl\/index.php?rest_route=\/wp\/v2\/users\/1"}],"replies":[{"embeddable":true,"href":"https:\/\/radiorevelacionfm.cl\/index.php?rest_route=%2Fwp%2Fv2%2Fcomments&post=31121"}],"version-history":[{"count":1,"href":"https:\/\/radiorevelacionfm.cl\/index.php?rest_route=\/wp\/v2\/posts\/31121\/revisions"}],"predecessor-version":[{"id":31123,"href":"https:\/\/radiorevelacionfm.cl\/index.php?rest_route=\/wp\/v2\/posts\/31121\/revisions\/31123"}],"wp:featuredmedia":[{"embeddable":true,"href":"https:\/\/radiorevelacionfm.cl\/index.php?rest_route=\/wp\/v2\/media\/31122"}],"wp:attachment":[{"href":"https:\/\/radiorevelacionfm.cl\/index.php?rest_route=%2Fwp%2Fv2%2Fmedia&parent=31121"}],"wp:term":[{"taxonomy":"category","embeddable":true,"href":"https:\/\/radiorevelacionfm.cl\/index.php?rest_route=%2Fwp%2Fv2%2Fcategories&post=31121"},{"taxonomy":"post_tag","embeddable":true,"href":"https:\/\/radiorevelacionfm.cl\/index.php?rest_route=%2Fwp%2Fv2%2Ftags&post=31121"}],"curies":[{"name":"wp","href":"https:\/\/api.w.org\/{rel}","templated":true}]}}