{"id":31118,"date":"2023-05-17T20:38:07","date_gmt":"2023-05-17T23:38:07","guid":{"rendered":"https:\/\/radiorevelacionfm.cl\/?p=31118"},"modified":"2023-05-17T20:41:19","modified_gmt":"2023-05-17T23:41:19","slug":"direccion-del-trabajo-recibe-nuevo-vehiculo-4x4-que-apoyara-capacidad-fiscalizadora-en-terreno","status":"publish","type":"post","link":"https:\/\/radiorevelacionfm.cl\/?p=31118","title":{"rendered":"Direcci\u00f3n del Trabajo recibe nuevo veh\u00edculo 4&#215;4 que apoyar\u00e1 capacidad fiscalizadora en terreno"},"content":{"rendered":"<div class=\"flex_column av_one_full  flex_column_div av-zero-column-padding first  avia-builder-el-0  el_before_av_one_full  avia-builder-el-first  \" style='border-radius:0px; '><div  class='avia-image-container  av-styling-    avia-builder-el-1  avia-builder-el-no-sibling  avia-align-center '  itemprop=\"image\" itemscope=\"itemscope\" itemtype=\"https:\/\/schema.org\/ImageObject\"  ><div class='avia-image-container-inner'><div class='avia-image-overlay-wrap'><img decoding=\"async\" class='wp-image-31124 avia-img-lazy-loading-not-31124 avia_image' src=\"https:\/\/radiorevelacionfm.cl\/wp-content\/uploads\/2023\/05\/nuevo-vehiculo-dt-aysen-2-b-1_optimized.jpg\" alt='' title='nuevo-vehiculo-dt-aysen-(2)-b-(1)_optimized' height=\"600\" width=\"799\"  itemprop=\"thumbnailUrl\" srcset=\"https:\/\/radiorevelacionfm.cl\/wp-content\/uploads\/2023\/05\/nuevo-vehiculo-dt-aysen-2-b-1_optimized.jpg 799w, https:\/\/radiorevelacionfm.cl\/wp-content\/uploads\/2023\/05\/nuevo-vehiculo-dt-aysen-2-b-1_optimized-300x225.jpg 300w, https:\/\/radiorevelacionfm.cl\/wp-content\/uploads\/2023\/05\/nuevo-vehiculo-dt-aysen-2-b-1_optimized-768x577.jpg 768w, https:\/\/radiorevelacionfm.cl\/wp-content\/uploads\/2023\/05\/nuevo-vehiculo-dt-aysen-2-b-1_optimized-705x529.jpg 705w, https:\/\/radiorevelacionfm.cl\/wp-content\/uploads\/2023\/05\/nuevo-vehiculo-dt-aysen-2-b-1_optimized-450x338.jpg 450w, https:\/\/radiorevelacionfm.cl\/wp-content\/uploads\/2023\/05\/nuevo-vehiculo-dt-aysen-2-b-1_optimized-600x451.jpg 600w\" sizes=\"(max-width: 799px) 100vw, 799px\" \/><\/div><\/div><\/div><\/div><div class=\"flex_column av_one_full  flex_column_div av-zero-column-padding first  avia-builder-el-2  el_after_av_one_full  el_before_av_one_full  column-top-margin\" style='border-radius:0px; '><section class=\"av_textblock_section \"  itemscope=\"itemscope\" itemtype=\"https:\/\/schema.org\/BlogPosting\" itemprop=\"blogPost\" ><div class='avia_textblock  '   itemprop=\"text\" ><p style=\"text-align: center;\"><span style=\"font-size: 18pt;\"><b><span lang=\"ES\">Direcci\u00f3n del Trabajo recibe nuevo veh\u00edculo 4&#215;4 que apoyar\u00e1 capacidad fiscalizadora en terreno<\/span><\/b><\/span><\/p>\n<div id=\"gtx-trans\" style=\"position: absolute; left: -50px; top: 4.31534px;\">\n<div class=\"gtx-trans-icon\"><\/div>\n<\/div>\n<\/div><\/section><\/div><\/p>\n<div class=\"flex_column av_one_full  flex_column_div av-zero-column-padding first  avia-builder-el-4  el_after_av_one_full  el_before_av_hr  column-top-margin\" style='border-radius:0px; '><section class=\"av_textblock_section \"  itemscope=\"itemscope\" itemtype=\"https:\/\/schema.org\/BlogPosting\" itemprop=\"blogPost\" ><div class='avia_textblock  '   itemprop=\"text\" ><p class=\"v1MsoNormal\" style=\"text-align: justify;\"><span lang=\"ES\">Una nueva camioneta 4&#215;4 tiene la Direcci\u00f3n Regional del Trabajo, la cual ser\u00e1 destinada para la Inspecci\u00f3n Provincial de Ays\u00e9n (IPT Ays\u00e9n) , siendo recibida por el Subsecretario del trabajo, Giorgio Boccardo, junto al Seremi de Trabajo y Previsi\u00f3n Social, Rodrigo D\u00edaz; al director regional(s) Christian Aros; al jefe de la IPT Ays\u00e9n, Luis Godoy y al Inspector de Terreno, Nelson Vargas.<b><\/b><\/span><\/p>\n<p class=\"v1MsoNormal\" style=\"text-align: justify;\"><span lang=\"ES\">El Subsecretario del Trabajo, Giorgio Boccardo, coment\u00f3 sobre el prop\u00f3sito de ampliar la capacidad fiscalizadora de la Direcci\u00f3n del Trabajo, \u00abComo\u00a0 Ministerio del Trabajo y Previsi\u00f3n Social hemos puesto como uno de los objetivos de Gobierno el poder avanzar en fortalecer las capacidades de fiscalizaci\u00f3n de las Inspecciones del Trabajo en todo el pa\u00eds. Hoy d\u00eda recibimos mucha demanda de organizaciones sindicales por tener mayor presencia en los territorios, as\u00ed como tambi\u00e9n de los nuevos planes y programas de fiscalizaciones que estamos desplegando a trav\u00e9s de las nuevas normativas laborales. En ese contexto como ministerio estamos haciendo un esfuerzo importante de dotar a todas las regiones del pa\u00eds con nuevos veh\u00edculos que nos van a permitir tener mayor presencia en terreno, llegar a m\u00e1s zonas mayor dificultad de acceso y con ello tambi\u00e9n poder dar respuesta a nuestras funciones que tienen que ver con llegar a tiempo, estar en terreno y asegurar que la normativa laboral se cumpla. Estamos s\u00faper contentos de poder hacer la entrega de este veh\u00edculo aqu\u00ed en la regi\u00f3n y esperamos que eso contribuya tambi\u00e9n para que los funcionarios y funcionarias puedan desempe\u00f1ar sus labores en condiciones de seguridad y pertinencia\u00bb.<\/span><\/p>\n<p class=\"v1MsoNormal\" style=\"text-align: justify;\"><span lang=\"ES\">En esa misma l\u00ednea, el Director regional(s) Christian Aros de la Direcci\u00f3n del Trabajo, destac\u00f3 el apoyo en terreno de la nueva camioneta 4&#215;4, \u00abEste nuevo veh\u00edculo, que viene a reforzar la flota de veh\u00edculos institucionales que tiene nuestra regi\u00f3n, tiene una vital importancia para la Inspecci\u00f3n Provincial del Trabajo de Ays\u00e9n, porque viene a reforzar nuestra presencia en el territorio, dentro de la ciudad y dentro de todo el territorio jurisdiccional que tiene la inspecci\u00f3n, precisamente porque queremos reforzar las inspecciones y las fiscalizaciones en terreno\u00bb.<\/span><\/p>\n<p class=\"v1MsoNormal\" style=\"text-align: justify;\"><span lang=\"ES\">\u00abMuy agradecido de este nuevo veh\u00edculo para la Direcci\u00f3n del Trabajo, en este caso en especial para la Inspecci\u00f3n de Ays\u00e9n, que ve todo el litoral haciendo una labor fundamental, muy valorada por los trabajadores y tambi\u00e9n por los empresarios. Esperamos que esto los ayude a hacer su labor m\u00e1s segura y por un trabajo decente, como bien dice nuestro ministerio\u00bb, coment\u00f3 por su parte el Seremi de Trabajo y Previsi\u00f3n Social, Rodrigo D\u00edaz.\u00a0<\/span><\/p>\n<p class=\"v1MsoNormal\" style=\"text-align: justify;\"><span lang=\"ES\">La DT cuenta con una flota de 5 veh\u00edculos regionalmente, lo que afianzar\u00e1 el objetivo de aumentar durante este a\u00f1o las fiscalizaciones de terreno en todo el territorio, especialmente en zonas distantes o de dif\u00edcil acceso donde se concentran faenas mineras, forestales, agr\u00edcolas y acu\u00edcolas, entre otras.\u00a0 Esa meta de crecimiento inspectivo ya tuvo un primer logro el a\u00f1o 2022 durante el cual la fiscalizaci\u00f3n de la DT a nivel nacional creci\u00f3 en el 5,64% respecto del a\u00f1o 2021, pasando de 78.076 a 82.479 inspecciones.<\/span><\/p>\n<p class=\"v1MsoNormal\" style=\"text-align: justify;\">A nivel nacional, son un total de 23 veh\u00edculos, 18 de ellos camionetas 4&#215;4, los que recibi\u00f3 la Direcci\u00f3n del Trabajo (DT), con una inversi\u00f3n levemente superior a los\u00a0$579\u00a0millones.<\/p>\n<\/div><\/section><\/div>\n<div  style='height:50px' class='hr hr-invisible   avia-builder-el-6  el_after_av_one_full  el_before_av_social_share '><span class='hr-inner ' ><span class='hr-inner-style'><\/span><\/span><\/div>\n<div  class='av-social-sharing-box  avia-builder-el-7  el_after_av_hr  el_before_av_hr  '><div class='av-share-box'><h5 class='av-share-link-description av-no-toc '>Compartir esta noticia<\/h5><ul class='av-share-box-list noLightbox'><li class='av-share-link av-social-link-facebook' ><a target=\"_blank\" aria-label=\"Compartir en Facebook\" href='https:\/\/www.facebook.com\/sharer.php?u=https:\/\/radiorevelacionfm.cl\/?p=31118&#038;t=Direcci%C3%B3n%20del%20Trabajo%20recibe%20nuevo%20veh%C3%ADculo%204%C3%974%20que%20apoyar%C3%A1%20capacidad%20fiscalizadora%20en%20terreno' aria-hidden='false' data-av_icon='\ue8f3' data-av_iconfont='entypo-fontello' title='' data-avia-related-tooltip='Compartir en Facebook' rel=\"noopener\"><span class='avia_hidden_link_text'>Compartir en Facebook<\/span><\/a><\/li><li class='av-share-link av-social-link-twitter' ><a target=\"_blank\" aria-label=\"Compartir en Twitter\" href='https:\/\/twitter.com\/share?text=Direcci%C3%B3n%20del%20Trabajo%20recibe%20nuevo%20veh%C3%ADculo%204%C3%974%20que%20apoyar%C3%A1%20capacidad%20fiscalizadora%20en%20terreno&#038;url=https:\/\/radiorevelacionfm.cl\/?p=31118' aria-hidden='false' data-av_icon='\ue8f1' data-av_iconfont='entypo-fontello' title='' data-avia-related-tooltip='Compartir en Twitter' rel=\"noopener\"><span class='avia_hidden_link_text'>Compartir en Twitter<\/span><\/a><\/li><li class='av-share-link av-social-link-whatsapp' ><a target=\"_blank\" aria-label=\"Compartir en Whatsapp\" href='https:\/\/api.whatsapp.com\/send?text=https:\/\/radiorevelacionfm.cl\/?p=31118' aria-hidden='false' data-av_icon='\uf232' data-av_iconfont='entypo-fontello' title='' data-avia-related-tooltip='Compartir en Whatsapp' rel=\"noopener\"><span class='avia_hidden_link_text'>Compartir en Whatsapp<\/span><\/a><\/li><li class='av-share-link av-social-link-linkedin' ><a target=\"_blank\" aria-label=\"Compartir en LinkedIn\" href='https:\/\/linkedin.com\/shareArticle?mini=true&#038;title=Direcci%C3%B3n%20del%20Trabajo%20recibe%20nuevo%20veh%C3%ADculo%204%C3%974%20que%20apoyar%C3%A1%20capacidad%20fiscalizadora%20en%20terreno&#038;url=https:\/\/radiorevelacionfm.cl\/?p=31118' aria-hidden='false' data-av_icon='\ue8fc' data-av_iconfont='entypo-fontello' title='' data-avia-related-tooltip='Compartir en LinkedIn' rel=\"noopener\"><span class='avia_hidden_link_text'>Compartir en LinkedIn<\/span><\/a><\/li><li class='av-share-link av-social-link-mail' ><a  aria-label=\"Compartir por correo\" href='mailto:?subject=Direcci%C3%B3n%20del%20Trabajo%20recibe%20nuevo%20veh%C3%ADculo%204%C3%974%20que%20apoyar%C3%A1%20capacidad%20fiscalizadora%20en%20terreno&#038;body=https:\/\/radiorevelacionfm.cl\/?p=31118' aria-hidden='false' data-av_icon='\ue805' data-av_iconfont='entypo-fontello' title='' data-avia-related-tooltip='Compartir por correo'><span class='avia_hidden_link_text'>Compartir por correo<\/span><\/a><\/li><\/ul><\/div><\/div>\n<div  style='height:50px' class='hr hr-invisible   avia-builder-el-8  el_after_av_social_share  el_before_av_comments_list '><span class='hr-inner ' ><span class='hr-inner-style'><\/span><\/span><\/div>\n<div  class='av-buildercomment  av-blog-meta-html-info-disabled av-blog-meta-tag-disabled  '><\/div>\n","protected":false},"excerpt":{"rendered":"","protected":false},"author":1,"featured_media":31124,"comment_status":"open","ping_status":"open","sticky":false,"template":"","format":"standard","meta":{"footnotes":""},"categories":[56],"tags":[],"class_list":["post-31118","post","type-post","status-publish","format-standard","has-post-thumbnail","hentry","category-trabajo"],"jetpack_featured_media_url":"https:\/\/radiorevelacionfm.cl\/wp-content\/uploads\/2023\/05\/nuevo-vehiculo-dt-aysen-2-b-1_optimized.jpg","_links":{"self":[{"href":"https:\/\/radiorevelacionfm.cl\/index.php?rest_route=\/wp\/v2\/posts\/31118","targetHints":{"allow":["GET"]}}],"collection":[{"href":"https:\/\/radiorevelacionfm.cl\/index.php?rest_route=\/wp\/v2\/posts"}],"about":[{"href":"https:\/\/radiorevelacionfm.cl\/index.php?rest_route=\/wp\/v2\/types\/post"}],"author":[{"embeddable":true,"href":"https:\/\/radiorevelacionfm.cl\/index.php?rest_route=\/wp\/v2\/users\/1"}],"replies":[{"embeddable":true,"href":"https:\/\/radiorevelacionfm.cl\/index.php?rest_route=%2Fwp%2Fv2%2Fcomments&post=31118"}],"version-history":[{"count":2,"href":"https:\/\/radiorevelacionfm.cl\/index.php?rest_route=\/wp\/v2\/posts\/31118\/revisions"}],"predecessor-version":[{"id":31125,"href":"https:\/\/radiorevelacionfm.cl\/index.php?rest_route=\/wp\/v2\/posts\/31118\/revisions\/31125"}],"wp:featuredmedia":[{"embeddable":true,"href":"https:\/\/radiorevelacionfm.cl\/index.php?rest_route=\/wp\/v2\/media\/31124"}],"wp:attachment":[{"href":"https:\/\/radiorevelacionfm.cl\/index.php?rest_route=%2Fwp%2Fv2%2Fmedia&parent=31118"}],"wp:term":[{"taxonomy":"category","embeddable":true,"href":"https:\/\/radiorevelacionfm.cl\/index.php?rest_route=%2Fwp%2Fv2%2Fcategories&post=31118"},{"taxonomy":"post_tag","embeddable":true,"href":"https:\/\/radiorevelacionfm.cl\/index.php?rest_route=%2Fwp%2Fv2%2Ftags&post=31118"}],"curies":[{"name":"wp","href":"https:\/\/api.w.org\/{rel}","templated":true}]}}