{"id":31115,"date":"2023-05-18T11:13:58","date_gmt":"2023-05-18T14:13:58","guid":{"rendered":"https:\/\/radiorevelacionfm.cl\/?p=31115"},"modified":"2023-05-18T11:13:58","modified_gmt":"2023-05-18T14:13:58","slug":"sernameg-se-reune-con-mujeres-e-instituciones-en-puerto-cisnes","status":"publish","type":"post","link":"https:\/\/radiorevelacionfm.cl\/?p=31115","title":{"rendered":"SernamEG se re\u00fane con mujeres e instituciones en Puerto Cisnes"},"content":{"rendered":"<div class=\"flex_column av_one_full  flex_column_div av-zero-column-padding first  avia-builder-el-0  el_before_av_one_full  avia-builder-el-first  \" style='border-radius:0px; '><div  class='avia-image-container  av-styling-    avia-builder-el-1  avia-builder-el-no-sibling  avia-align-center '  itemprop=\"image\" itemscope=\"itemscope\" itemtype=\"https:\/\/schema.org\/ImageObject\"  ><div class='avia-image-container-inner'><div class='avia-image-overlay-wrap'><img decoding=\"async\" class='wp-image-31116 avia-img-lazy-loading-not-31116 avia_image' src=\"https:\/\/radiorevelacionfm.cl\/wp-content\/uploads\/2023\/05\/dsc_0073-3-1_optimized.jpg\" alt='' title='dsc_0073-(3)-(1)_optimized' height=\"600\" width=\"960\"  itemprop=\"thumbnailUrl\" srcset=\"https:\/\/radiorevelacionfm.cl\/wp-content\/uploads\/2023\/05\/dsc_0073-3-1_optimized.jpg 960w, https:\/\/radiorevelacionfm.cl\/wp-content\/uploads\/2023\/05\/dsc_0073-3-1_optimized-300x188.jpg 300w, https:\/\/radiorevelacionfm.cl\/wp-content\/uploads\/2023\/05\/dsc_0073-3-1_optimized-768x480.jpg 768w, https:\/\/radiorevelacionfm.cl\/wp-content\/uploads\/2023\/05\/dsc_0073-3-1_optimized-705x441.jpg 705w, https:\/\/radiorevelacionfm.cl\/wp-content\/uploads\/2023\/05\/dsc_0073-3-1_optimized-450x281.jpg 450w, https:\/\/radiorevelacionfm.cl\/wp-content\/uploads\/2023\/05\/dsc_0073-3-1_optimized-600x375.jpg 600w\" sizes=\"(max-width: 960px) 100vw, 960px\" \/><\/div><\/div><\/div><\/div><div class=\"flex_column av_one_full  flex_column_div av-zero-column-padding first  avia-builder-el-2  el_after_av_one_full  el_before_av_one_full  column-top-margin\" style='border-radius:0px; '><section class=\"av_textblock_section \"  itemscope=\"itemscope\" itemtype=\"https:\/\/schema.org\/BlogPosting\" itemprop=\"blogPost\" ><div class='avia_textblock  '   itemprop=\"text\" ><p style=\"text-align: center;\"><strong><span style=\"font-size: 18pt;\">SernamEG se re\u00fane con mujeres e instituciones en Puerto Cisnes<\/span><\/strong><\/p>\n<div id=\"gtx-trans\" style=\"position: absolute; left: -50px; top: 4.31534px;\">\n<div class=\"gtx-trans-icon\"><\/div>\n<\/div>\n<\/div><\/section><\/div><div class=\"flex_column av_one_full  flex_column_div av-zero-column-padding first  avia-builder-el-4  el_after_av_one_full  el_before_av_hr  column-top-margin\" style='border-radius:0px; '><section class=\"av_textblock_section \"  itemscope=\"itemscope\" itemtype=\"https:\/\/schema.org\/BlogPosting\" itemprop=\"blogPost\" ><div class='avia_textblock  '   itemprop=\"text\" ><p style=\"font-weight: 400; text-align: justify;\">En coordinaci\u00f3n con la Oficina de la Mujer de la Municipalidad de Cisnes, la Directora Regional (S) del Servicio Nacional de la Mujer y la Equidad de G\u00e9nero, Marta Godoy Carvajal, junto a profesionales de la direcci\u00f3n regional, se trasladaron hasta Puerto Cisnes, oportunidad en la que participaron en reuniones con mujeres e instituciones presentes en el territorio.<\/p>\n<p style=\"font-weight: 400; text-align: justify;\">Junto con evaluar positivamente las gestiones efectuadas en la cabecera comunal, Godoy Carvajal se refiri\u00f3 a la trascendencia de este tipo de instancias. \u201cPara el Servicio es muy importante el poder vincularnos con distintos actores territoriales, tanto de organizaciones sociales como de la institucionalidad p\u00fablica, presentes en el territorio. Es muy claro que, para abordar las brechas de desigualdades de g\u00e9nero, necesitamos del concurso de los distintos actores de la sociedad. Cambiar las desigualdades que viven las mujeres, en sus distintas manifestaciones, no es un tema que se pueda resolver s\u00f3lo desde un organismo p\u00fablico; sino que requiere la participaci\u00f3n de la sociedad en su conjunto\u201d.<\/p>\n<p style=\"font-weight: 400; text-align: justify;\">Una de las primeras actividades, organizadas por la Oficina de la Mujer fue una reuni\u00f3n que tuvo por finalidad poder analizar en conjunto, a nivel comunal, el abordaje de la violencia contra las mujeres; y reforzar la coordinaci\u00f3n territorial respecto a esta problem\u00e1tica sociocultural. Asistieron representantes de la Oficina del Adulto Mayor, Carabineros de Chile, Corporaci\u00f3n de Asistencia Judicial, Armada de Chile y la Oficina de Protecci\u00f3n de Derechos de Infancia, Hospital de Cisnes y la Direcci\u00f3n de Desarrollo Comunitario de la Municipalidad de Cisnes. En la oportunidad, la encargada regional del programa de Atenci\u00f3n, Protecci\u00f3n y Reparaci\u00f3n en Violencia contra las Mujeres de SernamEG, Carla Arriagada Malague\u00f1o, dio cuenta de las coordinaciones que habitualmente se realizan a trav\u00e9s del Centro de la Mujer Naa Alver\u00e9 con el Municipio, a trav\u00e9s de la Oficina de la Mujer, ante hechos de violencia contra las mujeres. Adem\u00e1s, la instancia sirvi\u00f3 para iniciar la construcci\u00f3n de estrategias, as\u00ed como la planificaci\u00f3n para el desarrollo de acciones conjuntas e interinstitucionales.<\/p>\n<p style=\"font-weight: 400; text-align: justify;\">\u201cPara el Municipio es muy importante que se realicen este tipo de reuniones, donde participan varios servicios p\u00fablicos y de distintas oficinas municipales presentes, ya que nos sirve para poder coordinarnos y entregar una buena respuesta a las mujeres que puedan vivir alguna situaci\u00f3n de violencia intrafamiliar. Principalmente como pudimos ver en esta reuni\u00f3n el trabajo que se va a realizar en el litoral; ya que son localidades que est\u00e1n m\u00e1s aisladas y realmente necesitan que estemos todos los servicios comprometidos para poder entregar una respuesta oportuna\u201d, manifest\u00f3 la Directora de la Direcci\u00f3n de Desarrollo Comunitario de la Municipalidad de Cisnes, Paulina M\u00e1rquez Valeria.<\/p>\n<p style=\"font-weight: 400; text-align: justify;\"><strong>DIFUSI\u00d3N DEL FONDO PARA LA EQUIDAD DE G\u00c9NERO 2023<\/strong><\/p>\n<p style=\"font-weight: 400; text-align: justify;\">Otra de las acciones realizadas en Puerto Cisnes, fue una reuni\u00f3n con mujeres y representantes de organizaciones sociales, oportunidad en la que se entreg\u00f3 informaci\u00f3n relativa al Fondo para la Equidad de G\u00e9nero 2023. Participaron la agrupaci\u00f3n Natural, la junta vecinal Nuevo Horizonte, el taller Esperanza y la agrupaci\u00f3n deportiva Black Swan. Su presidenta, Fabiola Soto Villegas, precis\u00f3 que \u201csomos s\u00f3lo mujeres y estamos constituidas desde el a\u00f1o 2008, hemos postulado a varios fondos y tambi\u00e9n queremos hacer lo mismo con \u00e9ste, desde la asociatividad. Agradecemos la presencia de SernamEG en la localidad, es necesario que siempre est\u00e9n conectadas con nuestra comuna y creo que existe un compromiso real de este Servicio con la Oficina de la Mujer\u201d.<\/p>\n<p style=\"font-weight: 400; text-align: justify;\">En la oportunidad, se relev\u00f3 que pueden postular en el sitio fondos.gob, hasta el 29 de mayo, personas jur\u00eddicas y naturales de todo el pa\u00eds que presenten proyectos en las l\u00edneas de acci\u00f3n: Fortalecimiento interno de la organizaci\u00f3n y Fortalecimiento de las redes de asociatividad, en donde se promocione el desarrollo de organizaciones, la incidencia y participaci\u00f3n ciudadana de las mujeres, a trav\u00e9s de actividades e iniciativas en la que puedan levantar y fundamentar opiniones y propuestas referidas a pol\u00edticas p\u00fablicas para sus territorios y a nivel nacional.<\/p>\n<\/div><\/section><\/div><div  style='height:50px' class='hr hr-invisible   avia-builder-el-6  el_after_av_one_full  el_before_av_social_share '><span class='hr-inner ' ><span class='hr-inner-style'><\/span><\/span><\/div><\/p>\n<div  class='av-social-sharing-box  avia-builder-el-7  el_after_av_hr  el_before_av_hr  '><div class='av-share-box'><h5 class='av-share-link-description av-no-toc '>Compartir esta noticia<\/h5><ul class='av-share-box-list noLightbox'><li class='av-share-link av-social-link-facebook' ><a target=\"_blank\" aria-label=\"Compartir en Facebook\" href='https:\/\/www.facebook.com\/sharer.php?u=https:\/\/radiorevelacionfm.cl\/?p=31115&#038;t=SernamEG%20se%20re%C3%BAne%20con%20mujeres%20e%20instituciones%20en%20Puerto%20Cisnes' aria-hidden='false' data-av_icon='\ue8f3' data-av_iconfont='entypo-fontello' title='' data-avia-related-tooltip='Compartir en Facebook' rel=\"noopener\"><span class='avia_hidden_link_text'>Compartir en Facebook<\/span><\/a><\/li><li class='av-share-link av-social-link-twitter' ><a target=\"_blank\" aria-label=\"Compartir en Twitter\" href='https:\/\/twitter.com\/share?text=SernamEG%20se%20re%C3%BAne%20con%20mujeres%20e%20instituciones%20en%20Puerto%20Cisnes&#038;url=https:\/\/radiorevelacionfm.cl\/?p=31115' aria-hidden='false' data-av_icon='\ue8f1' data-av_iconfont='entypo-fontello' title='' data-avia-related-tooltip='Compartir en Twitter' rel=\"noopener\"><span class='avia_hidden_link_text'>Compartir en Twitter<\/span><\/a><\/li><li class='av-share-link av-social-link-whatsapp' ><a target=\"_blank\" aria-label=\"Compartir en Whatsapp\" href='https:\/\/api.whatsapp.com\/send?text=https:\/\/radiorevelacionfm.cl\/?p=31115' aria-hidden='false' data-av_icon='\uf232' data-av_iconfont='entypo-fontello' title='' data-avia-related-tooltip='Compartir en Whatsapp' rel=\"noopener\"><span class='avia_hidden_link_text'>Compartir en Whatsapp<\/span><\/a><\/li><li class='av-share-link av-social-link-linkedin' ><a target=\"_blank\" aria-label=\"Compartir en LinkedIn\" href='https:\/\/linkedin.com\/shareArticle?mini=true&#038;title=SernamEG%20se%20re%C3%BAne%20con%20mujeres%20e%20instituciones%20en%20Puerto%20Cisnes&#038;url=https:\/\/radiorevelacionfm.cl\/?p=31115' aria-hidden='false' data-av_icon='\ue8fc' data-av_iconfont='entypo-fontello' title='' data-avia-related-tooltip='Compartir en LinkedIn' rel=\"noopener\"><span class='avia_hidden_link_text'>Compartir en LinkedIn<\/span><\/a><\/li><li class='av-share-link av-social-link-mail' ><a  aria-label=\"Compartir por correo\" href='mailto:?subject=SernamEG%20se%20re%C3%BAne%20con%20mujeres%20e%20instituciones%20en%20Puerto%20Cisnes&#038;body=https:\/\/radiorevelacionfm.cl\/?p=31115' aria-hidden='false' data-av_icon='\ue805' data-av_iconfont='entypo-fontello' title='' data-avia-related-tooltip='Compartir por correo'><span class='avia_hidden_link_text'>Compartir por correo<\/span><\/a><\/li><\/ul><\/div><\/div>\n<div  style='height:50px' class='hr hr-invisible   avia-builder-el-8  el_after_av_social_share  el_before_av_comments_list '><span class='hr-inner ' ><span class='hr-inner-style'><\/span><\/span><\/div>\n<div  class='av-buildercomment  av-blog-meta-html-info-disabled av-blog-meta-tag-disabled  '><\/div>\n","protected":false},"excerpt":{"rendered":"","protected":false},"author":1,"featured_media":31116,"comment_status":"open","ping_status":"open","sticky":false,"template":"","format":"standard","meta":{"footnotes":""},"categories":[38],"tags":[],"class_list":["post-31115","post","type-post","status-publish","format-standard","has-post-thumbnail","hentry","category-regional"],"jetpack_featured_media_url":"https:\/\/radiorevelacionfm.cl\/wp-content\/uploads\/2023\/05\/dsc_0073-3-1_optimized.jpg","_links":{"self":[{"href":"https:\/\/radiorevelacionfm.cl\/index.php?rest_route=\/wp\/v2\/posts\/31115","targetHints":{"allow":["GET"]}}],"collection":[{"href":"https:\/\/radiorevelacionfm.cl\/index.php?rest_route=\/wp\/v2\/posts"}],"about":[{"href":"https:\/\/radiorevelacionfm.cl\/index.php?rest_route=\/wp\/v2\/types\/post"}],"author":[{"embeddable":true,"href":"https:\/\/radiorevelacionfm.cl\/index.php?rest_route=\/wp\/v2\/users\/1"}],"replies":[{"embeddable":true,"href":"https:\/\/radiorevelacionfm.cl\/index.php?rest_route=%2Fwp%2Fv2%2Fcomments&post=31115"}],"version-history":[{"count":1,"href":"https:\/\/radiorevelacionfm.cl\/index.php?rest_route=\/wp\/v2\/posts\/31115\/revisions"}],"predecessor-version":[{"id":31117,"href":"https:\/\/radiorevelacionfm.cl\/index.php?rest_route=\/wp\/v2\/posts\/31115\/revisions\/31117"}],"wp:featuredmedia":[{"embeddable":true,"href":"https:\/\/radiorevelacionfm.cl\/index.php?rest_route=\/wp\/v2\/media\/31116"}],"wp:attachment":[{"href":"https:\/\/radiorevelacionfm.cl\/index.php?rest_route=%2Fwp%2Fv2%2Fmedia&parent=31115"}],"wp:term":[{"taxonomy":"category","embeddable":true,"href":"https:\/\/radiorevelacionfm.cl\/index.php?rest_route=%2Fwp%2Fv2%2Fcategories&post=31115"},{"taxonomy":"post_tag","embeddable":true,"href":"https:\/\/radiorevelacionfm.cl\/index.php?rest_route=%2Fwp%2Fv2%2Ftags&post=31115"}],"curies":[{"name":"wp","href":"https:\/\/api.w.org\/{rel}","templated":true}]}}