{"id":31112,"date":"2023-05-17T18:04:55","date_gmt":"2023-05-17T21:04:55","guid":{"rendered":"https:\/\/radiorevelacionfm.cl\/?p=31112"},"modified":"2023-05-17T18:04:55","modified_gmt":"2023-05-17T21:04:55","slug":"ministro-montes-inicio-gira-regional-inaugurando-39-viviendas-para-familias-de-coyhaique","status":"publish","type":"post","link":"https:\/\/radiorevelacionfm.cl\/?p=31112","title":{"rendered":"Ministro Montes inici\u00f3 gira regional inaugurando 39 viviendas para familias de Coyhaique"},"content":{"rendered":"<div class=\"flex_column av_one_full  flex_column_div av-zero-column-padding first  avia-builder-el-0  el_before_av_one_full  avia-builder-el-first  \" style='border-radius:0px; '><div  class='avia-image-container  av-styling-    avia-builder-el-1  avia-builder-el-no-sibling  avia-align-center '  itemprop=\"image\" itemscope=\"itemscope\" itemtype=\"https:\/\/schema.org\/ImageObject\"  ><div class='avia-image-container-inner'><div class='avia-image-overlay-wrap'><img decoding=\"async\" class='wp-image-31113 avia-img-lazy-loading-not-31113 avia_image' src=\"https:\/\/radiorevelacionfm.cl\/wp-content\/uploads\/2023\/05\/img_20230517_125432881_hdr-1_optimized.jpg\" alt='' title='img_20230517_125432881_hdr-(1)_optimized' height=\"600\" width=\"800\"  itemprop=\"thumbnailUrl\" srcset=\"https:\/\/radiorevelacionfm.cl\/wp-content\/uploads\/2023\/05\/img_20230517_125432881_hdr-1_optimized.jpg 800w, https:\/\/radiorevelacionfm.cl\/wp-content\/uploads\/2023\/05\/img_20230517_125432881_hdr-1_optimized-300x225.jpg 300w, https:\/\/radiorevelacionfm.cl\/wp-content\/uploads\/2023\/05\/img_20230517_125432881_hdr-1_optimized-768x576.jpg 768w, https:\/\/radiorevelacionfm.cl\/wp-content\/uploads\/2023\/05\/img_20230517_125432881_hdr-1_optimized-705x529.jpg 705w, https:\/\/radiorevelacionfm.cl\/wp-content\/uploads\/2023\/05\/img_20230517_125432881_hdr-1_optimized-450x338.jpg 450w, https:\/\/radiorevelacionfm.cl\/wp-content\/uploads\/2023\/05\/img_20230517_125432881_hdr-1_optimized-600x450.jpg 600w\" sizes=\"(max-width: 800px) 100vw, 800px\" \/><\/div><\/div><\/div><\/div><div class=\"flex_column av_one_full  flex_column_div av-zero-column-padding first  avia-builder-el-2  el_after_av_one_full  el_before_av_one_full  column-top-margin\" style='border-radius:0px; '><section class=\"av_textblock_section \"  itemscope=\"itemscope\" itemtype=\"https:\/\/schema.org\/BlogPosting\" itemprop=\"blogPost\" ><div class='avia_textblock  '   itemprop=\"text\" ><p style=\"text-align: center;\"><strong><span style=\"font-size: 18pt;\">Ministro Montes inici\u00f3 gira regional inaugurando 39 viviendas para familias de Coyhaique<\/span><\/strong><\/p>\n<div id=\"gtx-trans\" style=\"position: absolute; left: -50px; top: 4.31534px;\">\n<div class=\"gtx-trans-icon\"><\/div>\n<\/div>\n<\/div><\/section><\/div><div class=\"flex_column av_one_full  flex_column_div av-zero-column-padding first  avia-builder-el-4  el_after_av_one_full  el_before_av_hr  column-top-margin\" style='border-radius:0px; '><section class=\"av_textblock_section \"  itemscope=\"itemscope\" itemtype=\"https:\/\/schema.org\/BlogPosting\" itemprop=\"blogPost\" ><div class='avia_textblock  '   itemprop=\"text\" ><p style=\"text-align: justify;\">El ministro de Vivienda y Urbanismo, Carlos Montes, encabez\u00f3 esta ma\u00f1ana en Coyhaique, regi\u00f3n de Ays\u00e9n, la ceremonia de entrega de 39 viviendas del proyecto Canal Darwin, correspondientes al Programa Fondo Solidario de Elecci\u00f3n de Vivienda (DS49), que beneficiar\u00e1 a los integrantes del comit\u00e9 San Luis Guanella. A la actividad asistieron el delegado presidencial regional, Rodrigo Araya; el gobernador (s) \u00d3scar del Solar; el alcalde de Coyhaique, Carlos Gatica; la seremi del Minvu Ays\u00e9n, Paulina Ruz; el director (s) del Serviu de la regi\u00f3n, Eduardo Navarro; adem\u00e1s de parlamentarios, autoridades regionales y las familias beneficiadas.<\/p>\n<p style=\"text-align: justify;\">Este proyecto se emplaza en dos terrenos cedidos por la Municipalidad de Coyhaique, ambos ubicados en la calle Canal Darwin de la capital regional. El primer tramo del proyecto incorpora 21 viviendas, 17 de ellas de 47,07 m2 y cuatro de 54,43 m2, estas \u00faltimas adaptadas para personas con movilidad reducida. El segundo tramo, en tanto, consiste en 18 viviendas de 47,07 m2. Adem\u00e1s, cada obra contempla un \u00e1rea verde y los trabajos de habilitaci\u00f3n de terreno y urbanizaci\u00f3n respectivos.<\/p>\n<p style=\"text-align: justify;\">El ministro Montes relev\u00f3 el compromiso del Gobierno con las zonas extremas del pa\u00eds, se\u00f1alando que \u201cel d\u00e9ficit de viviendas afecta a todas las regiones de Chile, por lo que estamos contentos de entregar estas soluciones habitacionales en la capital regional de Ays\u00e9n. Aqu\u00ed se ve un trabajo serio, como quiere el Presidente Gabriel Boric, finalizando las obras en plazos breves y respetando mucho a las personas\u201d.<\/p>\n<p style=\"text-align: justify;\">En esa l\u00ednea, el secretario de Estado complement\u00f3 que, \u201cel Ministerio de Vivienda y Urbanismo est\u00e1 liderando los esfuerzos del Plan de Emergencia Habitacional, para llegar a la meta de 260 mil viviendas entregadas durante este periodo de gobierno. Ya llevamos m\u00e1s de 50 mil viviendas terminadas en todo Chile, todas viviendas de calidad, de alto est\u00e1ndar y bien conectadas a la ciudad\u201d.<\/p>\n<p style=\"text-align: justify;\">Por su parte, el alcalde de Coyhaique, Carlos Gatica, destac\u00f3 que \u201choy se constituye el sue\u00f1o de la casa propia, de los hogares de estas familias que llevaban tanto tiempo esperando, y estamos muy contentos. Este es un trabajo que se hace en conjunto, con la seremi de Vivienda, el municipio de Coyhaique, en conjunto tambi\u00e9n con la Delegaci\u00f3n Presidencial y cada uno de los actores que han hecho esto posible\u201d.<\/p>\n<p style=\"text-align: justify;\">Finalmente, Paola Mar\u00edn, tesorera del comit\u00e9 San Luis Guanella, agradeci\u00f3 el apoyo del Minvu, Serviu, Municipalidad de Coyhaique, entidades patrocinantes y la Direcci\u00f3n de Obras Municipales, y termin\u00f3 diciendo. \u201cEsperamos como directiva que esta larga lucha, que dimos desde un comienzo, nos d\u00e9 bienestar y felicidad a cada una de las familias en estas tan esperadas viviendas\u201d.<\/p>\n<p style=\"text-align: justify;\">El ministro Carlos Montes se encuentra realizando una gira de visita a la Regi\u00f3n de Ays\u00e9n, donde sostuvo reuniones con el delegado presidencial, el gobernador regional y parlamentarios de la zona, mientras que durante esta tarde est\u00e1 contemplada una reuni\u00f3n con la directiva regional de la C\u00e1mara Chilena de la Construcci\u00f3n para evaluar los avances del Plan de Emergencia Habitacional.<\/p>\n<\/div><\/section><\/div><div  style='height:50px' class='hr hr-invisible   avia-builder-el-6  el_after_av_one_full  el_before_av_social_share '><span class='hr-inner ' ><span class='hr-inner-style'><\/span><\/span><\/div><\/p>\n<div  class='av-social-sharing-box  avia-builder-el-7  el_after_av_hr  el_before_av_hr  '><div class='av-share-box'><h5 class='av-share-link-description av-no-toc '>Compartir esta noticia<\/h5><ul class='av-share-box-list noLightbox'><li class='av-share-link av-social-link-facebook' ><a target=\"_blank\" aria-label=\"Compartir en Facebook\" href='https:\/\/www.facebook.com\/sharer.php?u=https:\/\/radiorevelacionfm.cl\/?p=31112&#038;t=Ministro%20Montes%20inici%C3%B3%20gira%20regional%20inaugurando%2039%20viviendas%20para%20familias%20de%20Coyhaique' aria-hidden='false' data-av_icon='\ue8f3' data-av_iconfont='entypo-fontello' title='' data-avia-related-tooltip='Compartir en Facebook' rel=\"noopener\"><span class='avia_hidden_link_text'>Compartir en Facebook<\/span><\/a><\/li><li class='av-share-link av-social-link-twitter' ><a target=\"_blank\" aria-label=\"Compartir en Twitter\" href='https:\/\/twitter.com\/share?text=Ministro%20Montes%20inici%C3%B3%20gira%20regional%20inaugurando%2039%20viviendas%20para%20familias%20de%20Coyhaique&#038;url=https:\/\/radiorevelacionfm.cl\/?p=31112' aria-hidden='false' data-av_icon='\ue8f1' data-av_iconfont='entypo-fontello' title='' data-avia-related-tooltip='Compartir en Twitter' rel=\"noopener\"><span class='avia_hidden_link_text'>Compartir en Twitter<\/span><\/a><\/li><li class='av-share-link av-social-link-whatsapp' ><a target=\"_blank\" aria-label=\"Compartir en Whatsapp\" href='https:\/\/api.whatsapp.com\/send?text=https:\/\/radiorevelacionfm.cl\/?p=31112' aria-hidden='false' data-av_icon='\uf232' data-av_iconfont='entypo-fontello' title='' data-avia-related-tooltip='Compartir en Whatsapp' rel=\"noopener\"><span class='avia_hidden_link_text'>Compartir en Whatsapp<\/span><\/a><\/li><li class='av-share-link av-social-link-linkedin' ><a target=\"_blank\" aria-label=\"Compartir en LinkedIn\" href='https:\/\/linkedin.com\/shareArticle?mini=true&#038;title=Ministro%20Montes%20inici%C3%B3%20gira%20regional%20inaugurando%2039%20viviendas%20para%20familias%20de%20Coyhaique&#038;url=https:\/\/radiorevelacionfm.cl\/?p=31112' aria-hidden='false' data-av_icon='\ue8fc' data-av_iconfont='entypo-fontello' title='' data-avia-related-tooltip='Compartir en LinkedIn' rel=\"noopener\"><span class='avia_hidden_link_text'>Compartir en LinkedIn<\/span><\/a><\/li><li class='av-share-link av-social-link-mail' ><a  aria-label=\"Compartir por correo\" href='mailto:?subject=Ministro%20Montes%20inici%C3%B3%20gira%20regional%20inaugurando%2039%20viviendas%20para%20familias%20de%20Coyhaique&#038;body=https:\/\/radiorevelacionfm.cl\/?p=31112' aria-hidden='false' data-av_icon='\ue805' data-av_iconfont='entypo-fontello' title='' data-avia-related-tooltip='Compartir por correo'><span class='avia_hidden_link_text'>Compartir por correo<\/span><\/a><\/li><\/ul><\/div><\/div>\n<div  style='height:50px' class='hr hr-invisible   avia-builder-el-8  el_after_av_social_share  el_before_av_comments_list '><span class='hr-inner ' ><span class='hr-inner-style'><\/span><\/span><\/div>\n<div  class='av-buildercomment  av-blog-meta-html-info-disabled av-blog-meta-tag-disabled  '><\/div>\n","protected":false},"excerpt":{"rendered":"","protected":false},"author":1,"featured_media":31113,"comment_status":"open","ping_status":"open","sticky":false,"template":"","format":"standard","meta":{"footnotes":""},"categories":[57],"tags":[],"class_list":["post-31112","post","type-post","status-publish","format-standard","has-post-thumbnail","hentry","category-vivienda"],"jetpack_featured_media_url":"https:\/\/radiorevelacionfm.cl\/wp-content\/uploads\/2023\/05\/img_20230517_125432881_hdr-1_optimized.jpg","_links":{"self":[{"href":"https:\/\/radiorevelacionfm.cl\/index.php?rest_route=\/wp\/v2\/posts\/31112","targetHints":{"allow":["GET"]}}],"collection":[{"href":"https:\/\/radiorevelacionfm.cl\/index.php?rest_route=\/wp\/v2\/posts"}],"about":[{"href":"https:\/\/radiorevelacionfm.cl\/index.php?rest_route=\/wp\/v2\/types\/post"}],"author":[{"embeddable":true,"href":"https:\/\/radiorevelacionfm.cl\/index.php?rest_route=\/wp\/v2\/users\/1"}],"replies":[{"embeddable":true,"href":"https:\/\/radiorevelacionfm.cl\/index.php?rest_route=%2Fwp%2Fv2%2Fcomments&post=31112"}],"version-history":[{"count":1,"href":"https:\/\/radiorevelacionfm.cl\/index.php?rest_route=\/wp\/v2\/posts\/31112\/revisions"}],"predecessor-version":[{"id":31114,"href":"https:\/\/radiorevelacionfm.cl\/index.php?rest_route=\/wp\/v2\/posts\/31112\/revisions\/31114"}],"wp:featuredmedia":[{"embeddable":true,"href":"https:\/\/radiorevelacionfm.cl\/index.php?rest_route=\/wp\/v2\/media\/31113"}],"wp:attachment":[{"href":"https:\/\/radiorevelacionfm.cl\/index.php?rest_route=%2Fwp%2Fv2%2Fmedia&parent=31112"}],"wp:term":[{"taxonomy":"category","embeddable":true,"href":"https:\/\/radiorevelacionfm.cl\/index.php?rest_route=%2Fwp%2Fv2%2Fcategories&post=31112"},{"taxonomy":"post_tag","embeddable":true,"href":"https:\/\/radiorevelacionfm.cl\/index.php?rest_route=%2Fwp%2Fv2%2Ftags&post=31112"}],"curies":[{"name":"wp","href":"https:\/\/api.w.org\/{rel}","templated":true}]}}