{"id":3111,"date":"2021-04-14T16:50:56","date_gmt":"2021-04-14T19:50:56","guid":{"rendered":"https:\/\/radiorevelacionfm.cl\/?p=3111"},"modified":"2021-04-14T16:50:56","modified_gmt":"2021-04-14T19:50:56","slug":"reiteran-llamado-a-la-comunidad-regional-a-vacunarse-contra-la-influenza","status":"publish","type":"post","link":"https:\/\/radiorevelacionfm.cl\/?p=3111","title":{"rendered":"Reiteran llamado a la comunidad regional a vacunarse contra la Influenza"},"content":{"rendered":"<div class=\"flex_column av_one_full  flex_column_div av-zero-column-padding first  avia-builder-el-0  el_before_av_one_full  avia-builder-el-first  \" style='border-radius:0px; '><div  class='avia-image-container  av-styling-    avia-builder-el-1  avia-builder-el-no-sibling  avia-align-center '  itemprop=\"image\" itemscope=\"itemscope\" itemtype=\"https:\/\/schema.org\/ImageObject\"  ><div class='avia-image-container-inner'><div class='avia-image-overlay-wrap'><img decoding=\"async\" class='wp-image-0 avia-img-lazy-loading-not-0 avia_image' src=\"https:\/\/radiorevelacionfm.cl\/wp-content\/uploads\/2021\/04\/prensa1-11_optimized.jpeg\" alt='' title=''   itemprop=\"thumbnailUrl\"  \/><\/div><\/div><\/div><\/div><div class=\"flex_column av_one_full  flex_column_div av-zero-column-padding first  avia-builder-el-2  el_after_av_one_full  el_before_av_one_full  column-top-margin\" style='border-radius:0px; '><section class=\"av_textblock_section \"  itemscope=\"itemscope\" itemtype=\"https:\/\/schema.org\/BlogPosting\" itemprop=\"blogPost\" ><div class='avia_textblock  '   itemprop=\"text\" ><p style=\"text-align: center;\"><strong><span style=\"font-size: 18pt;\">Reiteran llamado a la comunidad regional a vacunarse contra la Influenza <\/span><\/strong><\/p>\n<div id=\"gtx-trans\" style=\"position: absolute; left: -50px; top: 4.31534px;\">\n<div class=\"gtx-trans-icon\"><\/div>\n<\/div>\n<\/div><\/section><\/div><div class=\"flex_column av_one_full  flex_column_div av-zero-column-padding first  avia-builder-el-4  el_after_av_one_full  el_before_av_hr  column-top-margin\" style='border-radius:0px; '><section class=\"av_textblock_section \"  itemscope=\"itemscope\" itemtype=\"https:\/\/schema.org\/BlogPosting\" itemprop=\"blogPost\" ><div class='avia_textblock  '   itemprop=\"text\" ><p style=\"text-align: justify;\">La vacuna contra influenza es la medida m\u00e1s efectiva para prevenir la infecci\u00f3n y sus resultados severos. El Programa Nacional de Inmunizaciones entrega este medicamento de manera gratuita a los grupos objetivos definidos. Igualmente, el proceso de vacunaci\u00f3n de COVID-19 y de influenza se est\u00e1n ejecutando de manera simult\u00e1nea.<\/p>\n<p style=\"text-align: justify;\">A nueve d\u00edas de que se iniciar\u00e1 la campa\u00f1a de vacunaci\u00f3n contra la influenza, la que se realiza en paralelo con el programa de inoculaci\u00f3n contra el Covid-19, el director del Servicio de Salud Ays\u00e9n, Gabriel Burgos, realiz\u00f3 un llamado a toda la comunidad regional a acercarse a los diversos puntos de vacunaci\u00f3n establecidos en todo el territorio.<\/p>\n<p style=\"text-align: justify;\">\u201cHoy el Estado proporciona de manera gratuita la vacuna contra la influenza a toda nuestra poblaci\u00f3n objetivo que incluyen menores desde los 6 meses hasta los ni\u00f1os que cursan 5to b\u00e1sico; adultos mayores (a partir de los 65 a\u00f1os); embarazadas; trabajadores de la educaci\u00f3n preescolar y escolar (hasta quinto b\u00e1sico) y personas que tienen alguna enfermedad cr\u00f3nica (entre 11 y 64 a\u00f1os)\u201d, indic\u00f3 Gabriel Burgos, director del Servicio de Salud Ays\u00e9n.<\/p>\n<p style=\"text-align: justify;\">Igualmente, Burgos agreg\u00f3 que \u201cla vacuna protege contra las complicaciones de este virus respiratorio que es grave, as\u00ed podemos prevenir, y evitar cuadros que provocan una hospitalizaci\u00f3n, colocando en riesgo sus vidas, por lo que debemos ser responsables y acudir a los puntos de inmunizaci\u00f3n, ya que contamos con una vacuna segura y efectiva\u201d, puntualiz\u00f3.<\/p>\n<p style=\"text-align: justify;\">La influenza es una enfermedad contagiosa causada por un virus que se transmite desde una persona enferma al toser, estornudar o mediante las secreciones nasales. Este virus es responsable de infecciones respiratorias severas, que pueden causar complicaciones de gravedad.<\/p>\n<p style=\"text-align: justify;\">Al a\u00f1o, miles de personas mueren en el mundo debido a esta enfermedad y muchos requieren de hospitalizaci\u00f3n. Para prevenir las condiciones anteriormente mencionadas, es necesaria la vacunaci\u00f3n anual contra este virus.<\/p>\n<p style=\"text-align: justify;\"><strong>Puntos de vacunaci\u00f3n en Coyhaique\u00a0\u00a0\u00a0\u00a0\u00a0\u00a0\u00a0 <\/strong><\/p>\n<p style=\"text-align: justify;\">Los puntos de vacunaci\u00f3n contra el COVID-19 son el Gimnasio Regional de Coyhaique (09.00 a 16 horas horario continuado), y el audit\u00f3rium del MOP (09.00 a 16.30 horario continuado). Adem\u00e1s, del punto con extensi\u00f3n horaria que se ubica en la ACHS que funciona de lunes a viernes de 18.00 a 19.30 horas, el cual es atendido por el voluntariado de enfermer\u00eda.<\/p>\n<p style=\"text-align: justify;\">En tanto, los puntos de vacunaci\u00f3n contra la influenza son la capilla de la Catedral de Coyhaique desde las 09.00 a las 12.30 horas y en la tarde desde 14.00 a 16.00 horas; y tambi\u00e9n en el Gimnasio Regional desde las 09.00 a las 16.00 horas.<\/p>\n<\/div><\/section><\/div><div  style='height:50px' class='hr hr-invisible   avia-builder-el-6  el_after_av_one_full  el_before_av_social_share '><span class='hr-inner ' ><span class='hr-inner-style'><\/span><\/span><\/div><\/p>\n<div  class='av-social-sharing-box  avia-builder-el-7  el_after_av_hr  el_before_av_hr  '><div class='av-share-box'><h5 class='av-share-link-description av-no-toc '>Compartir esta noticia<\/h5><ul class='av-share-box-list noLightbox'><li class='av-share-link av-social-link-facebook' ><a target=\"_blank\" aria-label=\"Compartir en Facebook\" href='https:\/\/www.facebook.com\/sharer.php?u=https:\/\/radiorevelacionfm.cl\/?p=3111&#038;t=Reiteran%20llamado%20a%20la%20comunidad%20regional%20a%20vacunarse%20contra%20la%20Influenza' aria-hidden='false' data-av_icon='\ue8f3' data-av_iconfont='entypo-fontello' title='' data-avia-related-tooltip='Compartir en Facebook' rel=\"noopener\"><span class='avia_hidden_link_text'>Compartir en Facebook<\/span><\/a><\/li><li class='av-share-link av-social-link-twitter' ><a target=\"_blank\" aria-label=\"Compartir en Twitter\" href='https:\/\/twitter.com\/share?text=Reiteran%20llamado%20a%20la%20comunidad%20regional%20a%20vacunarse%20contra%20la%20Influenza&#038;url=https:\/\/radiorevelacionfm.cl\/?p=3111' aria-hidden='false' data-av_icon='\ue8f1' data-av_iconfont='entypo-fontello' title='' data-avia-related-tooltip='Compartir en Twitter' rel=\"noopener\"><span class='avia_hidden_link_text'>Compartir en Twitter<\/span><\/a><\/li><li class='av-share-link av-social-link-whatsapp' ><a target=\"_blank\" aria-label=\"Compartir en Whatsapp\" href='https:\/\/api.whatsapp.com\/send?text=https:\/\/radiorevelacionfm.cl\/?p=3111' aria-hidden='false' data-av_icon='\uf232' data-av_iconfont='entypo-fontello' title='' data-avia-related-tooltip='Compartir en Whatsapp' rel=\"noopener\"><span class='avia_hidden_link_text'>Compartir en Whatsapp<\/span><\/a><\/li><li class='av-share-link av-social-link-linkedin' ><a target=\"_blank\" aria-label=\"Compartir en LinkedIn\" href='https:\/\/linkedin.com\/shareArticle?mini=true&#038;title=Reiteran%20llamado%20a%20la%20comunidad%20regional%20a%20vacunarse%20contra%20la%20Influenza&#038;url=https:\/\/radiorevelacionfm.cl\/?p=3111' aria-hidden='false' data-av_icon='\ue8fc' data-av_iconfont='entypo-fontello' title='' data-avia-related-tooltip='Compartir en LinkedIn' rel=\"noopener\"><span class='avia_hidden_link_text'>Compartir en LinkedIn<\/span><\/a><\/li><li class='av-share-link av-social-link-mail' ><a  aria-label=\"Compartir por correo\" href='mailto:?subject=Reiteran%20llamado%20a%20la%20comunidad%20regional%20a%20vacunarse%20contra%20la%20Influenza&#038;body=https:\/\/radiorevelacionfm.cl\/?p=3111' aria-hidden='false' data-av_icon='\ue805' data-av_iconfont='entypo-fontello' title='' data-avia-related-tooltip='Compartir por correo'><span class='avia_hidden_link_text'>Compartir por correo<\/span><\/a><\/li><\/ul><\/div><\/div>\n<div  style='height:50px' class='hr hr-invisible   avia-builder-el-8  el_after_av_social_share  el_before_av_comments_list '><span class='hr-inner ' ><span class='hr-inner-style'><\/span><\/span><\/div>\n<div  class='av-buildercomment  av-blog-meta-html-info-disabled av-blog-meta-tag-disabled  '><\/div>\n","protected":false},"excerpt":{"rendered":"","protected":false},"author":1,"featured_media":0,"comment_status":"open","ping_status":"open","sticky":false,"template":"","format":"standard","meta":{"footnotes":""},"categories":[46],"tags":[],"class_list":["post-3111","post","type-post","status-publish","format-standard","hentry","category-salud"],"jetpack_featured_media_url":"","_links":{"self":[{"href":"https:\/\/radiorevelacionfm.cl\/index.php?rest_route=\/wp\/v2\/posts\/3111","targetHints":{"allow":["GET"]}}],"collection":[{"href":"https:\/\/radiorevelacionfm.cl\/index.php?rest_route=\/wp\/v2\/posts"}],"about":[{"href":"https:\/\/radiorevelacionfm.cl\/index.php?rest_route=\/wp\/v2\/types\/post"}],"author":[{"embeddable":true,"href":"https:\/\/radiorevelacionfm.cl\/index.php?rest_route=\/wp\/v2\/users\/1"}],"replies":[{"embeddable":true,"href":"https:\/\/radiorevelacionfm.cl\/index.php?rest_route=%2Fwp%2Fv2%2Fcomments&post=3111"}],"version-history":[{"count":1,"href":"https:\/\/radiorevelacionfm.cl\/index.php?rest_route=\/wp\/v2\/posts\/3111\/revisions"}],"predecessor-version":[{"id":3113,"href":"https:\/\/radiorevelacionfm.cl\/index.php?rest_route=\/wp\/v2\/posts\/3111\/revisions\/3113"}],"wp:attachment":[{"href":"https:\/\/radiorevelacionfm.cl\/index.php?rest_route=%2Fwp%2Fv2%2Fmedia&parent=3111"}],"wp:term":[{"taxonomy":"category","embeddable":true,"href":"https:\/\/radiorevelacionfm.cl\/index.php?rest_route=%2Fwp%2Fv2%2Fcategories&post=3111"},{"taxonomy":"post_tag","embeddable":true,"href":"https:\/\/radiorevelacionfm.cl\/index.php?rest_route=%2Fwp%2Fv2%2Ftags&post=3111"}],"curies":[{"name":"wp","href":"https:\/\/api.w.org\/{rel}","templated":true}]}}