{"id":31109,"date":"2023-05-18T10:54:40","date_gmt":"2023-05-18T13:54:40","guid":{"rendered":"https:\/\/radiorevelacionfm.cl\/?p=31109"},"modified":"2023-05-18T10:54:40","modified_gmt":"2023-05-18T13:54:40","slug":"docentes-se-capacitan-en-educacion-ambiental-biodiversidad-cambio-climatico-calidad-del-aire-e-incendios-forestales","status":"publish","type":"post","link":"https:\/\/radiorevelacionfm.cl\/?p=31109","title":{"rendered":"Docentes se capacitan en Educaci\u00f3n Ambiental, Biodiversidad, Cambio Clim\u00e1tico, Calidad del Aire e Incendios Forestales"},"content":{"rendered":"<div class=\"flex_column av_one_full  flex_column_div av-zero-column-padding first  avia-builder-el-0  el_before_av_one_full  avia-builder-el-first  \" style='border-radius:0px; '><div  class='avia-image-container  av-styling-    avia-builder-el-1  avia-builder-el-no-sibling  avia-align-center '  itemprop=\"image\" itemscope=\"itemscope\" itemtype=\"https:\/\/schema.org\/ImageObject\"  ><div class='avia-image-container-inner'><div class='avia-image-overlay-wrap'><img decoding=\"async\" class='wp-image-31110 avia-img-lazy-loading-not-31110 avia_image' src=\"https:\/\/radiorevelacionfm.cl\/wp-content\/uploads\/2023\/05\/photo-2023-05-11-19-15-38-1_optimized-1.jpg\" alt='' title='photo-2023-05-11-19-15-38-(1)_optimized (1)' height=\"600\" width=\"850\"  itemprop=\"thumbnailUrl\" srcset=\"https:\/\/radiorevelacionfm.cl\/wp-content\/uploads\/2023\/05\/photo-2023-05-11-19-15-38-1_optimized-1.jpg 850w, https:\/\/radiorevelacionfm.cl\/wp-content\/uploads\/2023\/05\/photo-2023-05-11-19-15-38-1_optimized-1-300x212.jpg 300w, https:\/\/radiorevelacionfm.cl\/wp-content\/uploads\/2023\/05\/photo-2023-05-11-19-15-38-1_optimized-1-768x542.jpg 768w, https:\/\/radiorevelacionfm.cl\/wp-content\/uploads\/2023\/05\/photo-2023-05-11-19-15-38-1_optimized-1-260x185.jpg 260w, https:\/\/radiorevelacionfm.cl\/wp-content\/uploads\/2023\/05\/photo-2023-05-11-19-15-38-1_optimized-1-705x498.jpg 705w, https:\/\/radiorevelacionfm.cl\/wp-content\/uploads\/2023\/05\/photo-2023-05-11-19-15-38-1_optimized-1-450x318.jpg 450w, https:\/\/radiorevelacionfm.cl\/wp-content\/uploads\/2023\/05\/photo-2023-05-11-19-15-38-1_optimized-1-600x424.jpg 600w\" sizes=\"(max-width: 850px) 100vw, 850px\" \/><\/div><\/div><\/div><\/div><div class=\"flex_column av_one_full  flex_column_div av-zero-column-padding first  avia-builder-el-2  el_after_av_one_full  el_before_av_one_full  column-top-margin\" style='border-radius:0px; '><section class=\"av_textblock_section \"  itemscope=\"itemscope\" itemtype=\"https:\/\/schema.org\/BlogPosting\" itemprop=\"blogPost\" ><div class='avia_textblock  '   itemprop=\"text\" ><p style=\"text-align: center;\"><span style=\"font-size: 18pt;\"><strong>Docentes se capacitan en Educaci\u00f3n Ambiental, Biodiversidad, Cambio Clim\u00e1tico, Calidad del Aire e Incendios Forestales<\/strong><\/span><\/p>\n<div id=\"gtx-trans\" style=\"position: absolute; left: -50px; top: 4.31534px;\">\n<div class=\"gtx-trans-icon\"><\/div>\n<\/div>\n<\/div><\/section><\/div><div class=\"flex_column av_one_full  flex_column_div av-zero-column-padding first  avia-builder-el-4  el_after_av_one_full  el_before_av_hr  column-top-margin\" style='border-radius:0px; '><section class=\"av_textblock_section \"  itemscope=\"itemscope\" itemtype=\"https:\/\/schema.org\/BlogPosting\" itemprop=\"blogPost\" ><div class='avia_textblock  '   itemprop=\"text\" ><p style=\"text-align: justify;\">En una iniciativa intersectorial entre las SEREMIS de Agricultura \u2013 a trav\u00e9s de CONAF-, Medio Ambiente y Educaci\u00f3n, se organiz\u00f3 un taller para entregar a los y las docentes de la comuna de Ays\u00e9n una jornada de capacitaci\u00f3n con el objetivo de fortalecer la informaci\u00f3n que manejan los profesionales de la educaci\u00f3n respecto de tem\u00e1ticas como Biodiversidad, Cambio Clim\u00e1tico, Calidad del Aire e Incendios Forestales, temas fundamentales al momento de abordar la educaci\u00f3n ambiental en su territorio.<\/p>\n<p style=\"text-align: justify;\">La jornada, que tuvo lugar en la escuela Litoral Austral de Puerto Ays\u00e9n en la modalidad taller presencial, cont\u00f3 con las palabras de bienvenida de la SEREMI de Educaci\u00f3n, Isabel Garrido, quien destac\u00f3 la actividad conjunta como una instancia en sinton\u00eda con el plan de reactivaci\u00f3n educativa impulsado por el Presidente Gabriel Boric, \u201cteniendo en cuenta la reactivaci\u00f3n de los aprendizajes para hacernos cargo de los temas emergentes que est\u00e1n apareciendo en nuestra sociedad, entre ellos el respeto por el medio ambiente y el cambio clim\u00e1tico \u201d, as\u00ed tambi\u00e9n el SEREMI del Medio Ambiente, Juli\u00e1n C\u00e1rdenas, destac\u00f3 la importancia de la actividad colaborativa que permite entregar herramientas a actores clave, como son los y las docentes, para ser traspasadas e inculcadas en\u00a0 ni\u00f1os, ni\u00f1as y adolescentes de la regi\u00f3n de Ays\u00e9n formando as\u00ed nuevos agentes de cambio. En la misma l\u00ednea, la directora del jard\u00edn infantil Lobito feroz, Andrea G\u00f3mez, tambi\u00e9n participante de la jornada reforz\u00f3 que \u201cla base est\u00e1 en los ni\u00f1os peque\u00f1os y ah\u00ed va el cambio, esa es la semillita del cambio que necesitamos y estamos tratando de incorporar en nuestras aulas\u201d.<\/p>\n<p style=\"text-align: justify;\">El taller, que tuvo una duraci\u00f3n de 8 horas lectivas, es producto del trabajo colaborativo entre CONAF Ays\u00e9n y la SEREMI del Medio Ambiente, y busca impulsar una cultura de la prevenci\u00f3n de incendios forestales, mejorando la percepci\u00f3n del riesgo por parte de la sociedad e incrementando la responsabilidad comunitaria e individual ante dicho fen\u00f3meno. \u201cEstas instancias deben replicarse muchas veces, para entregar espacios donde los profesores puedan conversar, donde las instituciones p\u00fablicas podamos acercarnos al quehacer de los colegios, y volver a vincularnos\u201d declar\u00f3 la Jefa Provincial de CONAF Ays\u00e9n, Gabriela G\u00f3mez haciendo referencia al periodo de distanciamiento ocurrido durante la pandemia.<\/p>\n<p style=\"text-align: justify;\">La jornada se sustent\u00f3 con documentos y gu\u00edas para los docentes participantes del taller, para que as\u00ed pudieran desarrollar, con un apoyo t\u00e9cnico, sus planificaciones en la malla curricular y colaborar en el objetivo de modificar en los estudiantes actitudes, conductas, capacidades, habilidades, pensamiento cr\u00edtico, creatividad, liderazgo, toma de decisiones y respeto por el medio ambiente.<\/p>\n<p style=\"text-align: justify;\">La recepci\u00f3n de los y las participantes fue positiva y agradecieron la instancia de formaci\u00f3n, no solo desde sus contenidos, sino en la oportunidad de interactuar con otros profesionales \u201cMuy amplio, muy gratificante, hemos compartido con nuestros colegas, conocimos distintas \u00e1reas de conservaci\u00f3n y vamos a tomar estas pol\u00edticas p\u00fablicas para llevarlas al aula y a nuestro taller medio ambiental\u201d, declar\u00f3 la profesora del colegio Almirante Simpson de Chacabuco, Evelyn Navarro; por su parte la profesora de la Escuela Especial Despertar, Camila Redlich agradeci\u00f3 la instancia que le permiti\u00f3 \u201ccrear redes y ya gestionar algunas actividades, comprometiendo a algunos colaboradores para activarlas con mi curso y el taller medioambiental\u201d, concluy\u00f3 .<\/p>\n<\/div><\/section><\/div><div  style='height:50px' class='hr hr-invisible   avia-builder-el-6  el_after_av_one_full  el_before_av_social_share '><span class='hr-inner ' ><span class='hr-inner-style'><\/span><\/span><\/div><\/p>\n<div  class='av-social-sharing-box  avia-builder-el-7  el_after_av_hr  el_before_av_hr  '><div class='av-share-box'><h5 class='av-share-link-description av-no-toc '>Compartir esta noticia<\/h5><ul class='av-share-box-list noLightbox'><li class='av-share-link av-social-link-facebook' ><a target=\"_blank\" aria-label=\"Compartir en Facebook\" href='https:\/\/www.facebook.com\/sharer.php?u=https:\/\/radiorevelacionfm.cl\/?p=31109&#038;t=Docentes%20se%20capacitan%20en%20Educaci%C3%B3n%20Ambiental%2C%20Biodiversidad%2C%20Cambio%20Clim%C3%A1tico%2C%20Calidad%20del%20Aire%20e%20Incendios%20Forestales' aria-hidden='false' data-av_icon='\ue8f3' data-av_iconfont='entypo-fontello' title='' data-avia-related-tooltip='Compartir en Facebook' rel=\"noopener\"><span class='avia_hidden_link_text'>Compartir en Facebook<\/span><\/a><\/li><li class='av-share-link av-social-link-twitter' ><a target=\"_blank\" aria-label=\"Compartir en Twitter\" href='https:\/\/twitter.com\/share?text=Docentes%20se%20capacitan%20en%20Educaci%C3%B3n%20Ambiental%2C%20Biodiversidad%2C%20Cambio%20Clim%C3%A1tico%2C%20Calidad%20del%20Aire%20e%20Incendios%20Forestales&#038;url=https:\/\/radiorevelacionfm.cl\/?p=31109' aria-hidden='false' data-av_icon='\ue8f1' data-av_iconfont='entypo-fontello' title='' data-avia-related-tooltip='Compartir en Twitter' rel=\"noopener\"><span class='avia_hidden_link_text'>Compartir en Twitter<\/span><\/a><\/li><li class='av-share-link av-social-link-whatsapp' ><a target=\"_blank\" aria-label=\"Compartir en Whatsapp\" href='https:\/\/api.whatsapp.com\/send?text=https:\/\/radiorevelacionfm.cl\/?p=31109' aria-hidden='false' data-av_icon='\uf232' data-av_iconfont='entypo-fontello' title='' data-avia-related-tooltip='Compartir en Whatsapp' rel=\"noopener\"><span class='avia_hidden_link_text'>Compartir en Whatsapp<\/span><\/a><\/li><li class='av-share-link av-social-link-linkedin' ><a target=\"_blank\" aria-label=\"Compartir en LinkedIn\" href='https:\/\/linkedin.com\/shareArticle?mini=true&#038;title=Docentes%20se%20capacitan%20en%20Educaci%C3%B3n%20Ambiental%2C%20Biodiversidad%2C%20Cambio%20Clim%C3%A1tico%2C%20Calidad%20del%20Aire%20e%20Incendios%20Forestales&#038;url=https:\/\/radiorevelacionfm.cl\/?p=31109' aria-hidden='false' data-av_icon='\ue8fc' data-av_iconfont='entypo-fontello' title='' data-avia-related-tooltip='Compartir en LinkedIn' rel=\"noopener\"><span class='avia_hidden_link_text'>Compartir en LinkedIn<\/span><\/a><\/li><li class='av-share-link av-social-link-mail' ><a  aria-label=\"Compartir por correo\" href='mailto:?subject=Docentes%20se%20capacitan%20en%20Educaci%C3%B3n%20Ambiental%2C%20Biodiversidad%2C%20Cambio%20Clim%C3%A1tico%2C%20Calidad%20del%20Aire%20e%20Incendios%20Forestales&#038;body=https:\/\/radiorevelacionfm.cl\/?p=31109' aria-hidden='false' data-av_icon='\ue805' data-av_iconfont='entypo-fontello' title='' data-avia-related-tooltip='Compartir por correo'><span class='avia_hidden_link_text'>Compartir por correo<\/span><\/a><\/li><\/ul><\/div><\/div>\n<div  style='height:50px' class='hr hr-invisible   avia-builder-el-8  el_after_av_social_share  el_before_av_comments_list '><span class='hr-inner ' ><span class='hr-inner-style'><\/span><\/span><\/div>\n<div  class='av-buildercomment  av-blog-meta-html-info-disabled av-blog-meta-tag-disabled  '><\/div>\n","protected":false},"excerpt":{"rendered":"","protected":false},"author":1,"featured_media":31110,"comment_status":"open","ping_status":"open","sticky":false,"template":"","format":"standard","meta":{"footnotes":""},"categories":[39],"tags":[],"class_list":["post-31109","post","type-post","status-publish","format-standard","has-post-thumbnail","hentry","category-medio-ambiente"],"jetpack_featured_media_url":"https:\/\/radiorevelacionfm.cl\/wp-content\/uploads\/2023\/05\/photo-2023-05-11-19-15-38-1_optimized-1.jpg","_links":{"self":[{"href":"https:\/\/radiorevelacionfm.cl\/index.php?rest_route=\/wp\/v2\/posts\/31109","targetHints":{"allow":["GET"]}}],"collection":[{"href":"https:\/\/radiorevelacionfm.cl\/index.php?rest_route=\/wp\/v2\/posts"}],"about":[{"href":"https:\/\/radiorevelacionfm.cl\/index.php?rest_route=\/wp\/v2\/types\/post"}],"author":[{"embeddable":true,"href":"https:\/\/radiorevelacionfm.cl\/index.php?rest_route=\/wp\/v2\/users\/1"}],"replies":[{"embeddable":true,"href":"https:\/\/radiorevelacionfm.cl\/index.php?rest_route=%2Fwp%2Fv2%2Fcomments&post=31109"}],"version-history":[{"count":1,"href":"https:\/\/radiorevelacionfm.cl\/index.php?rest_route=\/wp\/v2\/posts\/31109\/revisions"}],"predecessor-version":[{"id":31111,"href":"https:\/\/radiorevelacionfm.cl\/index.php?rest_route=\/wp\/v2\/posts\/31109\/revisions\/31111"}],"wp:featuredmedia":[{"embeddable":true,"href":"https:\/\/radiorevelacionfm.cl\/index.php?rest_route=\/wp\/v2\/media\/31110"}],"wp:attachment":[{"href":"https:\/\/radiorevelacionfm.cl\/index.php?rest_route=%2Fwp%2Fv2%2Fmedia&parent=31109"}],"wp:term":[{"taxonomy":"category","embeddable":true,"href":"https:\/\/radiorevelacionfm.cl\/index.php?rest_route=%2Fwp%2Fv2%2Fcategories&post=31109"},{"taxonomy":"post_tag","embeddable":true,"href":"https:\/\/radiorevelacionfm.cl\/index.php?rest_route=%2Fwp%2Fv2%2Ftags&post=31109"}],"curies":[{"name":"wp","href":"https:\/\/api.w.org\/{rel}","templated":true}]}}