{"id":31106,"date":"2023-05-17T16:21:38","date_gmt":"2023-05-17T19:21:38","guid":{"rendered":"https:\/\/radiorevelacionfm.cl\/?p=31106"},"modified":"2023-05-17T16:21:38","modified_gmt":"2023-05-17T19:21:38","slug":"invitan-a-participar-de-concurso-dirigido-a-mujeres-empresarias-turisticas-de-aysen","status":"publish","type":"post","link":"https:\/\/radiorevelacionfm.cl\/?p=31106","title":{"rendered":"Invitan a participar de concurso dirigido a mujeres empresarias tur\u00edsticas de Ays\u00e9n"},"content":{"rendered":"<div class=\"flex_column av_one_full  flex_column_div av-zero-column-padding first  avia-builder-el-0  el_before_av_one_full  avia-builder-el-first  \" style='border-radius:0px; '><div  class='avia-image-container  av-styling-    avia-builder-el-1  avia-builder-el-no-sibling  avia-align-center '  itemprop=\"image\" itemscope=\"itemscope\" itemtype=\"https:\/\/schema.org\/ImageObject\"  ><div class='avia-image-container-inner'><div class='avia-image-overlay-wrap'><img decoding=\"async\" class='wp-image-31107 avia-img-lazy-loading-not-31107 avia_image' src=\"https:\/\/radiorevelacionfm.cl\/wp-content\/uploads\/2023\/05\/lanzamiento3-1-1.jpeg\" alt='' title='lanzamiento3 (1) (1)' height=\"600\" width=\"1067\"  itemprop=\"thumbnailUrl\" srcset=\"https:\/\/radiorevelacionfm.cl\/wp-content\/uploads\/2023\/05\/lanzamiento3-1-1.jpeg 1067w, https:\/\/radiorevelacionfm.cl\/wp-content\/uploads\/2023\/05\/lanzamiento3-1-1-300x169.jpeg 300w, https:\/\/radiorevelacionfm.cl\/wp-content\/uploads\/2023\/05\/lanzamiento3-1-1-1030x579.jpeg 1030w, https:\/\/radiorevelacionfm.cl\/wp-content\/uploads\/2023\/05\/lanzamiento3-1-1-768x432.jpeg 768w, https:\/\/radiorevelacionfm.cl\/wp-content\/uploads\/2023\/05\/lanzamiento3-1-1-705x396.jpeg 705w, https:\/\/radiorevelacionfm.cl\/wp-content\/uploads\/2023\/05\/lanzamiento3-1-1-450x253.jpeg 450w, https:\/\/radiorevelacionfm.cl\/wp-content\/uploads\/2023\/05\/lanzamiento3-1-1-600x337.jpeg 600w\" sizes=\"(max-width: 1067px) 100vw, 1067px\" \/><\/div><\/div><\/div><\/div><div class=\"flex_column av_one_full  flex_column_div av-zero-column-padding first  avia-builder-el-2  el_after_av_one_full  el_before_av_one_full  column-top-margin\" style='border-radius:0px; '><section class=\"av_textblock_section \"  itemscope=\"itemscope\" itemtype=\"https:\/\/schema.org\/BlogPosting\" itemprop=\"blogPost\" ><div class='avia_textblock  '   itemprop=\"text\" ><p style=\"text-align: center;\"><strong><span style=\"font-size: 18pt;\">Invitan a participar de concurso dirigido a mujeres empresarias tur\u00edsticas de Ays\u00e9n\u00a0\u00a0<\/span><\/strong><\/p>\n<div id=\"gtx-trans\" style=\"position: absolute; left: -50px; top: 4.31534px;\">\n<div class=\"gtx-trans-icon\"><\/div>\n<\/div>\n<\/div><\/section><\/div><div class=\"flex_column av_one_full  flex_column_div av-zero-column-padding first  avia-builder-el-4  el_after_av_one_full  el_before_av_hr  column-top-margin\" style='border-radius:0px; '><section class=\"av_textblock_section \"  itemscope=\"itemscope\" itemtype=\"https:\/\/schema.org\/BlogPosting\" itemprop=\"blogPost\" ><div class='avia_textblock  '   itemprop=\"text\" ><p class=\"v1MsoNormal\" style=\"text-align: justify;\"><span class=\"v1ContentPasted1\"><span style=\"color: #333333;\">Con el objetivo de\u00a0<\/span><a class=\"v1ContentPasted1\"><span style=\"color: #333333;\">premiar a las peque\u00f1as y medianas empresarias tur\u00edsticas es que Sernatur, Banco Estado y la seremi de la Mujer y Equidad de G\u00e9nero dieron el vamos este martes en Coyhaique, a la d\u00e9cimo cuarta edici\u00f3n del concurso nacional Mujer Empresaria Tur\u00edstica 2023 que estar\u00e1 abierto hasta el 27 de junio a trav\u00e9s del sitio web<\/span>\u00a0<\/a><\/span><a class=\"v1ContentPasted1\" href=\"http:\/\/www.sernatur.cl\/mujerempresariaturistica\" target=\"_blank\" rel=\"noopener noreferrer\">www.sernatur.cl\/mujerempresariaturistica<\/a><span class=\"v1MsoHyperlink\"><span class=\"v1ContentPasted1\">.\u00a0<\/span><\/span><\/p>\n<p class=\"v1MsoNormal\" style=\"text-align: justify;\"><span class=\"v1ContentPasted1\">El a\u00f1o 2022 en la regi\u00f3n de Ays\u00e9n, fue reconocida como Mujer Empresaria Tur\u00edstica Anita Romero, quien tiene el emprendimiento Ruta Le\u00f3n en la comuna de Chile Chico y aprovech\u00f3 la instancia para motivar a sus pares \u00abHago un llamado a todas las mujeres de la regi\u00f3n de Ays\u00e9n a postular a este gran concurso que es un reconocimiento al trabajo de nuestro g\u00e9nero. Por lo tanto, a todas las colegas emprendedoras tur\u00edsticas, gu\u00edas las invito a que postulen ya que es una instancia muy bonita y adem\u00e1s pone en valor el trabajo que realizamos las mujeres en la regi\u00f3n de Ays\u00e9n\u00bb.\u00a0<\/span><\/p>\n<p class=\"v1MsoNormal\" style=\"text-align: justify;\"><span class=\"v1ContentPasted1\">El certamen est\u00e1 abierto para mujeres de todo Chile, que est\u00e9n a cargo empresas tur\u00edsticas que desarrollen experiencias y productos tur\u00edsticos, cuyas ventas anuales no excedan las 40.000 UF y tendr\u00e1 como foco prioritario a las empresas lideradas por mujeres que hayan agregado sostenibilidad o que hayan generado inclusi\u00f3n en sus negocios.\u00a0<\/span><\/p>\n<p class=\"v1MsoNormal\" style=\"text-align: justify;\"><span class=\"v1ContentPasted1\">En este sentido el Seremi de Econom\u00eda Felipe Rojas resalt\u00f3 la iniciativa que lidera Sernatur a nivel nacional en alianza con Banco Estado y Seremi de la Mujer se\u00f1alando que \u00abInvitamos a que se involucren es una enorme iniciativa y tambi\u00e9n poner en valor los distintos territorios, as\u00ed que las invitamos a participar y ojal\u00e1 puedan motivar a otras personas. La importancia de esto es que una de las principales vocaciones en la regi\u00f3n de Ays\u00e9n es el turismo, hay una tremenda potencialidad del sector para la regi\u00f3n, nosotros lo que observamos es que con el tiempo se suman m\u00e1s turistas nacionales y extranjeros y el turismo que hacen las mujeres tiene un componente de arraigo\u00bb.\u00a0<\/span><\/p>\n<p class=\"v1MsoNormal\" style=\"text-align: justify;\"><span class=\"v1ContentPasted1\">Por su lado la Seremi de la Mujer y Equidad de G\u00e9nero Andrea M\u00e9ndez relev\u00f3 la importancia de ser parte del concurso \u00absabemos que las mujeres se pueden desenvolver con \u00e9xito en todos los \u00e1mbitos y el turismo es uno de ellos donde en nuestra regi\u00f3n hay una presencia fundamental de emprendimientos liderados por mujeres y tienen valor agregado porque muchas de ellas se preocupan por temas ambientales, de sustentabilidad, laborales por tanto no hay solo una dimensi\u00f3n productiva sino tambi\u00e9n cultural, val\u00f3rica y que este concurso lo pone en valor\u00bb, indic\u00f3 la autoridad regional.\u00a0<\/span><\/p>\n<p class=\"v1MsoNormal\" style=\"text-align: justify;\"><span class=\"v1ContentPasted1\">Durante el trimestre m\u00f3vil octubre-noviembre-diciembre de 2022, se registr\u00f3 un total de 606.174 ocupados en las actividades caracter\u00edsticas del turismo (ACT). De ese universo, el 45,8% de las personas ocupadas son mujeres, es decir, 277.791.\u00a0<\/span><span class=\"v1ContentPasted1\">En esta l\u00ednea el Subgerente Regional Banco Estado Microempresas Christian Stolzenbach resalt\u00f3 que \u00abPara nosotros es una instancia muy importante, el cual reafirma nuestro compromiso y trabajo conjunto con la red de fomento que es Sernatur y a trav\u00e9s de ellos con el Ministerio de la Mujer y Equidad de G\u00e9nero. Hoy se trata de potenciar el turismo en la regi\u00f3n, de visibilizar lo que hacen las mujeres en torno al turismo\u00a0y destacar junto con dar una vitrina importante de sus negocios, porque sabemos la importancia que tiene el turismo en la regi\u00f3n, as\u00ed que las invitamos a participar que se acerquen a las oficinas de Sernatur, que postulen el a\u00f1o pasado hubo mucho inter\u00e9s\u00bb.\u00a0<\/span><\/p>\n<p class=\"v1MsoNormal\" style=\"text-align: justify;\"><b><span class=\"v1ContentPasted1\">Evaluaci\u00f3n y Premios\u00a0<\/span><\/b><\/p>\n<p class=\"v1MsoNormal\" style=\"text-align: justify;\"><span class=\"v1ContentPasted1\">El Concurso estar\u00e1 abierto hasta las 23:59 horas del lunes 27 de junio de 2023 a trav\u00e9s del formulario disponible en\u00a0<\/span><a class=\"v1ContentPasted1\" href=\"http:\/\/www.sernatur.cl\/mujerempresariaturistica\" target=\"_blank\" rel=\"noopener noreferrer\">www.sernatur.cl\/mujerempresariaturistica<\/a><span class=\"v1ContentPasted1\">. Una vez Finalizada la etapa de recepci\u00f3n de postulaciones, una comisi\u00f3n regional \u2013integrada por profesionales de Sernatur, Seremi MMyEG y BancoEstado\u2013 evaluar\u00e1 y definir\u00e1 a una seleccionada por regi\u00f3n. Posteriormente, una comisi\u00f3n nacional revisar\u00e1 las diecis\u00e9is propuestas finalistas y definir\u00e1 a las dos mejores.\u00a0\u00a0<\/span><\/p>\n<ul class=\"v1ContentPasted1\" style=\"text-align: justify;\" type=\"disc\">\n<li class=\"v1MsoNormal\"><span class=\"v1ContentPasted1\">El premio es en total $5.000.000 en efectivo a repartir entre las dos ganadoras.\u00a0<\/span><\/li>\n<li class=\"v1MsoNormal\"><span class=\"v1ContentPasted1\">Adicionalmente se llevan Un\u00a0<i class=\"v1ContentPasted1\">kit<\/i>\u00a0audiovisual consistente en un video de un minuto y un\u00a0<i class=\"v1ContentPasted1\">book<\/i>\u00a0de im\u00e1genes profesionales, para la difusi\u00f3n de cada una de las experiencias ganadoras.\u00a0\u00a0<\/span><\/li>\n<\/ul>\n<p class=\"v1MsoNormal\" style=\"text-align: justify;\"><span class=\"v1ContentPasted1\">Sernatur Ays\u00e9n a trav\u00e9s de su equipo y encargado de G\u00e9nero, Diego C\u00e1rcamo estar\u00e1 prestando toda la colaboraci\u00f3n y asesor\u00eda en las postulaciones, toda consulta puede ser presencial en Bulnes #35, al tel\u00e9fono 67240290 o bien escribiendo al correo electr\u00f3nico\u00a0<a class=\"v1ContentPasted1\">dcarcamo@sernatur.cl<\/a>.\u00a0\u00a0<\/span><\/p>\n<\/div><\/section><\/div><div  style='height:50px' class='hr hr-invisible   avia-builder-el-6  el_after_av_one_full  el_before_av_social_share '><span class='hr-inner ' ><span class='hr-inner-style'><\/span><\/span><\/div><\/p>\n<div  class='av-social-sharing-box  avia-builder-el-7  el_after_av_hr  el_before_av_hr  '><div class='av-share-box'><h5 class='av-share-link-description av-no-toc '>Compartir esta noticia<\/h5><ul class='av-share-box-list noLightbox'><li class='av-share-link av-social-link-facebook' ><a target=\"_blank\" aria-label=\"Compartir en Facebook\" href='https:\/\/www.facebook.com\/sharer.php?u=https:\/\/radiorevelacionfm.cl\/?p=31106&#038;t=Invitan%20a%20participar%20de%20concurso%20dirigido%20a%20mujeres%20empresarias%20tur%C3%ADsticas%20de%20Ays%C3%A9n' aria-hidden='false' data-av_icon='\ue8f3' data-av_iconfont='entypo-fontello' title='' data-avia-related-tooltip='Compartir en Facebook' rel=\"noopener\"><span class='avia_hidden_link_text'>Compartir en Facebook<\/span><\/a><\/li><li class='av-share-link av-social-link-twitter' ><a target=\"_blank\" aria-label=\"Compartir en Twitter\" href='https:\/\/twitter.com\/share?text=Invitan%20a%20participar%20de%20concurso%20dirigido%20a%20mujeres%20empresarias%20tur%C3%ADsticas%20de%20Ays%C3%A9n&#038;url=https:\/\/radiorevelacionfm.cl\/?p=31106' aria-hidden='false' data-av_icon='\ue8f1' data-av_iconfont='entypo-fontello' title='' data-avia-related-tooltip='Compartir en Twitter' rel=\"noopener\"><span class='avia_hidden_link_text'>Compartir en Twitter<\/span><\/a><\/li><li class='av-share-link av-social-link-whatsapp' ><a target=\"_blank\" aria-label=\"Compartir en Whatsapp\" href='https:\/\/api.whatsapp.com\/send?text=https:\/\/radiorevelacionfm.cl\/?p=31106' aria-hidden='false' data-av_icon='\uf232' data-av_iconfont='entypo-fontello' title='' data-avia-related-tooltip='Compartir en Whatsapp' rel=\"noopener\"><span class='avia_hidden_link_text'>Compartir en Whatsapp<\/span><\/a><\/li><li class='av-share-link av-social-link-linkedin' ><a target=\"_blank\" aria-label=\"Compartir en LinkedIn\" href='https:\/\/linkedin.com\/shareArticle?mini=true&#038;title=Invitan%20a%20participar%20de%20concurso%20dirigido%20a%20mujeres%20empresarias%20tur%C3%ADsticas%20de%20Ays%C3%A9n&#038;url=https:\/\/radiorevelacionfm.cl\/?p=31106' aria-hidden='false' data-av_icon='\ue8fc' data-av_iconfont='entypo-fontello' title='' data-avia-related-tooltip='Compartir en LinkedIn' rel=\"noopener\"><span class='avia_hidden_link_text'>Compartir en LinkedIn<\/span><\/a><\/li><li class='av-share-link av-social-link-mail' ><a  aria-label=\"Compartir por correo\" href='mailto:?subject=Invitan%20a%20participar%20de%20concurso%20dirigido%20a%20mujeres%20empresarias%20tur%C3%ADsticas%20de%20Ays%C3%A9n&#038;body=https:\/\/radiorevelacionfm.cl\/?p=31106' aria-hidden='false' data-av_icon='\ue805' data-av_iconfont='entypo-fontello' title='' data-avia-related-tooltip='Compartir por correo'><span class='avia_hidden_link_text'>Compartir por correo<\/span><\/a><\/li><\/ul><\/div><\/div>\n<div  style='height:50px' class='hr hr-invisible   avia-builder-el-8  el_after_av_social_share  el_before_av_comments_list '><span class='hr-inner ' ><span class='hr-inner-style'><\/span><\/span><\/div>\n<div  class='av-buildercomment  av-blog-meta-html-info-disabled av-blog-meta-tag-disabled  '><\/div>\n","protected":false},"excerpt":{"rendered":"","protected":false},"author":1,"featured_media":31107,"comment_status":"open","ping_status":"open","sticky":false,"template":"","format":"standard","meta":{"footnotes":""},"categories":[54],"tags":[],"class_list":["post-31106","post","type-post","status-publish","format-standard","has-post-thumbnail","hentry","category-turismo"],"jetpack_featured_media_url":"https:\/\/radiorevelacionfm.cl\/wp-content\/uploads\/2023\/05\/lanzamiento3-1-1.jpeg","_links":{"self":[{"href":"https:\/\/radiorevelacionfm.cl\/index.php?rest_route=\/wp\/v2\/posts\/31106","targetHints":{"allow":["GET"]}}],"collection":[{"href":"https:\/\/radiorevelacionfm.cl\/index.php?rest_route=\/wp\/v2\/posts"}],"about":[{"href":"https:\/\/radiorevelacionfm.cl\/index.php?rest_route=\/wp\/v2\/types\/post"}],"author":[{"embeddable":true,"href":"https:\/\/radiorevelacionfm.cl\/index.php?rest_route=\/wp\/v2\/users\/1"}],"replies":[{"embeddable":true,"href":"https:\/\/radiorevelacionfm.cl\/index.php?rest_route=%2Fwp%2Fv2%2Fcomments&post=31106"}],"version-history":[{"count":1,"href":"https:\/\/radiorevelacionfm.cl\/index.php?rest_route=\/wp\/v2\/posts\/31106\/revisions"}],"predecessor-version":[{"id":31108,"href":"https:\/\/radiorevelacionfm.cl\/index.php?rest_route=\/wp\/v2\/posts\/31106\/revisions\/31108"}],"wp:featuredmedia":[{"embeddable":true,"href":"https:\/\/radiorevelacionfm.cl\/index.php?rest_route=\/wp\/v2\/media\/31107"}],"wp:attachment":[{"href":"https:\/\/radiorevelacionfm.cl\/index.php?rest_route=%2Fwp%2Fv2%2Fmedia&parent=31106"}],"wp:term":[{"taxonomy":"category","embeddable":true,"href":"https:\/\/radiorevelacionfm.cl\/index.php?rest_route=%2Fwp%2Fv2%2Fcategories&post=31106"},{"taxonomy":"post_tag","embeddable":true,"href":"https:\/\/radiorevelacionfm.cl\/index.php?rest_route=%2Fwp%2Fv2%2Ftags&post=31106"}],"curies":[{"name":"wp","href":"https:\/\/api.w.org\/{rel}","templated":true}]}}