{"id":31103,"date":"2023-05-17T18:18:34","date_gmt":"2023-05-17T21:18:34","guid":{"rendered":"https:\/\/radiorevelacionfm.cl\/?p=31103"},"modified":"2023-05-17T18:18:34","modified_gmt":"2023-05-17T21:18:34","slug":"dia-del-soldado-conscripto-jovenes-con-vocacion-de-servicio-y-amor-a-la-patria","status":"publish","type":"post","link":"https:\/\/radiorevelacionfm.cl\/?p=31103","title":{"rendered":"D\u00eda del Soldado Conscripto: \u201cJ\u00f3venes con Vocaci\u00f3n de servicio y amor a la Patria\u201d"},"content":{"rendered":"<div class=\"flex_column av_one_full  flex_column_div av-zero-column-padding first  avia-builder-el-0  el_before_av_one_full  avia-builder-el-first  \" style='border-radius:0px; '><div  class='avia-image-container  av-styling-    avia-builder-el-1  avia-builder-el-no-sibling  avia-align-center '  itemprop=\"image\" itemscope=\"itemscope\" itemtype=\"https:\/\/schema.org\/ImageObject\"  ><div class='avia-image-container-inner'><div class='avia-image-overlay-wrap'><img decoding=\"async\" class='wp-image-31104 avia-img-lazy-loading-not-31104 avia_image' src=\"https:\/\/radiorevelacionfm.cl\/wp-content\/uploads\/2023\/05\/whatsapp-image-2023-05-10-at-16_optimized.54.10-1-1.jpeg\" alt='' title='whatsapp-image-2023-05-10-at-16_optimized.54.10-(1) (1)' height=\"600\" width=\"800\"  itemprop=\"thumbnailUrl\" srcset=\"https:\/\/radiorevelacionfm.cl\/wp-content\/uploads\/2023\/05\/whatsapp-image-2023-05-10-at-16_optimized.54.10-1-1.jpeg 800w, https:\/\/radiorevelacionfm.cl\/wp-content\/uploads\/2023\/05\/whatsapp-image-2023-05-10-at-16_optimized.54.10-1-1-300x225.jpeg 300w, https:\/\/radiorevelacionfm.cl\/wp-content\/uploads\/2023\/05\/whatsapp-image-2023-05-10-at-16_optimized.54.10-1-1-768x576.jpeg 768w, https:\/\/radiorevelacionfm.cl\/wp-content\/uploads\/2023\/05\/whatsapp-image-2023-05-10-at-16_optimized.54.10-1-1-705x529.jpeg 705w, https:\/\/radiorevelacionfm.cl\/wp-content\/uploads\/2023\/05\/whatsapp-image-2023-05-10-at-16_optimized.54.10-1-1-450x338.jpeg 450w, https:\/\/radiorevelacionfm.cl\/wp-content\/uploads\/2023\/05\/whatsapp-image-2023-05-10-at-16_optimized.54.10-1-1-600x450.jpeg 600w\" sizes=\"(max-width: 800px) 100vw, 800px\" \/><\/div><\/div><\/div><\/div><div class=\"flex_column av_one_full  flex_column_div av-zero-column-padding first  avia-builder-el-2  el_after_av_one_full  el_before_av_one_full  column-top-margin\" style='border-radius:0px; '><section class=\"av_textblock_section \"  itemscope=\"itemscope\" itemtype=\"https:\/\/schema.org\/BlogPosting\" itemprop=\"blogPost\" ><div class='avia_textblock  '   itemprop=\"text\" ><p style=\"text-align: center;\"><strong><span style=\"font-size: 18pt;\">D\u00eda del Soldado Conscripto: \u201cJ\u00f3venes con Vocaci\u00f3n de servicio y amor a la Patria\u201d<\/span><\/strong><\/p>\n<div id=\"gtx-trans\" style=\"position: absolute; left: -50px; top: 4.31534px;\">\n<div class=\"gtx-trans-icon\"><\/div>\n<\/div>\n<\/div><\/section><\/div><div class=\"flex_column av_one_full  flex_column_div av-zero-column-padding first  avia-builder-el-4  el_after_av_one_full  el_before_av_hr  column-top-margin\" style='border-radius:0px; '><section class=\"av_textblock_section \"  itemscope=\"itemscope\" itemtype=\"https:\/\/schema.org\/BlogPosting\" itemprop=\"blogPost\" ><div class='avia_textblock  '   itemprop=\"text\" ><p style=\"text-align: justify;\">El 18 de mayo es un d\u00eda especial para el Ej\u00e9rcito de Chile, se conmemora el \u201cD\u00eda del Soldado Conscripto instituida mediante Decreto Supremo N\u00b0112 el a\u00f1o 2007,\u201d, ocasi\u00f3n en la cual la instituci\u00f3n rinde un sentido homenaje a los 45 j\u00f3venes ca\u00eddos en el cumplimiento del deber en los faldeos del volc\u00e1n Antuco, en mayo de 2005, tragedia que dej\u00f3 una profunda huella en el alma de todos los chilenos y, por cierto, en todos los integrantes del Ej\u00e9rcito de Chile.<\/p>\n<p style=\"text-align: justify;\">En esta fecha es un deber reconocer y destacar la labor, de los miles de j\u00f3venes, hombres y mujeres en su mayor\u00eda voluntarios, que realizan el Servicio Militar a lo largo del territorio nacional. Los soldados conscriptos, son el coraz\u00f3n del Ej\u00e9rcito de Chile, un pilar fundamental para el cumplimiento de las misiones constitucionales que se les han confiado a la instituci\u00f3n, \u00a0es por ello que, se les reconoce y distingue el compromiso y aporte de cada uno de estos j\u00f3venes, quienes d\u00eda a d\u00eda, con un gran sentido de vocaci\u00f3n y llenos de sue\u00f1os e ilusiones, asumieron, trabajar desde las filas del ej\u00e9rcito, por el bienestar y progreso de chile.<\/p>\n<p style=\"text-align: justify;\">En lo particular, este jueves 18 de mayo, los j\u00f3venes conscriptos pertenecientes a la IV Divisi\u00f3n de Ej\u00e9rcito, tendr\u00e1n unas de las ceremonias m\u00e1s emotivas en la vida militar, que es la ceremonia de \u00a0\u201cEntrega de armas\u201d, donde reciben de manos de sus padres, el fusil que los acompa\u00f1ar\u00e1 durante todo su servicio militar, arma que la patria le entrega para defenderla y con ello queda oficialmente investido como un soldado del ej\u00e9rcito de Chile, comprometi\u00e9ndose a defender la seguridad y la soberan\u00eda nacional.<\/p>\n<p style=\"text-align: justify;\">Para conocer un poco de esta tradicional ceremonia, su \u00a0origen se remonta hasta la Europa medieval, cuando los j\u00f3venes nobles eran armados caballeros y empe\u00f1aban su honor y su vida en la defensa del rey o de la religi\u00f3n. En nuestro pa\u00eds, se realiza desde fines de la primera mitad del siglo XX en unidades y escuelas del Ej\u00e9rcito que reciben contingente.<\/p>\n<p style=\"text-align: justify;\">Cabe destacar que el hecho de recibir un arma tiene un profundo significado, es un s\u00edmbolo que expresa su entrega total a la Patria e involucra un compromiso con Chile, que posteriormente, ratificar\u00e1 antes Dios en el Juramento a la Bandera.<\/p>\n<p style=\"text-align: justify;\">Hoy el servicio militar tiene gran aceptaci\u00f3n por parte de la juventud, que ve en \u00e9l no solo una manera de servir a la patria o de dar cumplimiento a una ley, sino que es percibido, adem\u00e1s, como una ruta de aprendizaje, formaci\u00f3n del car\u00e1cter y superaci\u00f3n personal. Un gran desaf\u00edo que nuestros soldados conscriptos asumen desinteresadamente, con vocaci\u00f3n de servicio y amor a la Patria.<\/p>\n<\/div><\/section><\/div><div  style='height:50px' class='hr hr-invisible   avia-builder-el-6  el_after_av_one_full  el_before_av_social_share '><span class='hr-inner ' ><span class='hr-inner-style'><\/span><\/span><\/div><\/p>\n<div  class='av-social-sharing-box  avia-builder-el-7  el_after_av_hr  el_before_av_hr  '><div class='av-share-box'><h5 class='av-share-link-description av-no-toc '>Compartir esta noticia<\/h5><ul class='av-share-box-list noLightbox'><li class='av-share-link av-social-link-facebook' ><a target=\"_blank\" aria-label=\"Compartir en Facebook\" href='https:\/\/www.facebook.com\/sharer.php?u=https:\/\/radiorevelacionfm.cl\/?p=31103&#038;t=D%C3%ADa%20del%20Soldado%20Conscripto%3A%20%E2%80%9CJ%C3%B3venes%20con%20Vocaci%C3%B3n%20de%20servicio%20y%20amor%20a%20la%20Patria%E2%80%9D' aria-hidden='false' data-av_icon='\ue8f3' data-av_iconfont='entypo-fontello' title='' data-avia-related-tooltip='Compartir en Facebook' rel=\"noopener\"><span class='avia_hidden_link_text'>Compartir en Facebook<\/span><\/a><\/li><li class='av-share-link av-social-link-twitter' ><a target=\"_blank\" aria-label=\"Compartir en Twitter\" href='https:\/\/twitter.com\/share?text=D%C3%ADa%20del%20Soldado%20Conscripto%3A%20%E2%80%9CJ%C3%B3venes%20con%20Vocaci%C3%B3n%20de%20servicio%20y%20amor%20a%20la%20Patria%E2%80%9D&#038;url=https:\/\/radiorevelacionfm.cl\/?p=31103' aria-hidden='false' data-av_icon='\ue8f1' data-av_iconfont='entypo-fontello' title='' data-avia-related-tooltip='Compartir en Twitter' rel=\"noopener\"><span class='avia_hidden_link_text'>Compartir en Twitter<\/span><\/a><\/li><li class='av-share-link av-social-link-whatsapp' ><a target=\"_blank\" aria-label=\"Compartir en Whatsapp\" href='https:\/\/api.whatsapp.com\/send?text=https:\/\/radiorevelacionfm.cl\/?p=31103' aria-hidden='false' data-av_icon='\uf232' data-av_iconfont='entypo-fontello' title='' data-avia-related-tooltip='Compartir en Whatsapp' rel=\"noopener\"><span class='avia_hidden_link_text'>Compartir en Whatsapp<\/span><\/a><\/li><li class='av-share-link av-social-link-linkedin' ><a target=\"_blank\" aria-label=\"Compartir en LinkedIn\" href='https:\/\/linkedin.com\/shareArticle?mini=true&#038;title=D%C3%ADa%20del%20Soldado%20Conscripto%3A%20%E2%80%9CJ%C3%B3venes%20con%20Vocaci%C3%B3n%20de%20servicio%20y%20amor%20a%20la%20Patria%E2%80%9D&#038;url=https:\/\/radiorevelacionfm.cl\/?p=31103' aria-hidden='false' data-av_icon='\ue8fc' data-av_iconfont='entypo-fontello' title='' data-avia-related-tooltip='Compartir en LinkedIn' rel=\"noopener\"><span class='avia_hidden_link_text'>Compartir en LinkedIn<\/span><\/a><\/li><li class='av-share-link av-social-link-mail' ><a  aria-label=\"Compartir por correo\" href='mailto:?subject=D%C3%ADa%20del%20Soldado%20Conscripto%3A%20%E2%80%9CJ%C3%B3venes%20con%20Vocaci%C3%B3n%20de%20servicio%20y%20amor%20a%20la%20Patria%E2%80%9D&#038;body=https:\/\/radiorevelacionfm.cl\/?p=31103' aria-hidden='false' data-av_icon='\ue805' data-av_iconfont='entypo-fontello' title='' data-avia-related-tooltip='Compartir por correo'><span class='avia_hidden_link_text'>Compartir por correo<\/span><\/a><\/li><\/ul><\/div><\/div>\n<div  style='height:50px' class='hr hr-invisible   avia-builder-el-8  el_after_av_social_share  el_before_av_comments_list '><span class='hr-inner ' ><span class='hr-inner-style'><\/span><\/span><\/div>\n<div  class='av-buildercomment  av-blog-meta-html-info-disabled av-blog-meta-tag-disabled  '><\/div>\n","protected":false},"excerpt":{"rendered":"","protected":false},"author":1,"featured_media":31104,"comment_status":"open","ping_status":"open","sticky":false,"template":"","format":"standard","meta":{"footnotes":""},"categories":[38],"tags":[],"class_list":["post-31103","post","type-post","status-publish","format-standard","has-post-thumbnail","hentry","category-regional"],"jetpack_featured_media_url":"https:\/\/radiorevelacionfm.cl\/wp-content\/uploads\/2023\/05\/whatsapp-image-2023-05-10-at-16_optimized.54.10-1-1.jpeg","_links":{"self":[{"href":"https:\/\/radiorevelacionfm.cl\/index.php?rest_route=\/wp\/v2\/posts\/31103","targetHints":{"allow":["GET"]}}],"collection":[{"href":"https:\/\/radiorevelacionfm.cl\/index.php?rest_route=\/wp\/v2\/posts"}],"about":[{"href":"https:\/\/radiorevelacionfm.cl\/index.php?rest_route=\/wp\/v2\/types\/post"}],"author":[{"embeddable":true,"href":"https:\/\/radiorevelacionfm.cl\/index.php?rest_route=\/wp\/v2\/users\/1"}],"replies":[{"embeddable":true,"href":"https:\/\/radiorevelacionfm.cl\/index.php?rest_route=%2Fwp%2Fv2%2Fcomments&post=31103"}],"version-history":[{"count":1,"href":"https:\/\/radiorevelacionfm.cl\/index.php?rest_route=\/wp\/v2\/posts\/31103\/revisions"}],"predecessor-version":[{"id":31105,"href":"https:\/\/radiorevelacionfm.cl\/index.php?rest_route=\/wp\/v2\/posts\/31103\/revisions\/31105"}],"wp:featuredmedia":[{"embeddable":true,"href":"https:\/\/radiorevelacionfm.cl\/index.php?rest_route=\/wp\/v2\/media\/31104"}],"wp:attachment":[{"href":"https:\/\/radiorevelacionfm.cl\/index.php?rest_route=%2Fwp%2Fv2%2Fmedia&parent=31103"}],"wp:term":[{"taxonomy":"category","embeddable":true,"href":"https:\/\/radiorevelacionfm.cl\/index.php?rest_route=%2Fwp%2Fv2%2Fcategories&post=31103"},{"taxonomy":"post_tag","embeddable":true,"href":"https:\/\/radiorevelacionfm.cl\/index.php?rest_route=%2Fwp%2Fv2%2Ftags&post=31103"}],"curies":[{"name":"wp","href":"https:\/\/api.w.org\/{rel}","templated":true}]}}