{"id":31100,"date":"2023-05-17T12:10:56","date_gmt":"2023-05-17T15:10:56","guid":{"rendered":"https:\/\/radiorevelacionfm.cl\/?p=31100"},"modified":"2023-05-17T12:10:56","modified_gmt":"2023-05-17T15:10:56","slug":"entregan-recomendaciones-para-manejo-de-colmenas-en-invierno","status":"publish","type":"post","link":"https:\/\/radiorevelacionfm.cl\/?p=31100","title":{"rendered":"Entregan recomendaciones para manejo de colmenas en invierno"},"content":{"rendered":"<div class=\"flex_column av_one_full  flex_column_div av-zero-column-padding first  avia-builder-el-0  el_before_av_one_full  avia-builder-el-first  \" style='border-radius:0px; '><div  class='avia-image-container  av-styling-    avia-builder-el-1  avia-builder-el-no-sibling  avia-align-center '  itemprop=\"image\" itemscope=\"itemscope\" itemtype=\"https:\/\/schema.org\/ImageObject\"  ><div class='avia-image-container-inner'><div class='avia-image-overlay-wrap'><img decoding=\"async\" class='wp-image-31101 avia-img-lazy-loading-not-31101 avia_image' src=\"https:\/\/radiorevelacionfm.cl\/wp-content\/uploads\/2023\/05\/comunicado1-2-1_optimized-1.jpg\" alt='' title='comunicado1-(2)-(1)_optimized (1)' height=\"600\" width=\"760\"  itemprop=\"thumbnailUrl\" srcset=\"https:\/\/radiorevelacionfm.cl\/wp-content\/uploads\/2023\/05\/comunicado1-2-1_optimized-1.jpg 760w, https:\/\/radiorevelacionfm.cl\/wp-content\/uploads\/2023\/05\/comunicado1-2-1_optimized-1-300x237.jpg 300w, https:\/\/radiorevelacionfm.cl\/wp-content\/uploads\/2023\/05\/comunicado1-2-1_optimized-1-705x557.jpg 705w, https:\/\/radiorevelacionfm.cl\/wp-content\/uploads\/2023\/05\/comunicado1-2-1_optimized-1-450x355.jpg 450w, https:\/\/radiorevelacionfm.cl\/wp-content\/uploads\/2023\/05\/comunicado1-2-1_optimized-1-600x474.jpg 600w\" sizes=\"(max-width: 760px) 100vw, 760px\" \/><\/div><\/div><\/div><\/div><div class=\"flex_column av_one_full  flex_column_div av-zero-column-padding first  avia-builder-el-2  el_after_av_one_full  el_before_av_one_full  column-top-margin\" style='border-radius:0px; '><section class=\"av_textblock_section \"  itemscope=\"itemscope\" itemtype=\"https:\/\/schema.org\/BlogPosting\" itemprop=\"blogPost\" ><div class='avia_textblock  '   itemprop=\"text\" ><p style=\"text-align: center;\"><span style=\"font-size: 18pt;\"><strong>Entregan recomendaciones para manejo de colmenas en invierno<\/strong><\/span><\/p>\n<div id=\"gtx-trans\" style=\"position: absolute; left: -50px; top: 4.31534px;\">\n<div class=\"gtx-trans-icon\"><\/div>\n<\/div>\n<\/div><\/section><\/div><div class=\"flex_column av_one_full  flex_column_div av-zero-column-padding first  avia-builder-el-4  el_after_av_one_full  el_before_av_hr  column-top-margin\" style='border-radius:0px; '><section class=\"av_textblock_section \"  itemscope=\"itemscope\" itemtype=\"https:\/\/schema.org\/BlogPosting\" itemprop=\"blogPost\" ><div class='avia_textblock  '   itemprop=\"text\" ><p style=\"text-align: justify;\">Un llamado a los apicultoras y apicultores de la regi\u00f3n, realiz\u00f3 el servicio Agr\u00edcola y Ganadero (SAG) y la Seremi Agricultura en Ays\u00e9n, para intensificar los cuidados de los colmenares en la \u00e9poca invernal, con el fin de evitar p\u00e9rdidas y proyectar de mejor forma la pr\u00f3xima temporada.<\/p>\n<p style=\"text-align: justify;\">Recomendaciones que buscan mejorar la producci\u00f3n ap\u00edcola en la regi\u00f3n, la que seg\u00fan catastro; cuenta con un registro de 60 apicultores y 80 apiarios o colmenares que suma un total de 1100 colmenas aproximadas en la regi\u00f3n distribuidas entre Chile Chico, Puerto Guadal, Cochrane, La Junta y la comuna de Coyhaique.<\/p>\n<p style=\"text-align: justify;\">\u201cEs importante que los apicultores y apicultoras de Ays\u00e9n realicen el manejo sanitario invernal, para asegurar la sanidad de sus colmenas y la producci\u00f3n para la pr\u00f3xima temporada. En este sentido, recalcar que, desde la Seremi de Agricultura, en conjunto con los servicios del ministerio y los productores\/as continuaremos reforzando estas medidas y proyectando iniciativas que permitan aumentar y mejorar la actividad ap\u00edcola, pues sabemos la importancia de este rubro para nuestra agricultura familiar campesina\u201d, se\u00f1al\u00f3 el Seremi de Agricultura Alan Espinoza Ortiz.<\/p>\n<p style=\"text-align: justify;\">Ays\u00e9n es zona libre del \u201cLoque americana\u201d, enfermedad producida por la bacteria Paenibacillus larvae que afecta a las larvas de abeja. En este sentido, la Directora (S) del SAG reforz\u00f3 el llamado respetar las resoluciones sanitarias para la importaci\u00f3n de productos asociados a la producci\u00f3n ap\u00edcola.<\/p>\n<p style=\"text-align: justify;\">\u201cLa resoluci\u00f3n de zona libre establece prohibiciones y requisitos sanitarios para el ingreso de abejas y material ap\u00edcola al territorio, lo que implica la prohibici\u00f3n de ingreso de cajones y alzas usadas, la regulaci\u00f3n del ingreso de otros calificados como de riesgo sanitario reinas, paquetes, n\u00facleos y cera\u201d, indic\u00f3 Valeria Carrasco S\u00e1ez.<\/p>\n<p style=\"text-align: justify;\">Por \u00faltimo, Tomas Chac\u00f3n Saravia, M\u00e9dico Veterinario del SAG, recalc\u00f3 el llamado a extremar los cuidados en esta fecha invernal y poner acento en los factores externos e internos que pudieran afectar las colmenas.<\/p>\n<p style=\"text-align: justify;\">\u201cLas temperaturas comenzaron a descender r\u00e1pidamente en la regi\u00f3n de Ays\u00e9n, lo que da paso a la invernada, etapa del ciclo productivo de las abejas, el que corresponde al periodo de receso, descanso y que es cr\u00edtico para las colmenas, ya que la supervivencia de las abejas y su respuesta productiva a la siguiente temporada de primavera depender\u00e1 como haya sido la etapa de invernada\u201d, indic\u00f3.<\/p>\n<p style=\"text-align: justify;\"><strong><u>Recomendaciones: <\/u><\/strong><\/p>\n<ul>\n<li style=\"text-align: justify;\">Revisar los cajones para evitar filtraciones de agua (ajustar alzas, techos, tapas), cambiar material que este roto o haya terminado su vida \u00fatil.<\/li>\n<li style=\"text-align: justify;\">Uso de guarda piquera para controlar ventilaci\u00f3n.<\/li>\n<li style=\"text-align: justify;\">Instalar las colmenas bajo techo, evitando lluvia, nieve y heladas directas.<\/li>\n<li style=\"text-align: justify;\">Mantener en terreno seco, de f\u00e1cil acceso y ojal\u00e1 donde se de floraci\u00f3n temprana.<\/li>\n<li style=\"text-align: justify;\">Las colmenas deben ponerse sobre caballetes, no directamente en el suelo.<\/li>\n<li style=\"text-align: justify;\">Orientar las colmenas exponi\u00e9ndolas al sol.<\/li>\n<li style=\"text-align: justify;\">Asegurar que la colonia a invernar tenga una reina, miel y polen necesario al tama\u00f1o de la familia. Si la familia es numerosa mantendr\u00e1 una mejor temperatura al interior y pasaran un mejor invierno.<\/li>\n<li style=\"text-align: justify;\">Realizar manejos sanitarios preventivos antes de la invernada. (El apicultor debe conocer su porcentaje de varroa y presencia de otras enfermedades en su colmena).<\/li>\n<li style=\"text-align: justify;\">Mantener control peri\u00f3dico de las colmenas, con el fin de atender situaciones en forma oportuna y estos controles deben realizarse en d\u00edas soleados.<\/li>\n<\/ul>\n<\/div><\/section><\/div><div  style='height:50px' class='hr hr-invisible   avia-builder-el-6  el_after_av_one_full  el_before_av_social_share '><span class='hr-inner ' ><span class='hr-inner-style'><\/span><\/span><\/div><\/p>\n<div  class='av-social-sharing-box  avia-builder-el-7  el_after_av_hr  el_before_av_hr  '><div class='av-share-box'><h5 class='av-share-link-description av-no-toc '>Compartir esta noticia<\/h5><ul class='av-share-box-list noLightbox'><li class='av-share-link av-social-link-facebook' ><a target=\"_blank\" aria-label=\"Compartir en Facebook\" href='https:\/\/www.facebook.com\/sharer.php?u=https:\/\/radiorevelacionfm.cl\/?p=31100&#038;t=Entregan%20recomendaciones%20para%20manejo%20de%20colmenas%20en%20invierno' aria-hidden='false' data-av_icon='\ue8f3' data-av_iconfont='entypo-fontello' title='' data-avia-related-tooltip='Compartir en Facebook' rel=\"noopener\"><span class='avia_hidden_link_text'>Compartir en Facebook<\/span><\/a><\/li><li class='av-share-link av-social-link-twitter' ><a target=\"_blank\" aria-label=\"Compartir en Twitter\" href='https:\/\/twitter.com\/share?text=Entregan%20recomendaciones%20para%20manejo%20de%20colmenas%20en%20invierno&#038;url=https:\/\/radiorevelacionfm.cl\/?p=31100' aria-hidden='false' data-av_icon='\ue8f1' data-av_iconfont='entypo-fontello' title='' data-avia-related-tooltip='Compartir en Twitter' rel=\"noopener\"><span class='avia_hidden_link_text'>Compartir en Twitter<\/span><\/a><\/li><li class='av-share-link av-social-link-whatsapp' ><a target=\"_blank\" aria-label=\"Compartir en Whatsapp\" href='https:\/\/api.whatsapp.com\/send?text=https:\/\/radiorevelacionfm.cl\/?p=31100' aria-hidden='false' data-av_icon='\uf232' data-av_iconfont='entypo-fontello' title='' data-avia-related-tooltip='Compartir en Whatsapp' rel=\"noopener\"><span class='avia_hidden_link_text'>Compartir en Whatsapp<\/span><\/a><\/li><li class='av-share-link av-social-link-linkedin' ><a target=\"_blank\" aria-label=\"Compartir en LinkedIn\" href='https:\/\/linkedin.com\/shareArticle?mini=true&#038;title=Entregan%20recomendaciones%20para%20manejo%20de%20colmenas%20en%20invierno&#038;url=https:\/\/radiorevelacionfm.cl\/?p=31100' aria-hidden='false' data-av_icon='\ue8fc' data-av_iconfont='entypo-fontello' title='' data-avia-related-tooltip='Compartir en LinkedIn' rel=\"noopener\"><span class='avia_hidden_link_text'>Compartir en LinkedIn<\/span><\/a><\/li><li class='av-share-link av-social-link-mail' ><a  aria-label=\"Compartir por correo\" href='mailto:?subject=Entregan%20recomendaciones%20para%20manejo%20de%20colmenas%20en%20invierno&#038;body=https:\/\/radiorevelacionfm.cl\/?p=31100' aria-hidden='false' data-av_icon='\ue805' data-av_iconfont='entypo-fontello' title='' data-avia-related-tooltip='Compartir por correo'><span class='avia_hidden_link_text'>Compartir por correo<\/span><\/a><\/li><\/ul><\/div><\/div>\n<div  style='height:50px' class='hr hr-invisible   avia-builder-el-8  el_after_av_social_share  el_before_av_comments_list '><span class='hr-inner ' ><span class='hr-inner-style'><\/span><\/span><\/div>\n<div  class='av-buildercomment  av-blog-meta-html-info-disabled av-blog-meta-tag-disabled  '><\/div>\n","protected":false},"excerpt":{"rendered":"","protected":false},"author":1,"featured_media":31101,"comment_status":"open","ping_status":"open","sticky":false,"template":"","format":"standard","meta":{"footnotes":""},"categories":[58],"tags":[],"class_list":["post-31100","post","type-post","status-publish","format-standard","has-post-thumbnail","hentry","category-agricultura"],"jetpack_featured_media_url":"https:\/\/radiorevelacionfm.cl\/wp-content\/uploads\/2023\/05\/comunicado1-2-1_optimized-1.jpg","_links":{"self":[{"href":"https:\/\/radiorevelacionfm.cl\/index.php?rest_route=\/wp\/v2\/posts\/31100","targetHints":{"allow":["GET"]}}],"collection":[{"href":"https:\/\/radiorevelacionfm.cl\/index.php?rest_route=\/wp\/v2\/posts"}],"about":[{"href":"https:\/\/radiorevelacionfm.cl\/index.php?rest_route=\/wp\/v2\/types\/post"}],"author":[{"embeddable":true,"href":"https:\/\/radiorevelacionfm.cl\/index.php?rest_route=\/wp\/v2\/users\/1"}],"replies":[{"embeddable":true,"href":"https:\/\/radiorevelacionfm.cl\/index.php?rest_route=%2Fwp%2Fv2%2Fcomments&post=31100"}],"version-history":[{"count":1,"href":"https:\/\/radiorevelacionfm.cl\/index.php?rest_route=\/wp\/v2\/posts\/31100\/revisions"}],"predecessor-version":[{"id":31102,"href":"https:\/\/radiorevelacionfm.cl\/index.php?rest_route=\/wp\/v2\/posts\/31100\/revisions\/31102"}],"wp:featuredmedia":[{"embeddable":true,"href":"https:\/\/radiorevelacionfm.cl\/index.php?rest_route=\/wp\/v2\/media\/31101"}],"wp:attachment":[{"href":"https:\/\/radiorevelacionfm.cl\/index.php?rest_route=%2Fwp%2Fv2%2Fmedia&parent=31100"}],"wp:term":[{"taxonomy":"category","embeddable":true,"href":"https:\/\/radiorevelacionfm.cl\/index.php?rest_route=%2Fwp%2Fv2%2Fcategories&post=31100"},{"taxonomy":"post_tag","embeddable":true,"href":"https:\/\/radiorevelacionfm.cl\/index.php?rest_route=%2Fwp%2Fv2%2Ftags&post=31100"}],"curies":[{"name":"wp","href":"https:\/\/api.w.org\/{rel}","templated":true}]}}