{"id":31097,"date":"2023-05-17T13:50:37","date_gmt":"2023-05-17T16:50:37","guid":{"rendered":"https:\/\/radiorevelacionfm.cl\/?p=31097"},"modified":"2023-05-17T13:50:37","modified_gmt":"2023-05-17T16:50:37","slug":"gobernadora-de-aysen-y-proyecto-de-ley-regiones-mas-fuertes-es-una-oportunidad-para-tener-mayor-autonomia-en-el-uso-de-recursos","status":"publish","type":"post","link":"https:\/\/radiorevelacionfm.cl\/?p=31097","title":{"rendered":"Gobernadora de Ays\u00e9n y proyecto de ley \u00abRegiones m\u00e1s fuertes\u00bb: \u00abEs una oportunidad para tener mayor autonom\u00eda en el uso de recursos\u00bb"},"content":{"rendered":"<div class=\"flex_column av_one_full  flex_column_div av-zero-column-padding first  avia-builder-el-0  el_before_av_one_full  avia-builder-el-first  \" style='border-radius:0px; '><div  class='avia-image-container  av-styling-    avia-builder-el-1  avia-builder-el-no-sibling  avia-align-center '  itemprop=\"image\" itemscope=\"itemscope\" itemtype=\"https:\/\/schema.org\/ImageObject\"  ><div class='avia-image-container-inner'><div class='avia-image-overlay-wrap'><img decoding=\"async\" class='wp-image-31098 avia-img-lazy-loading-not-31098 avia_image' src=\"https:\/\/radiorevelacionfm.cl\/wp-content\/uploads\/2023\/05\/regiones-mAs-fuertes-1-1_optimized.jpeg\" alt='' title='regiones-m\u00c1s-fuertes-1-(1)_optimized' height=\"600\" width=\"892\"  itemprop=\"thumbnailUrl\" srcset=\"https:\/\/radiorevelacionfm.cl\/wp-content\/uploads\/2023\/05\/regiones-mAs-fuertes-1-1_optimized.jpeg 892w, https:\/\/radiorevelacionfm.cl\/wp-content\/uploads\/2023\/05\/regiones-mAs-fuertes-1-1_optimized-300x202.jpeg 300w, https:\/\/radiorevelacionfm.cl\/wp-content\/uploads\/2023\/05\/regiones-mAs-fuertes-1-1_optimized-768x517.jpeg 768w, https:\/\/radiorevelacionfm.cl\/wp-content\/uploads\/2023\/05\/regiones-mAs-fuertes-1-1_optimized-705x474.jpeg 705w, https:\/\/radiorevelacionfm.cl\/wp-content\/uploads\/2023\/05\/regiones-mAs-fuertes-1-1_optimized-450x303.jpeg 450w, https:\/\/radiorevelacionfm.cl\/wp-content\/uploads\/2023\/05\/regiones-mAs-fuertes-1-1_optimized-600x404.jpeg 600w\" sizes=\"(max-width: 892px) 100vw, 892px\" \/><\/div><\/div><\/div><\/div><div class=\"flex_column av_one_full  flex_column_div av-zero-column-padding first  avia-builder-el-2  el_after_av_one_full  el_before_av_one_full  column-top-margin\" style='border-radius:0px; '><section class=\"av_textblock_section \"  itemscope=\"itemscope\" itemtype=\"https:\/\/schema.org\/BlogPosting\" itemprop=\"blogPost\" ><div class='avia_textblock  '   itemprop=\"text\" ><div style=\"text-align: center;\"><strong><span style=\"font-size: 18pt;\">Gobernadora de Ays\u00e9n y proyecto de ley \u00abRegiones m\u00e1s fuertes\u00bb: \u00abEs una oportunidad para tener mayor autonom\u00eda en el uso de recursos\u00bb<\/span><\/strong><\/div>\n<div id=\"gtx-trans\" style=\"position: absolute; left: -50px; top: 4.31534px;\">\n<div class=\"gtx-trans-icon\"><\/div>\n<\/div>\n<\/div><\/section><\/div><div class=\"flex_column av_one_full  flex_column_div av-zero-column-padding first  avia-builder-el-4  el_after_av_one_full  el_before_av_hr  column-top-margin\" style='border-radius:0px; '><section class=\"av_textblock_section \"  itemscope=\"itemscope\" itemtype=\"https:\/\/schema.org\/BlogPosting\" itemprop=\"blogPost\" ><div class='avia_textblock  '   itemprop=\"text\" ><p dir=\"ltr\" style=\"text-align: justify;\">La Gobernadora Andrea Mac\u00edas Palma, junto a las y los miembros de la directiva de la Asociaci\u00f3n de Gobernadores y Gobernadoras Regionales (Agorechi), y al Ministro de Hacienda Mario Marcel, acudi\u00f3 al Congreso Nacional para acompa\u00f1ar el ingreso del proyecto de ley \u00abRegiones m\u00e1s fuertes\u00bb, que tiene como objetivo avanzar en financiamiento, descentralizaci\u00f3n y responsabilidad fiscal regional.<\/p>\n<p dir=\"ltr\" style=\"text-align: justify;\">\u00abPara los Gobiernos Regionales, y para todo el pa\u00eds, esta es una oportunidad para poder fortalecer a las regiones. Es una oportunidad para poder llegar de manera m\u00e1s eficiente, de poder tener mayor autonom\u00eda en la definici\u00f3n del uso de los recursos regionales, que es lo que hoy la ciudadan\u00eda nos demanda para poder llegar con soluciones reales a problemas reales en el tiempo oportuno, y no como ocurre el d\u00eda de hoy, donde vemos que grandes inversiones se retrasan y finalmente no se llega a la ciudadan\u00eda\u00bb, manifest\u00f3 la Gobernadora Regional de Ays\u00e9n.<\/p>\n<p dir=\"ltr\" style=\"text-align: justify;\">Esta iniciativa habilita a los Gobiernos Regionales a generar mayores ingresos, y los combina con mayor autonom\u00eda para su administraci\u00f3n y mayor responsabilidad por la gesti\u00f3n de los recursos, lo que, de aprobarse este proyecto de ley, implicar\u00e1 fortalecer instancias de consulta, transparencia y rendici\u00f3n de cuentas hacia la ciudadan\u00eda.<\/p>\n<p dir=\"ltr\" style=\"text-align: justify;\">\u00abEste es un proyecto que constituye el salto m\u00e1s importante que vamos a tener en materia de descentralizaci\u00f3n fiscal desde la vuelta a la democracia. Al mismo tiempo, es la iniciativa m\u00e1s importante en materia de modernizaci\u00f3n del Estado y de la gesti\u00f3n p\u00fablica que vamos a tener durante este per\u00edodo. Y, finalmente, va a ser un aporte a la productividad y la competitividad de las regiones, que hoy en d\u00eda, con los niveles de centralizaci\u00f3n que tenemos en Chile, tienen que absorber muchos costos derivados de la propia centralizaci\u00f3n de las decisiones\u00bb, precis\u00f3 el Ministro Mario Marcel.<\/p>\n<p dir=\"ltr\" style=\"text-align: justify;\">En detalle, la iniciativa contempla la posibilidad de que los Gobiernos Regionales fijen tasas y cobros a ciertas materias que son de su responsabilidad; modifica la f\u00f3rmula de distribuci\u00f3n de los recursos a las regiones, estableciendo un Fondo de Equidad Regional; propone un r\u00e9gimen presupuestario propio de las regiones, de tal manera que toda la gesti\u00f3n presupuestaria quede en manos de los Gobiernos Regionales y sus Consejos; permite que los Gobiernos Regionales contraigan pr\u00e9stamos con organismos internacionales, previa autorizaci\u00f3n del Ministerio de Hacienda y luego de un an\u00e1lisis de riesgo, entre otras atribuciones.<\/p>\n<p dir=\"ltr\" style=\"text-align: justify;\">\u00abLos gobernadores vamos a tener distintas reuniones con las comisiones de Hacienda, tanto de la C\u00e1mara de Diputados como del Senado, porque nos interesa que tambi\u00e9n nuestros parlamentarios vean la importancia de este proceso para cada uno de los territorios. Queremos compartir con ellos esta buena noticia, queremos que ellos tengan esta complicidad con nosotros, para que juntos le demos al pa\u00eds un buen \u00e1mbito de autonom\u00eda para los Gobiernos Regionales, y que esto permita que las regiones crezcan mucho m\u00e1s\u00bb, se\u00f1al\u00f3 Ricardo D\u00edaz, Gobernador de Antofagasta y presidente de la Agorechi.<\/p>\n<p dir=\"ltr\" style=\"text-align: justify;\">Si bien este proyecto aumenta las atribuciones de los Gobiernos Regionales, tambi\u00e9n sube sus est\u00e1ndares actuales de transparencia. De esta manera, estas instituciones deber\u00e1n confeccionar una programaci\u00f3n financiera de mediano plazo, detallar c\u00f3mo recibieron y entregaron financieramente su mandato, y se les van a exigir auditor\u00edas externas, entre otras medidas de transparencia y rendici\u00f3n de cuentas.<\/p>\n<\/div><\/section><\/div><div  style='height:50px' class='hr hr-invisible   avia-builder-el-6  el_after_av_one_full  el_before_av_social_share '><span class='hr-inner ' ><span class='hr-inner-style'><\/span><\/span><\/div><\/p>\n<div  class='av-social-sharing-box  avia-builder-el-7  el_after_av_hr  el_before_av_hr  '><div class='av-share-box'><h5 class='av-share-link-description av-no-toc '>Compartir esta noticia<\/h5><ul class='av-share-box-list noLightbox'><li class='av-share-link av-social-link-facebook' ><a target=\"_blank\" aria-label=\"Compartir en Facebook\" href='https:\/\/www.facebook.com\/sharer.php?u=https:\/\/radiorevelacionfm.cl\/?p=31097&#038;t=Gobernadora%20de%20Ays%C3%A9n%20y%20proyecto%20de%20ley%20%C2%ABRegiones%20m%C3%A1s%20fuertes%C2%BB%3A%20%C2%ABEs%20una%20oportunidad%20para%20tener%20mayor%20autonom%C3%ADa%20en%20el%20uso%20de%20recursos%C2%BB' aria-hidden='false' data-av_icon='\ue8f3' data-av_iconfont='entypo-fontello' title='' data-avia-related-tooltip='Compartir en Facebook' rel=\"noopener\"><span class='avia_hidden_link_text'>Compartir en Facebook<\/span><\/a><\/li><li class='av-share-link av-social-link-twitter' ><a target=\"_blank\" aria-label=\"Compartir en Twitter\" href='https:\/\/twitter.com\/share?text=Gobernadora%20de%20Ays%C3%A9n%20y%20proyecto%20de%20ley%20%C2%ABRegiones%20m%C3%A1s%20fuertes%C2%BB%3A%20%C2%ABEs%20una%20oportunidad%20para%20tener%20mayor%20autonom%C3%ADa%20en%20el%20uso%20de%20recursos%C2%BB&#038;url=https:\/\/radiorevelacionfm.cl\/?p=31097' aria-hidden='false' data-av_icon='\ue8f1' data-av_iconfont='entypo-fontello' title='' data-avia-related-tooltip='Compartir en Twitter' rel=\"noopener\"><span class='avia_hidden_link_text'>Compartir en Twitter<\/span><\/a><\/li><li class='av-share-link av-social-link-whatsapp' ><a target=\"_blank\" aria-label=\"Compartir en Whatsapp\" href='https:\/\/api.whatsapp.com\/send?text=https:\/\/radiorevelacionfm.cl\/?p=31097' aria-hidden='false' data-av_icon='\uf232' data-av_iconfont='entypo-fontello' title='' data-avia-related-tooltip='Compartir en Whatsapp' rel=\"noopener\"><span class='avia_hidden_link_text'>Compartir en Whatsapp<\/span><\/a><\/li><li class='av-share-link av-social-link-linkedin' ><a target=\"_blank\" aria-label=\"Compartir en LinkedIn\" href='https:\/\/linkedin.com\/shareArticle?mini=true&#038;title=Gobernadora%20de%20Ays%C3%A9n%20y%20proyecto%20de%20ley%20%C2%ABRegiones%20m%C3%A1s%20fuertes%C2%BB%3A%20%C2%ABEs%20una%20oportunidad%20para%20tener%20mayor%20autonom%C3%ADa%20en%20el%20uso%20de%20recursos%C2%BB&#038;url=https:\/\/radiorevelacionfm.cl\/?p=31097' aria-hidden='false' data-av_icon='\ue8fc' data-av_iconfont='entypo-fontello' title='' data-avia-related-tooltip='Compartir en LinkedIn' rel=\"noopener\"><span class='avia_hidden_link_text'>Compartir en LinkedIn<\/span><\/a><\/li><li class='av-share-link av-social-link-mail' ><a  aria-label=\"Compartir por correo\" href='mailto:?subject=Gobernadora%20de%20Ays%C3%A9n%20y%20proyecto%20de%20ley%20%C2%ABRegiones%20m%C3%A1s%20fuertes%C2%BB%3A%20%C2%ABEs%20una%20oportunidad%20para%20tener%20mayor%20autonom%C3%ADa%20en%20el%20uso%20de%20recursos%C2%BB&#038;body=https:\/\/radiorevelacionfm.cl\/?p=31097' aria-hidden='false' data-av_icon='\ue805' data-av_iconfont='entypo-fontello' title='' data-avia-related-tooltip='Compartir por correo'><span class='avia_hidden_link_text'>Compartir por correo<\/span><\/a><\/li><\/ul><\/div><\/div>\n<div  style='height:50px' class='hr hr-invisible   avia-builder-el-8  el_after_av_social_share  el_before_av_comments_list '><span class='hr-inner ' ><span class='hr-inner-style'><\/span><\/span><\/div>\n<div  class='av-buildercomment  av-blog-meta-html-info-disabled av-blog-meta-tag-disabled  '><\/div>\n","protected":false},"excerpt":{"rendered":"","protected":false},"author":1,"featured_media":31098,"comment_status":"open","ping_status":"open","sticky":false,"template":"","format":"standard","meta":{"footnotes":""},"categories":[38],"tags":[],"class_list":["post-31097","post","type-post","status-publish","format-standard","has-post-thumbnail","hentry","category-regional"],"jetpack_featured_media_url":"https:\/\/radiorevelacionfm.cl\/wp-content\/uploads\/2023\/05\/regiones-mAs-fuertes-1-1_optimized.jpeg","_links":{"self":[{"href":"https:\/\/radiorevelacionfm.cl\/index.php?rest_route=\/wp\/v2\/posts\/31097","targetHints":{"allow":["GET"]}}],"collection":[{"href":"https:\/\/radiorevelacionfm.cl\/index.php?rest_route=\/wp\/v2\/posts"}],"about":[{"href":"https:\/\/radiorevelacionfm.cl\/index.php?rest_route=\/wp\/v2\/types\/post"}],"author":[{"embeddable":true,"href":"https:\/\/radiorevelacionfm.cl\/index.php?rest_route=\/wp\/v2\/users\/1"}],"replies":[{"embeddable":true,"href":"https:\/\/radiorevelacionfm.cl\/index.php?rest_route=%2Fwp%2Fv2%2Fcomments&post=31097"}],"version-history":[{"count":1,"href":"https:\/\/radiorevelacionfm.cl\/index.php?rest_route=\/wp\/v2\/posts\/31097\/revisions"}],"predecessor-version":[{"id":31099,"href":"https:\/\/radiorevelacionfm.cl\/index.php?rest_route=\/wp\/v2\/posts\/31097\/revisions\/31099"}],"wp:featuredmedia":[{"embeddable":true,"href":"https:\/\/radiorevelacionfm.cl\/index.php?rest_route=\/wp\/v2\/media\/31098"}],"wp:attachment":[{"href":"https:\/\/radiorevelacionfm.cl\/index.php?rest_route=%2Fwp%2Fv2%2Fmedia&parent=31097"}],"wp:term":[{"taxonomy":"category","embeddable":true,"href":"https:\/\/radiorevelacionfm.cl\/index.php?rest_route=%2Fwp%2Fv2%2Fcategories&post=31097"},{"taxonomy":"post_tag","embeddable":true,"href":"https:\/\/radiorevelacionfm.cl\/index.php?rest_route=%2Fwp%2Fv2%2Ftags&post=31097"}],"curies":[{"name":"wp","href":"https:\/\/api.w.org\/{rel}","templated":true}]}}