{"id":31094,"date":"2023-05-17T19:10:44","date_gmt":"2023-05-17T22:10:44","guid":{"rendered":"https:\/\/radiorevelacionfm.cl\/?p=31094"},"modified":"2023-05-17T19:10:44","modified_gmt":"2023-05-17T22:10:44","slug":"se-extiende-plazo-para-postular-al-concurso-ciencia-publica-para-el-desarrollo-de-proyectos-comunitarios","status":"publish","type":"post","link":"https:\/\/radiorevelacionfm.cl\/?p=31094","title":{"rendered":"Se extiende plazo para postular al Concurso Ciencia P\u00fablica para el desarrollo de proyectos comunitarios"},"content":{"rendered":"<div class=\"flex_column av_one_full  flex_column_div av-zero-column-padding first  avia-builder-el-0  el_before_av_one_full  avia-builder-el-first  \" style='border-radius:0px; '><div  class='avia-image-container  av-styling-    avia-builder-el-1  avia-builder-el-no-sibling  avia-align-center '  itemprop=\"image\" itemscope=\"itemscope\" itemtype=\"https:\/\/schema.org\/ImageObject\"  ><div class='avia-image-container-inner'><div class='avia-image-overlay-wrap'><img decoding=\"async\" class='wp-image-31095 avia-img-lazy-loading-not-31095 avia_image' src=\"https:\/\/radiorevelacionfm.cl\/wp-content\/uploads\/2023\/05\/ciencia_publica_comunidades-1_optimized.jpg\" alt='' title='ciencia_publica_comunidades-(1)_optimized' height=\"600\" width=\"899\"  itemprop=\"thumbnailUrl\" srcset=\"https:\/\/radiorevelacionfm.cl\/wp-content\/uploads\/2023\/05\/ciencia_publica_comunidades-1_optimized.jpg 899w, https:\/\/radiorevelacionfm.cl\/wp-content\/uploads\/2023\/05\/ciencia_publica_comunidades-1_optimized-300x200.jpg 300w, https:\/\/radiorevelacionfm.cl\/wp-content\/uploads\/2023\/05\/ciencia_publica_comunidades-1_optimized-768x513.jpg 768w, https:\/\/radiorevelacionfm.cl\/wp-content\/uploads\/2023\/05\/ciencia_publica_comunidades-1_optimized-705x471.jpg 705w, https:\/\/radiorevelacionfm.cl\/wp-content\/uploads\/2023\/05\/ciencia_publica_comunidades-1_optimized-450x300.jpg 450w, https:\/\/radiorevelacionfm.cl\/wp-content\/uploads\/2023\/05\/ciencia_publica_comunidades-1_optimized-600x400.jpg 600w\" sizes=\"(max-width: 899px) 100vw, 899px\" \/><\/div><\/div><\/div><\/div><div class=\"flex_column av_one_full  flex_column_div av-zero-column-padding first  avia-builder-el-2  el_after_av_one_full  el_before_av_one_full  column-top-margin\" style='border-radius:0px; '><section class=\"av_textblock_section \"  itemscope=\"itemscope\" itemtype=\"https:\/\/schema.org\/BlogPosting\" itemprop=\"blogPost\" ><div class='avia_textblock  '   itemprop=\"text\" ><p style=\"text-align: center;\"><strong><span style=\"font-size: 18pt;\">Se extiende plazo para postular al Concurso Ciencia P\u00fablica para el desarrollo de proyectos comunitarios<\/span><\/strong><\/p>\n<div id=\"gtx-trans\" style=\"position: absolute; left: -50px; top: 4.31534px;\">\n<div class=\"gtx-trans-icon\"><\/div>\n<\/div>\n<\/div><\/section><\/div><div class=\"flex_column av_one_full  flex_column_div av-zero-column-padding first  avia-builder-el-4  el_after_av_one_full  el_before_av_hr  column-top-margin\" style='border-radius:0px; '><section class=\"av_textblock_section \"  itemscope=\"itemscope\" itemtype=\"https:\/\/schema.org\/BlogPosting\" itemprop=\"blogPost\" ><div class='avia_textblock  '   itemprop=\"text\" ><p class=\"v1MsoNormal\" style=\"text-align: justify;\"><span lang=\"es\">Con un fondo total de 104 millones de pesos, el concurso Ciencia P\u00fablica \u00abDesarrollo de Proyectos Comunitarios de Divulgaci\u00f3n del Conocimiento\u00bb del Ministerio de Ciencia, Tecnolog\u00eda, Conocimiento e Innovaci\u00f3n (CTCI), busca promover la implementaci\u00f3n de proyectos comunitarios que busquen resolver problem\u00e1ticas y\/o generar conocimiento a partir de las necesidades e intereses de las propias comunidades, promoviendo la participaci\u00f3n de \u00e9stas y el trabajo con instituciones y\/o especialistas vinculados a la CTCI.<\/span><\/p>\n<p class=\"v1MsoNormal\" style=\"text-align: justify;\"><span lang=\"es\">Adem\u00e1s de las organizaciones comunitarias regidas por el Decreto 58 del Ministerio del Interior (tales como juntas de vecinos, clubes deportivos, federaciones), este a\u00f1o se hizo una modificaci\u00f3n a las bases para que tambi\u00e9n puedan postular asociaciones ind\u00edgenas que cuenten con personalidad jur\u00eddica, reguladas en la Ley 19.253.<\/span><\/p>\n<p class=\"v1MsoNormal\" style=\"text-align: justify;\"><span lang=\"es\">\u00abEsta modificaci\u00f3n es significativa, necesitamos de todos los conocimientos y eso incluye los ancestrales. Por ello invito a las diferentes organizaciones y grupos sociales que quieran desarrollar o elaborar proyectos para promover la divulgaci\u00f3n y socializaci\u00f3n de la ciencia y el conocimiento a que se motiven y postulen con ideas innovadoras y asociativas\u00bb, coment\u00f3 la seremi de Ciencia de la Macrozona Austral, Ver\u00f3nica Vallejos.<\/span><\/p>\n<p class=\"v1MsoNormal\" style=\"text-align: justify;\"><span lang=\"es\">El monto m\u00e1ximo es de $8 millones por proyecto, y las organizaciones que postulen deben contar con personalidad jur\u00eddica vigente y asociarse con al menos una instituci\u00f3n o profesional cuyo quehacer est\u00e9 idealmente vinculado a la CTCI.<\/span><\/p>\n<p class=\"v1MsoNormal\" style=\"text-align: justify;\"><span lang=\"es\">Para responder a las preguntas que surgen frecuentemente en estas convocatorias, el Ministerio de Ciencia ha puesto a disposici\u00f3n de la ciudadan\u00eda videos informativos que apoyen la formulaci\u00f3n de las propuestas (<\/span><span lang=\"es\"><a href=\"https:\/\/www.youtube.com\/c\/CienciaPublica\/videos\" target=\"_blank\" rel=\"noopener noreferrer\">https:\/\/www.youtube.com\/c\/CienciaPublica\/videos<\/a><\/span><span lang=\"es\">).<\/span><\/p>\n<p class=\"v1MsoNormal\" style=\"text-align: justify;\"><span lang=\"es\">Las postulaciones deben realizarse en la plataforma integrada de fondos del Estado\u00a0<\/span><span lang=\"es\"><a href=\"https:\/\/fondos.gob.cl\/\" target=\"_blank\" rel=\"noopener noreferrer\">https:\/\/fondos.gob.cl<\/a><\/span><span lang=\"es\">. Las bases, anexos de postulaci\u00f3n y otras informaciones, est\u00e1n disponibles en<\/span><span lang=\"es\"><a href=\"https:\/\/cienciapublica.cl\/concursos\/\" target=\"_blank\" rel=\"noopener noreferrer\">\u00a0<\/a><a href=\"https:\/\/cienciapublica.cl\/concursos\/\" target=\"_blank\" rel=\"noopener noreferrer\">https:\/\/cienciapublica.cl\/concursos\/<\/a><\/span><span lang=\"es\">.<\/span><\/p>\n<\/div><\/section><\/div><div  style='height:50px' class='hr hr-invisible   avia-builder-el-6  el_after_av_one_full  el_before_av_social_share '><span class='hr-inner ' ><span class='hr-inner-style'><\/span><\/span><\/div><\/p>\n<div  class='av-social-sharing-box  avia-builder-el-7  el_after_av_hr  el_before_av_hr  '><div class='av-share-box'><h5 class='av-share-link-description av-no-toc '>Compartir esta noticia<\/h5><ul class='av-share-box-list noLightbox'><li class='av-share-link av-social-link-facebook' ><a target=\"_blank\" aria-label=\"Compartir en Facebook\" href='https:\/\/www.facebook.com\/sharer.php?u=https:\/\/radiorevelacionfm.cl\/?p=31094&#038;t=Se%20extiende%20plazo%20para%20postular%20al%20Concurso%20Ciencia%20P%C3%BAblica%20para%20el%20desarrollo%20de%20proyectos%20comunitarios' aria-hidden='false' data-av_icon='\ue8f3' data-av_iconfont='entypo-fontello' title='' data-avia-related-tooltip='Compartir en Facebook' rel=\"noopener\"><span class='avia_hidden_link_text'>Compartir en Facebook<\/span><\/a><\/li><li class='av-share-link av-social-link-twitter' ><a target=\"_blank\" aria-label=\"Compartir en Twitter\" href='https:\/\/twitter.com\/share?text=Se%20extiende%20plazo%20para%20postular%20al%20Concurso%20Ciencia%20P%C3%BAblica%20para%20el%20desarrollo%20de%20proyectos%20comunitarios&#038;url=https:\/\/radiorevelacionfm.cl\/?p=31094' aria-hidden='false' data-av_icon='\ue8f1' data-av_iconfont='entypo-fontello' title='' data-avia-related-tooltip='Compartir en Twitter' rel=\"noopener\"><span class='avia_hidden_link_text'>Compartir en Twitter<\/span><\/a><\/li><li class='av-share-link av-social-link-whatsapp' ><a target=\"_blank\" aria-label=\"Compartir en Whatsapp\" href='https:\/\/api.whatsapp.com\/send?text=https:\/\/radiorevelacionfm.cl\/?p=31094' aria-hidden='false' data-av_icon='\uf232' data-av_iconfont='entypo-fontello' title='' data-avia-related-tooltip='Compartir en Whatsapp' rel=\"noopener\"><span class='avia_hidden_link_text'>Compartir en Whatsapp<\/span><\/a><\/li><li class='av-share-link av-social-link-linkedin' ><a target=\"_blank\" aria-label=\"Compartir en LinkedIn\" href='https:\/\/linkedin.com\/shareArticle?mini=true&#038;title=Se%20extiende%20plazo%20para%20postular%20al%20Concurso%20Ciencia%20P%C3%BAblica%20para%20el%20desarrollo%20de%20proyectos%20comunitarios&#038;url=https:\/\/radiorevelacionfm.cl\/?p=31094' aria-hidden='false' data-av_icon='\ue8fc' data-av_iconfont='entypo-fontello' title='' data-avia-related-tooltip='Compartir en LinkedIn' rel=\"noopener\"><span class='avia_hidden_link_text'>Compartir en LinkedIn<\/span><\/a><\/li><li class='av-share-link av-social-link-mail' ><a  aria-label=\"Compartir por correo\" href='mailto:?subject=Se%20extiende%20plazo%20para%20postular%20al%20Concurso%20Ciencia%20P%C3%BAblica%20para%20el%20desarrollo%20de%20proyectos%20comunitarios&#038;body=https:\/\/radiorevelacionfm.cl\/?p=31094' aria-hidden='false' data-av_icon='\ue805' data-av_iconfont='entypo-fontello' title='' data-avia-related-tooltip='Compartir por correo'><span class='avia_hidden_link_text'>Compartir por correo<\/span><\/a><\/li><\/ul><\/div><\/div>\n<div  style='height:50px' class='hr hr-invisible   avia-builder-el-8  el_after_av_social_share  el_before_av_comments_list '><span class='hr-inner ' ><span class='hr-inner-style'><\/span><\/span><\/div>\n<div  class='av-buildercomment  av-blog-meta-html-info-disabled av-blog-meta-tag-disabled  '><\/div>\n","protected":false},"excerpt":{"rendered":"","protected":false},"author":1,"featured_media":31095,"comment_status":"open","ping_status":"open","sticky":false,"template":"","format":"standard","meta":{"footnotes":""},"categories":[53],"tags":[],"class_list":["post-31094","post","type-post","status-publish","format-standard","has-post-thumbnail","hentry","category-ciencia"],"jetpack_featured_media_url":"https:\/\/radiorevelacionfm.cl\/wp-content\/uploads\/2023\/05\/ciencia_publica_comunidades-1_optimized.jpg","_links":{"self":[{"href":"https:\/\/radiorevelacionfm.cl\/index.php?rest_route=\/wp\/v2\/posts\/31094","targetHints":{"allow":["GET"]}}],"collection":[{"href":"https:\/\/radiorevelacionfm.cl\/index.php?rest_route=\/wp\/v2\/posts"}],"about":[{"href":"https:\/\/radiorevelacionfm.cl\/index.php?rest_route=\/wp\/v2\/types\/post"}],"author":[{"embeddable":true,"href":"https:\/\/radiorevelacionfm.cl\/index.php?rest_route=\/wp\/v2\/users\/1"}],"replies":[{"embeddable":true,"href":"https:\/\/radiorevelacionfm.cl\/index.php?rest_route=%2Fwp%2Fv2%2Fcomments&post=31094"}],"version-history":[{"count":1,"href":"https:\/\/radiorevelacionfm.cl\/index.php?rest_route=\/wp\/v2\/posts\/31094\/revisions"}],"predecessor-version":[{"id":31096,"href":"https:\/\/radiorevelacionfm.cl\/index.php?rest_route=\/wp\/v2\/posts\/31094\/revisions\/31096"}],"wp:featuredmedia":[{"embeddable":true,"href":"https:\/\/radiorevelacionfm.cl\/index.php?rest_route=\/wp\/v2\/media\/31095"}],"wp:attachment":[{"href":"https:\/\/radiorevelacionfm.cl\/index.php?rest_route=%2Fwp%2Fv2%2Fmedia&parent=31094"}],"wp:term":[{"taxonomy":"category","embeddable":true,"href":"https:\/\/radiorevelacionfm.cl\/index.php?rest_route=%2Fwp%2Fv2%2Fcategories&post=31094"},{"taxonomy":"post_tag","embeddable":true,"href":"https:\/\/radiorevelacionfm.cl\/index.php?rest_route=%2Fwp%2Fv2%2Ftags&post=31094"}],"curies":[{"name":"wp","href":"https:\/\/api.w.org\/{rel}","templated":true}]}}