{"id":31086,"date":"2023-05-16T19:13:51","date_gmt":"2023-05-16T22:13:51","guid":{"rendered":"https:\/\/radiorevelacionfm.cl\/?p=31086"},"modified":"2023-05-16T19:13:51","modified_gmt":"2023-05-16T22:13:51","slug":"destacan-proyecto-ultima-milla-y-avances-de-fibra-optica-para-raul-marin-balmaceda-y-villa-ohiggins-en-dia-de-las-telecomunicaciones","status":"publish","type":"post","link":"https:\/\/radiorevelacionfm.cl\/?p=31086","title":{"rendered":"Destacan proyecto \u00daltima Milla y avances de fibra \u00f3ptica para Ra\u00fal Mar\u00edn Balmaceda y Villa O&#8217;Higgins en D\u00eda de las Telecomunicaciones"},"content":{"rendered":"<div class=\"flex_column av_one_full  flex_column_div av-zero-column-padding first  avia-builder-el-0  el_before_av_one_full  avia-builder-el-first  \" style='border-radius:0px; '><div  class='avia-image-container  av-styling-    avia-builder-el-1  avia-builder-el-no-sibling  avia-align-center '  itemprop=\"image\" itemscope=\"itemscope\" itemtype=\"https:\/\/schema.org\/ImageObject\"  ><div class='avia-image-container-inner'><div class='avia-image-overlay-wrap'><img decoding=\"async\" class='wp-image-31087 avia-img-lazy-loading-not-31087 avia_image' src=\"https:\/\/radiorevelacionfm.cl\/wp-content\/uploads\/2023\/05\/Villa-O\u00b4Higgins-1-1-1.jpg\" alt='' title='Villa O\u00b4Higgins (1) (1) (1)' height=\"600\" width=\"902\"  itemprop=\"thumbnailUrl\" srcset=\"https:\/\/radiorevelacionfm.cl\/wp-content\/uploads\/2023\/05\/Villa-O\u00b4Higgins-1-1-1.jpg 902w, https:\/\/radiorevelacionfm.cl\/wp-content\/uploads\/2023\/05\/Villa-O\u00b4Higgins-1-1-1-300x200.jpg 300w, https:\/\/radiorevelacionfm.cl\/wp-content\/uploads\/2023\/05\/Villa-O\u00b4Higgins-1-1-1-768x511.jpg 768w, https:\/\/radiorevelacionfm.cl\/wp-content\/uploads\/2023\/05\/Villa-O\u00b4Higgins-1-1-1-705x469.jpg 705w, https:\/\/radiorevelacionfm.cl\/wp-content\/uploads\/2023\/05\/Villa-O\u00b4Higgins-1-1-1-450x299.jpg 450w, https:\/\/radiorevelacionfm.cl\/wp-content\/uploads\/2023\/05\/Villa-O\u00b4Higgins-1-1-1-600x399.jpg 600w\" sizes=\"(max-width: 902px) 100vw, 902px\" \/><\/div><\/div><\/div><\/div><div class=\"flex_column av_one_full  flex_column_div av-zero-column-padding first  avia-builder-el-2  el_after_av_one_full  el_before_av_one_full  column-top-margin\" style='border-radius:0px; '><section class=\"av_textblock_section \"  itemscope=\"itemscope\" itemtype=\"https:\/\/schema.org\/BlogPosting\" itemprop=\"blogPost\" ><div class='avia_textblock  '   itemprop=\"text\" ><p style=\"text-align: center;\"><span style=\"font-size: 18pt;\"><b>Destacan proyecto \u00daltima Milla y avances de fibra \u00f3ptica para Ra\u00fal Mar\u00edn Balmaceda y Villa O&#8217;Higgins en D\u00eda de las Telecomunicaciones<\/b><\/span><\/p>\n<div id=\"gtx-trans\" style=\"position: absolute; left: -50px; top: 4.31534px;\">\n<div class=\"gtx-trans-icon\"><\/div>\n<\/div>\n<\/div><\/section><\/div><div class=\"flex_column av_one_full  flex_column_div av-zero-column-padding first  avia-builder-el-4  el_after_av_one_full  el_before_av_hr  column-top-margin\" style='border-radius:0px; '><section class=\"av_textblock_section \"  itemscope=\"itemscope\" itemtype=\"https:\/\/schema.org\/BlogPosting\" itemprop=\"blogPost\" ><div class='avia_textblock  '   itemprop=\"text\" ><p style=\"text-align: justify;\">En el marco del mes de las Telecomunicaciones, impulsado por el Ministerio de Transportes y Telecomunicaciones, la Subsecretar\u00eda de Telecomunicaciones se ha dispuesto a relevar el rol de la Conectividad Digital en la vida de las personas, con un especial \u00e9nfasis en el desarrollo de habilidades digitales para un presente y futuro conectado, a trav\u00e9s del plan Brecha Digital Cero.<\/p>\n<p style=\"text-align: justify;\">Esta iniciativa contempla cuatro ejes centrales: regulaci\u00f3n para la conectividad, proyectos de ley, conectividad para todos y todas, e infraestructura digital. En este \u00faltimo eje ha sido prioritario en la regi\u00f3n de Ays\u00e9n, seg\u00fan lo explicado por la seremiTT de Ays\u00e9n, Claudia Cantero, el trabajo en torno a el despliegue de infraestructura ha implicado encontrar diferentes soluciones que permitan romper con las barreras geogr\u00e1ficas que muchas veces dificultan llegar con conectividad a zonas aisladas.<\/p>\n<p style=\"text-align: justify;\">\u201cHemos avanzado en acortar las brechas de conectividad que tenemos en nuestra regi\u00f3n. Nuestro programa de gobierno considera avanzar en el plan Plan Brecha Digital Cero, que busca justamente poder llegar a todos los rincones del pa\u00eds donde habiten personas con conectividad digital, considerando aquellas localidades hist\u00f3ricamente aisladas y en este caso, australes de Chile, porque sabemos que al hacerlo estamos mejorando la calidad de vida de las personas. Por lo tanto, vamos a seguir trabajando, junto a la Subsecretar\u00eda de Telecomunicaciones (SUBTEL) para poder levantar nuevos proyectos y as\u00ed, ir cumpliendo con acortar las brechas digitales en nuestro pa\u00eds\u201d.<\/p>\n<p style=\"text-align: justify;\">En este sentido, Cantero agreg\u00f3 que en el marco de este Plan, la regi\u00f3n ha priorizado el desarrollo del \u00a0proyecto \u00daltima Milla que contempla la implementaci\u00f3n de servicios de telefon\u00eda m\u00f3vil e Internet para 8 localidades, entre las que se cuenta El Turbio, Los C\u00e9sares, Las Nalcas, Alto Ma\u00f1ihuales, El Richard, Emperador Guillermo, R\u00edo Norte y el sector Candelario Mansilla en el Lago O\u2019Higgins. \u00a0\u201cEl proyecto ya est\u00e1 en toma de raz\u00f3n por parte de Contralor\u00eda General de la Rep\u00fablica y nosotros esperamos que ya en el mes de julio podamos estar haciendo la licitaci\u00f3n y posteriormente adjudicando para esta esperada instalaci\u00f3n de antenas\u201d, acot\u00f3 la seremiTT.<\/p>\n<p style=\"text-align: justify;\">Adicionalmente, se han desarrollado otras iniciativas para dotar con fibra \u00f3ptica a las localidades extremas de Villa O\u00b4Higgins y Ra\u00fal Mar\u00edn Balmaceda. Lo que significa llegar con una de las mejores tecnolog\u00edas de telecomunicaciones a zonas hist\u00f3ricamente aisladas.<\/p>\n<p style=\"text-align: justify;\">\u201cDestacamos el financiamiento de parte del Gobierno Regional y su consejo para el proyecto de la extensi\u00f3n de la fibra \u00f3ptica a Villa O\u00b4Higgins, por un monto superior a 7 mil millones de pesos. Con esto tambi\u00e9n nosotros vamos incrementando y vamos fortaleciendo la red de telecomunicaciones y de fibra \u00f3ptica de nuestra regi\u00f3n. Y por otro lado, se ha avanzado significativamente en la extensi\u00f3n de la fibra \u00f3ptica hacia la localidad de Ra\u00fal Mar\u00edn Balmaceda, en un proyecto de Pasos Fronterizos de la SUBTEL\u201d.<\/p>\n<p style=\"text-align: justify;\">En el caso de Villa O\u00b4Higgins, tras la aprobaci\u00f3n del Consejo Regional para el financiamiento de esta iniciativa, el Gobierno Regional, junto a SUBTEL, trabajar\u00e1n en el convenio de transferencia de recursos; a su vez, la Subsecretar\u00eda de Telecomunicaciones se encargar\u00e1 de la elaboraci\u00f3n de las Bases del Concurso P\u00fablico para su posterior llamado a licitaci\u00f3n.<\/p>\n<p style=\"text-align: justify;\">Mientras que en Ra\u00fal Mar\u00edn Balmaceda, la empresa Telsur, adjudicataria de las obras ya ha realizado un avance significativo en el levantamiento de la fibra \u00f3ptica, en donde el plazo de ejecuci\u00f3n se estableci\u00f3 para principios del pr\u00f3ximo a\u00f1o.<\/p>\n<\/div><\/section><\/div><div  style='height:50px' class='hr hr-invisible   avia-builder-el-6  el_after_av_one_full  el_before_av_social_share '><span class='hr-inner ' ><span class='hr-inner-style'><\/span><\/span><\/div><\/p>\n<div  class='av-social-sharing-box  avia-builder-el-7  el_after_av_hr  el_before_av_hr  '><div class='av-share-box'><h5 class='av-share-link-description av-no-toc '>Compartir esta noticia<\/h5><ul class='av-share-box-list noLightbox'><li class='av-share-link av-social-link-facebook' ><a target=\"_blank\" aria-label=\"Compartir en Facebook\" href='https:\/\/www.facebook.com\/sharer.php?u=https:\/\/radiorevelacionfm.cl\/?p=31086&#038;t=Destacan%20proyecto%20%C3%9Altima%20Milla%20y%20avances%20de%20fibra%20%C3%B3ptica%20para%20Ra%C3%BAl%20Mar%C3%ADn%20Balmaceda%20y%20Villa%20O%E2%80%99Higgins%20en%20D%C3%ADa%20de%20las%20Telecomunicaciones' aria-hidden='false' data-av_icon='\ue8f3' data-av_iconfont='entypo-fontello' title='' data-avia-related-tooltip='Compartir en Facebook' rel=\"noopener\"><span class='avia_hidden_link_text'>Compartir en Facebook<\/span><\/a><\/li><li class='av-share-link av-social-link-twitter' ><a target=\"_blank\" aria-label=\"Compartir en Twitter\" href='https:\/\/twitter.com\/share?text=Destacan%20proyecto%20%C3%9Altima%20Milla%20y%20avances%20de%20fibra%20%C3%B3ptica%20para%20Ra%C3%BAl%20Mar%C3%ADn%20Balmaceda%20y%20Villa%20O%E2%80%99Higgins%20en%20D%C3%ADa%20de%20las%20Telecomunicaciones&#038;url=https:\/\/radiorevelacionfm.cl\/?p=31086' aria-hidden='false' data-av_icon='\ue8f1' data-av_iconfont='entypo-fontello' title='' data-avia-related-tooltip='Compartir en Twitter' rel=\"noopener\"><span class='avia_hidden_link_text'>Compartir en Twitter<\/span><\/a><\/li><li class='av-share-link av-social-link-whatsapp' ><a target=\"_blank\" aria-label=\"Compartir en Whatsapp\" href='https:\/\/api.whatsapp.com\/send?text=https:\/\/radiorevelacionfm.cl\/?p=31086' aria-hidden='false' data-av_icon='\uf232' data-av_iconfont='entypo-fontello' title='' data-avia-related-tooltip='Compartir en Whatsapp' rel=\"noopener\"><span class='avia_hidden_link_text'>Compartir en Whatsapp<\/span><\/a><\/li><li class='av-share-link av-social-link-linkedin' ><a target=\"_blank\" aria-label=\"Compartir en LinkedIn\" href='https:\/\/linkedin.com\/shareArticle?mini=true&#038;title=Destacan%20proyecto%20%C3%9Altima%20Milla%20y%20avances%20de%20fibra%20%C3%B3ptica%20para%20Ra%C3%BAl%20Mar%C3%ADn%20Balmaceda%20y%20Villa%20O%E2%80%99Higgins%20en%20D%C3%ADa%20de%20las%20Telecomunicaciones&#038;url=https:\/\/radiorevelacionfm.cl\/?p=31086' aria-hidden='false' data-av_icon='\ue8fc' data-av_iconfont='entypo-fontello' title='' data-avia-related-tooltip='Compartir en LinkedIn' rel=\"noopener\"><span class='avia_hidden_link_text'>Compartir en LinkedIn<\/span><\/a><\/li><li class='av-share-link av-social-link-mail' ><a  aria-label=\"Compartir por correo\" href='mailto:?subject=Destacan%20proyecto%20%C3%9Altima%20Milla%20y%20avances%20de%20fibra%20%C3%B3ptica%20para%20Ra%C3%BAl%20Mar%C3%ADn%20Balmaceda%20y%20Villa%20O%E2%80%99Higgins%20en%20D%C3%ADa%20de%20las%20Telecomunicaciones&#038;body=https:\/\/radiorevelacionfm.cl\/?p=31086' aria-hidden='false' data-av_icon='\ue805' data-av_iconfont='entypo-fontello' title='' data-avia-related-tooltip='Compartir por correo'><span class='avia_hidden_link_text'>Compartir por correo<\/span><\/a><\/li><\/ul><\/div><\/div>\n<div  style='height:50px' class='hr hr-invisible   avia-builder-el-8  el_after_av_social_share  el_before_av_comments_list '><span class='hr-inner ' ><span class='hr-inner-style'><\/span><\/span><\/div>\n<div  class='av-buildercomment  av-blog-meta-html-info-disabled av-blog-meta-tag-disabled  '><\/div>\n","protected":false},"excerpt":{"rendered":"","protected":false},"author":1,"featured_media":31087,"comment_status":"open","ping_status":"open","sticky":false,"template":"","format":"standard","meta":{"footnotes":""},"categories":[38],"tags":[],"class_list":["post-31086","post","type-post","status-publish","format-standard","has-post-thumbnail","hentry","category-regional"],"jetpack_featured_media_url":"https:\/\/radiorevelacionfm.cl\/wp-content\/uploads\/2023\/05\/Villa-O\u00b4Higgins-1-1-1.jpg","_links":{"self":[{"href":"https:\/\/radiorevelacionfm.cl\/index.php?rest_route=\/wp\/v2\/posts\/31086","targetHints":{"allow":["GET"]}}],"collection":[{"href":"https:\/\/radiorevelacionfm.cl\/index.php?rest_route=\/wp\/v2\/posts"}],"about":[{"href":"https:\/\/radiorevelacionfm.cl\/index.php?rest_route=\/wp\/v2\/types\/post"}],"author":[{"embeddable":true,"href":"https:\/\/radiorevelacionfm.cl\/index.php?rest_route=\/wp\/v2\/users\/1"}],"replies":[{"embeddable":true,"href":"https:\/\/radiorevelacionfm.cl\/index.php?rest_route=%2Fwp%2Fv2%2Fcomments&post=31086"}],"version-history":[{"count":1,"href":"https:\/\/radiorevelacionfm.cl\/index.php?rest_route=\/wp\/v2\/posts\/31086\/revisions"}],"predecessor-version":[{"id":31088,"href":"https:\/\/radiorevelacionfm.cl\/index.php?rest_route=\/wp\/v2\/posts\/31086\/revisions\/31088"}],"wp:featuredmedia":[{"embeddable":true,"href":"https:\/\/radiorevelacionfm.cl\/index.php?rest_route=\/wp\/v2\/media\/31087"}],"wp:attachment":[{"href":"https:\/\/radiorevelacionfm.cl\/index.php?rest_route=%2Fwp%2Fv2%2Fmedia&parent=31086"}],"wp:term":[{"taxonomy":"category","embeddable":true,"href":"https:\/\/radiorevelacionfm.cl\/index.php?rest_route=%2Fwp%2Fv2%2Fcategories&post=31086"},{"taxonomy":"post_tag","embeddable":true,"href":"https:\/\/radiorevelacionfm.cl\/index.php?rest_route=%2Fwp%2Fv2%2Ftags&post=31086"}],"curies":[{"name":"wp","href":"https:\/\/api.w.org\/{rel}","templated":true}]}}