{"id":31083,"date":"2023-05-16T22:01:05","date_gmt":"2023-05-17T01:01:05","guid":{"rendered":"https:\/\/radiorevelacionfm.cl\/?p=31083"},"modified":"2023-05-16T22:12:23","modified_gmt":"2023-05-17T01:12:23","slug":"carrera-de-obstetricia-de-la-universidad-aysen-realiza-ceremonia-de-investidura","status":"publish","type":"post","link":"https:\/\/radiorevelacionfm.cl\/?p=31083","title":{"rendered":"Carrera de Obstetricia de la Universidad de Ays\u00e9n realiza ceremonia de investidura"},"content":{"rendered":"<div class=\"flex_column av_one_full  flex_column_div av-zero-column-padding first  avia-builder-el-0  el_before_av_one_full  avia-builder-el-first  \" style='border-radius:0px; '><div  class='avia-image-container  av-styling-    avia-builder-el-1  avia-builder-el-no-sibling  avia-align-center '  itemprop=\"image\" itemscope=\"itemscope\" itemtype=\"https:\/\/schema.org\/ImageObject\"  ><div class='avia-image-container-inner'><div class='avia-image-overlay-wrap'><img decoding=\"async\" class='wp-image-31084 avia-img-lazy-loading-not-31084 avia_image' src=\"https:\/\/radiorevelacionfm.cl\/wp-content\/uploads\/2023\/05\/investidura-2_optimized-1.jpeg\" alt='' title='investidura-(2)_optimized (1)' height=\"600\" width=\"974\"  itemprop=\"thumbnailUrl\" srcset=\"https:\/\/radiorevelacionfm.cl\/wp-content\/uploads\/2023\/05\/investidura-2_optimized-1.jpeg 974w, https:\/\/radiorevelacionfm.cl\/wp-content\/uploads\/2023\/05\/investidura-2_optimized-1-300x185.jpeg 300w, https:\/\/radiorevelacionfm.cl\/wp-content\/uploads\/2023\/05\/investidura-2_optimized-1-768x473.jpeg 768w, https:\/\/radiorevelacionfm.cl\/wp-content\/uploads\/2023\/05\/investidura-2_optimized-1-705x434.jpeg 705w, https:\/\/radiorevelacionfm.cl\/wp-content\/uploads\/2023\/05\/investidura-2_optimized-1-450x277.jpeg 450w, https:\/\/radiorevelacionfm.cl\/wp-content\/uploads\/2023\/05\/investidura-2_optimized-1-600x370.jpeg 600w\" sizes=\"(max-width: 974px) 100vw, 974px\" \/><\/div><\/div><\/div><\/div>\n<div class=\"flex_column av_one_full  flex_column_div av-zero-column-padding first  avia-builder-el-2  el_after_av_one_full  el_before_av_one_full  column-top-margin\" style='border-radius:0px; '><section class=\"av_textblock_section \"  itemscope=\"itemscope\" itemtype=\"https:\/\/schema.org\/BlogPosting\" itemprop=\"blogPost\" ><div class='avia_textblock  '   itemprop=\"text\" ><p style=\"text-align: center;\"><strong><span style=\"font-size: 18pt;\">Carrera de Obstetricia de la Universidad de Ays\u00e9n realiza ceremonia de investidura<\/span><\/strong><\/p>\n<div id=\"gtx-trans\" style=\"position: absolute; left: -50px; top: 4.31534px;\">\n<div class=\"gtx-trans-icon\"><\/div>\n<\/div>\n<\/div><\/section><\/div><div class=\"flex_column av_one_full  flex_column_div av-zero-column-padding first  avia-builder-el-4  el_after_av_one_full  el_before_av_hr  column-top-margin\" style='border-radius:0px; '><section class=\"av_textblock_section \"  itemscope=\"itemscope\" itemtype=\"https:\/\/schema.org\/BlogPosting\" itemprop=\"blogPost\" ><div class='avia_textblock  '   itemprop=\"text\" ><p class=\"v1MsoNormal\" style=\"text-align: justify;\">En las dependencias del Museo Regional de Ays\u00e9n, y acompa\u00f1adas por familiares, autoridades universitarias y de Salud de la regi\u00f3n, nueve estudiantes de la carrera de Obstetricia de la Universidad de Ays\u00e9n, pertenecientes a la cohorte 2022, participaron en una emotiva Ceremonia de Investidura de la carrera, tradicional instancia en la que por primera vez las futuras matronas visten el uniforme que desde ahora las identificar\u00e1.<\/p>\n<p class=\"v1MsoNormal\" style=\"text-align: justify;\">Seg\u00fan lo informado por Maritza Fern\u00e1ndez, jefa de la carrera de Obstetricia de la Universidad de Ays\u00e9n, este paso es de suma relevancia ya que con la investidura del uniforme se identificar\u00e1n en el proceso de pr\u00e1cticas cl\u00ednicas que ahora comienzan las estudiantes en el Hospital Regional. \u00abAcaba de finalizar la Ceremonia de Investidura de nuestra cohorte 2022 de la carrera Obstetricia y para nosotros es muy importante y relevante realizar este hito, ya que es la primera vez que nuestras estudiantes visten en su uniforme para iniciar esta nueva etapa que comienzan a acudir y asistir a sus pr\u00e1cticas cl\u00ednicas. Nosotros queremos que nuestras alumnas que vayan entrando a sus campos cl\u00ednicos puedan ir aportando todo lo que han aprendido en aula y en la simulaci\u00f3n, y esta es la instancia que da pie a el inicio de esta nueva etapa acad\u00e9mica\u00bb, manifest\u00f3 la acad\u00e9mica.<\/p>\n<p class=\"v1MsoNormal\" style=\"text-align: justify;\">Por su parte, Lorena Guerrero,\u00a0Directora de Salud Rural, manifest\u00f3 que se encontraba feliz de estar en esta Ceremonia de Investidura de la Universidad de Ays\u00e9n. \u00abPara nosotros como Servicio de Salud, como atenci\u00f3n primaria y Direcci\u00f3n de Salud Rural en particular, esta emotiva ceremonia es muy importante y tambi\u00e9n es relevante contar con egresadas o personas que est\u00e1n en formaci\u00f3n para egresar de la carrera de Obstetricia de nuestra regi\u00f3n. Ya tenemos profesionales trabajando en nuestros sectores rurales, matronas que han egresado de la Universidad y son excelentes profesionales, tienen un gran esp\u00edritu humano y eso las hace muy cercanas a los usuarios. Yo creo que el hecho de conocer la cultura regional y de formarse en esta regi\u00f3n es muy importante para la cercan\u00eda que establecen con las comunidades\u00b7, puntualiz\u00f3.<\/p>\n<p class=\"v1MsoNormal\" style=\"text-align: justify;\">En la oportunidad, Melany N\u00fa\u00f1ez, estudiante de Obstetricia UAys\u00e9n, valor\u00f3 la instancia. \u00abEste ha sido un paso muy importante para m\u00ed dentro de mi carrera, ya que como se menciona anteriormente, no es una carrera que sea f\u00e1cil entrar. Bueno, tampoco es dif\u00edcil cursar esta carrera, me he encontrado con muchos obst\u00e1culos, dificultades y la verdad llegar hasta ac\u00e1 para m\u00ed ha sido algo muy importante y tambi\u00e9n algo que me provoca mucha felicidad y tambi\u00e9n emoci\u00f3n y orgullo de m\u00ed misma porque vengo a hacer un compromiso en realidad con mi carrera, con mi uniforme y con lo que significa estar en esta misma carrera, un compromiso conmigo misma y con las personas que en un futuro podr\u00e9 atender\u00bb, manifest\u00f3 la estudiante.<\/p>\n<p class=\"v1MsoNormal\" style=\"text-align: justify;\">Finalmente, su compa\u00f1era de carrera, Sof\u00eda Ch\u00e1vez, expres\u00f3 su alegr\u00eda y orgullo. \u00abEste es un hito muy importante para cada profesional de la salud, porque es la primera vez que estamos vistiendo nuestro uniforme en presencia de todos y mostr\u00e1ndolo al mundo\u00bb, se\u00f1al\u00f3.<\/p>\n<\/div><\/section><\/div><\/p>\n<div  style='height:50px' class='hr hr-invisible   avia-builder-el-6  el_after_av_one_full  el_before_av_social_share '><span class='hr-inner ' ><span class='hr-inner-style'><\/span><\/span><\/div>\n<div  class='av-social-sharing-box  avia-builder-el-7  el_after_av_hr  el_before_av_hr  '><div class='av-share-box'><h5 class='av-share-link-description av-no-toc '>Compartir esta noticia<\/h5><ul class='av-share-box-list noLightbox'><li class='av-share-link av-social-link-facebook' ><a target=\"_blank\" aria-label=\"Compartir en Facebook\" href='https:\/\/www.facebook.com\/sharer.php?u=https:\/\/radiorevelacionfm.cl\/?p=31083&#038;t=Carrera%20de%20Obstetricia%20de%20la%20Universidad%20de%20Ays%C3%A9n%20realiza%20ceremonia%20de%20investidura' aria-hidden='false' data-av_icon='\ue8f3' data-av_iconfont='entypo-fontello' title='' data-avia-related-tooltip='Compartir en Facebook' rel=\"noopener\"><span class='avia_hidden_link_text'>Compartir en Facebook<\/span><\/a><\/li><li class='av-share-link av-social-link-twitter' ><a target=\"_blank\" aria-label=\"Compartir en Twitter\" href='https:\/\/twitter.com\/share?text=Carrera%20de%20Obstetricia%20de%20la%20Universidad%20de%20Ays%C3%A9n%20realiza%20ceremonia%20de%20investidura&#038;url=https:\/\/radiorevelacionfm.cl\/?p=31083' aria-hidden='false' data-av_icon='\ue8f1' data-av_iconfont='entypo-fontello' title='' data-avia-related-tooltip='Compartir en Twitter' rel=\"noopener\"><span class='avia_hidden_link_text'>Compartir en Twitter<\/span><\/a><\/li><li class='av-share-link av-social-link-whatsapp' ><a target=\"_blank\" aria-label=\"Compartir en Whatsapp\" href='https:\/\/api.whatsapp.com\/send?text=https:\/\/radiorevelacionfm.cl\/?p=31083' aria-hidden='false' data-av_icon='\uf232' data-av_iconfont='entypo-fontello' title='' data-avia-related-tooltip='Compartir en Whatsapp' rel=\"noopener\"><span class='avia_hidden_link_text'>Compartir en Whatsapp<\/span><\/a><\/li><li class='av-share-link av-social-link-linkedin' ><a target=\"_blank\" aria-label=\"Compartir en LinkedIn\" href='https:\/\/linkedin.com\/shareArticle?mini=true&#038;title=Carrera%20de%20Obstetricia%20de%20la%20Universidad%20de%20Ays%C3%A9n%20realiza%20ceremonia%20de%20investidura&#038;url=https:\/\/radiorevelacionfm.cl\/?p=31083' aria-hidden='false' data-av_icon='\ue8fc' data-av_iconfont='entypo-fontello' title='' data-avia-related-tooltip='Compartir en LinkedIn' rel=\"noopener\"><span class='avia_hidden_link_text'>Compartir en LinkedIn<\/span><\/a><\/li><li class='av-share-link av-social-link-mail' ><a  aria-label=\"Compartir por correo\" href='mailto:?subject=Carrera%20de%20Obstetricia%20de%20la%20Universidad%20de%20Ays%C3%A9n%20realiza%20ceremonia%20de%20investidura&#038;body=https:\/\/radiorevelacionfm.cl\/?p=31083' aria-hidden='false' data-av_icon='\ue805' data-av_iconfont='entypo-fontello' title='' data-avia-related-tooltip='Compartir por correo'><span class='avia_hidden_link_text'>Compartir por correo<\/span><\/a><\/li><\/ul><\/div><\/div>\n<div  style='height:50px' class='hr hr-invisible   avia-builder-el-8  el_after_av_social_share  el_before_av_comments_list '><span class='hr-inner ' ><span class='hr-inner-style'><\/span><\/span><\/div>\n<div  class='av-buildercomment  av-blog-meta-html-info-disabled av-blog-meta-tag-disabled  '><\/div>\n","protected":false},"excerpt":{"rendered":"","protected":false},"author":1,"featured_media":31084,"comment_status":"open","ping_status":"open","sticky":false,"template":"","format":"standard","meta":{"footnotes":""},"categories":[49],"tags":[],"class_list":["post-31083","post","type-post","status-publish","format-standard","has-post-thumbnail","hentry","category-educacion"],"jetpack_featured_media_url":"https:\/\/radiorevelacionfm.cl\/wp-content\/uploads\/2023\/05\/investidura-2_optimized-1.jpeg","_links":{"self":[{"href":"https:\/\/radiorevelacionfm.cl\/index.php?rest_route=\/wp\/v2\/posts\/31083","targetHints":{"allow":["GET"]}}],"collection":[{"href":"https:\/\/radiorevelacionfm.cl\/index.php?rest_route=\/wp\/v2\/posts"}],"about":[{"href":"https:\/\/radiorevelacionfm.cl\/index.php?rest_route=\/wp\/v2\/types\/post"}],"author":[{"embeddable":true,"href":"https:\/\/radiorevelacionfm.cl\/index.php?rest_route=\/wp\/v2\/users\/1"}],"replies":[{"embeddable":true,"href":"https:\/\/radiorevelacionfm.cl\/index.php?rest_route=%2Fwp%2Fv2%2Fcomments&post=31083"}],"version-history":[{"count":2,"href":"https:\/\/radiorevelacionfm.cl\/index.php?rest_route=\/wp\/v2\/posts\/31083\/revisions"}],"predecessor-version":[{"id":31091,"href":"https:\/\/radiorevelacionfm.cl\/index.php?rest_route=\/wp\/v2\/posts\/31083\/revisions\/31091"}],"wp:featuredmedia":[{"embeddable":true,"href":"https:\/\/radiorevelacionfm.cl\/index.php?rest_route=\/wp\/v2\/media\/31084"}],"wp:attachment":[{"href":"https:\/\/radiorevelacionfm.cl\/index.php?rest_route=%2Fwp%2Fv2%2Fmedia&parent=31083"}],"wp:term":[{"taxonomy":"category","embeddable":true,"href":"https:\/\/radiorevelacionfm.cl\/index.php?rest_route=%2Fwp%2Fv2%2Fcategories&post=31083"},{"taxonomy":"post_tag","embeddable":true,"href":"https:\/\/radiorevelacionfm.cl\/index.php?rest_route=%2Fwp%2Fv2%2Ftags&post=31083"}],"curies":[{"name":"wp","href":"https:\/\/api.w.org\/{rel}","templated":true}]}}