{"id":31080,"date":"2023-05-17T11:55:35","date_gmt":"2023-05-17T14:55:35","guid":{"rendered":"https:\/\/radiorevelacionfm.cl\/?p=31080"},"modified":"2023-05-17T11:55:35","modified_gmt":"2023-05-17T14:55:35","slug":"seremi-tatiana-pla-la-tramitacion-del-proyecto-regiones-mas-fuertes-es-un-paso-gigante-hacia-la-descentralizacion","status":"publish","type":"post","link":"https:\/\/radiorevelacionfm.cl\/?p=31080","title":{"rendered":"Seremi Tatiana Pl\u00e1: \u201cLa tramitaci\u00f3n del proyecto Regiones M\u00e1s Fuertes es un paso gigante hacia la Descentralizaci\u00f3n\u201d"},"content":{"rendered":"<div class=\"flex_column av_one_full  flex_column_div av-zero-column-padding first  avia-builder-el-0  el_before_av_one_full  avia-builder-el-first  \" style='border-radius:0px; '><div  class='avia-image-container  av-styling-    avia-builder-el-1  avia-builder-el-no-sibling  avia-align-center '  itemprop=\"image\" itemscope=\"itemscope\" itemtype=\"https:\/\/schema.org\/ImageObject\"  ><div class='avia-image-container-inner'><div class='avia-image-overlay-wrap'><img decoding=\"async\" class='wp-image-31081 avia-img-lazy-loading-not-31081 avia_image' src=\"https:\/\/radiorevelacionfm.cl\/wp-content\/uploads\/2023\/05\/regiones-mas-fuertes-1-1.jpg\" alt='' title='regiones m\u00e1s fuertes (1) (1)' height=\"600\" width=\"900\"  itemprop=\"thumbnailUrl\" srcset=\"https:\/\/radiorevelacionfm.cl\/wp-content\/uploads\/2023\/05\/regiones-mas-fuertes-1-1.jpg 900w, https:\/\/radiorevelacionfm.cl\/wp-content\/uploads\/2023\/05\/regiones-mas-fuertes-1-1-300x200.jpg 300w, https:\/\/radiorevelacionfm.cl\/wp-content\/uploads\/2023\/05\/regiones-mas-fuertes-1-1-768x512.jpg 768w, https:\/\/radiorevelacionfm.cl\/wp-content\/uploads\/2023\/05\/regiones-mas-fuertes-1-1-705x470.jpg 705w, https:\/\/radiorevelacionfm.cl\/wp-content\/uploads\/2023\/05\/regiones-mas-fuertes-1-1-450x300.jpg 450w, https:\/\/radiorevelacionfm.cl\/wp-content\/uploads\/2023\/05\/regiones-mas-fuertes-1-1-600x400.jpg 600w\" sizes=\"(max-width: 900px) 100vw, 900px\" \/><\/div><\/div><\/div><\/div><div class=\"flex_column av_one_full  flex_column_div av-zero-column-padding first  avia-builder-el-2  el_after_av_one_full  el_before_av_one_full  column-top-margin\" style='border-radius:0px; '><section class=\"av_textblock_section \"  itemscope=\"itemscope\" itemtype=\"https:\/\/schema.org\/BlogPosting\" itemprop=\"blogPost\" ><div class='avia_textblock  '   itemprop=\"text\" ><p style=\"text-align: center;\"><span style=\"font-size: 18pt;\"><strong>Seremi Tatiana Pl\u00e1: \u201cLa tramitaci\u00f3n del proyecto Regiones M\u00e1s Fuertes es un paso gigante hacia la Descentralizaci\u00f3n\u201d<\/strong><\/span><\/p>\n<div id=\"gtx-trans\" style=\"position: absolute; left: -50px; top: 4.31534px;\">\n<div class=\"gtx-trans-icon\"><\/div>\n<\/div>\n<\/div><\/section><\/div><div class=\"flex_column av_one_full  flex_column_div av-zero-column-padding first  avia-builder-el-4  el_after_av_one_full  el_before_av_hr  column-top-margin\" style='border-radius:0px; '><section class=\"av_textblock_section \"  itemscope=\"itemscope\" itemtype=\"https:\/\/schema.org\/BlogPosting\" itemprop=\"blogPost\" ><div class='avia_textblock  '   itemprop=\"text\" ><p style=\"text-align: justify;\"><em>La iniciativa se estructura bajo tres ejes: modifica las fuentes de ingresos de los gobiernos regionales, entrega mayor autonom\u00eda y flexibilidad presupuestaria para decidir sobre el destino de sus ingresos, junto con establecer un r\u00e9gimen financiero propio, con mejores instrumentos de gesti\u00f3n presupuestaria; y suma herramientas de responsabilidad y disciplina fiscal para fortalecer la rendici\u00f3n de cuentas.<\/em><\/p>\n<p style=\"text-align: justify;\">El Gobierno inici\u00f3 hoy la tramitaci\u00f3n en el Congreso del proyecto de ley de \u201cRegiones m\u00e1s Fuertes\u201d, iniciativa anunciada a fines de abril y que busca avanzar en financiamiento, descentralizaci\u00f3n y responsabilidad fiscal regional, siendo uno de los pasos m\u00e1s relevantes en esta materia en las \u00faltimas tres d\u00e9cadas.<\/p>\n<p style=\"text-align: justify;\">En la sesi\u00f3n de la Sala de la C\u00e1mara de Diputados se dio cuenta del ingreso del proyecto con suma urgencia y fue derivado para su an\u00e1lisis a la Comisi\u00f3n de Hacienda. Con esta iniciativa se busca disminuir las brechas internacionales asociadas a ingresos, gasto e inversi\u00f3n frente a pa\u00edses desarrollados, avanzar sustantivamente en modernizaci\u00f3n del Estado y combinar mayores grados de autonom\u00eda fiscal con m\u00e1s y mejores mecanismos de transparencia, rendici\u00f3n de cuentas, control y probidad en el uso de recursos p\u00fablicos.<\/p>\n<p style=\"text-align: justify;\">En un punto de prensa en el Congreso junto a la Asociaci\u00f3n de Gobernadores Regionales de Chile (Agorechi), el ministro de Hacienda, Mario Marcel sostuvo que \u00abesta es una iniciativa que involucra m\u00e1s recursos, con m\u00e1s flexibilidad y con mayor responsabilidad en materia de administraci\u00f3n de parte de las propias autoridades regionales. Este es un proyecto que constituye el salto m\u00e1s importante que vamos a tener en materia de descentralizaci\u00f3n fiscal desde la vuelta a la democracia. Al mismo tiempo, es la iniciativa m\u00e1s importante en materia de modernizaci\u00f3n del Estado y de la gesti\u00f3n p\u00fablica que vamos a tener durante este per\u00edodo. Y finalmente va a ser un aporte a la productividad y la competitividad de las regiones\u201d.<\/p>\n<p style=\"text-align: justify;\">Asimismo, llam\u00f3 a los parlamentarios a priorizar esta iniciativa: \u201ceste es un proyecto que se ha elaborado en conjunto con los gobernadores. Esperamos que tenga una positiva acogida en la tramitaci\u00f3n legislativa, que reciba la prioridad que merece para transferir poder y responsabilidad a los gobiernos regionales y a trav\u00e9s de ellos a las comunidades regionales\u201d.<\/p>\n<p style=\"text-align: justify;\">En tanto, la Seremi de Gobierno regi\u00f3n de Ays\u00e9n, Tatiana Pl\u00e1, se\u00f1al\u00f3: \u201cNuestro Gobierno, el Gobierno del Presidente Gabriel Boric, se ha propuesto avanzar decididamente en fortalecer los gobiernos regionales y locales para cumplir con la promesa de terminar su mandato con menos poder que con el que entr\u00f3 y el proyecto de ley de &#8216;Regiones M\u00e1s Fuertes&#8217; avanza en un componente de la descentralizaci\u00f3n que es tremendamente relevante, que es la descentralizaci\u00f3n fiscal\u201d.<\/p>\n<p style=\"text-align: justify;\">Adem\u00e1s, afirm\u00f3 que \u201ccon este proyecto de ley estamos avanzando en fortalecer no solamente el rol de los gobiernos regionales y de los consejos regionales, sino que estamos acercando las decisiones a las personas. Avanzar en descentralizaci\u00f3n es relevante cuando es sistem\u00e1tica y cuando hacemos m\u00e1s eficiente y m\u00e1s eficaz al Estado para responder a las necesidades de la poblaci\u00f3n\u201d.<\/p>\n<\/div><\/section><\/div><div  style='height:50px' class='hr hr-invisible   avia-builder-el-6  el_after_av_one_full  el_before_av_social_share '><span class='hr-inner ' ><span class='hr-inner-style'><\/span><\/span><\/div><\/p>\n<div  class='av-social-sharing-box  avia-builder-el-7  el_after_av_hr  el_before_av_hr  '><div class='av-share-box'><h5 class='av-share-link-description av-no-toc '>Compartir esta noticia<\/h5><ul class='av-share-box-list noLightbox'><li class='av-share-link av-social-link-facebook' ><a target=\"_blank\" aria-label=\"Compartir en Facebook\" href='https:\/\/www.facebook.com\/sharer.php?u=https:\/\/radiorevelacionfm.cl\/?p=31080&#038;t=Seremi%20Tatiana%20Pl%C3%A1%3A%20%E2%80%9CLa%20tramitaci%C3%B3n%20del%20proyecto%20Regiones%20M%C3%A1s%20Fuertes%20es%20un%20paso%20gigante%20hacia%20la%20Descentralizaci%C3%B3n%E2%80%9D' aria-hidden='false' data-av_icon='\ue8f3' data-av_iconfont='entypo-fontello' title='' data-avia-related-tooltip='Compartir en Facebook' rel=\"noopener\"><span class='avia_hidden_link_text'>Compartir en Facebook<\/span><\/a><\/li><li class='av-share-link av-social-link-twitter' ><a target=\"_blank\" aria-label=\"Compartir en Twitter\" href='https:\/\/twitter.com\/share?text=Seremi%20Tatiana%20Pl%C3%A1%3A%20%E2%80%9CLa%20tramitaci%C3%B3n%20del%20proyecto%20Regiones%20M%C3%A1s%20Fuertes%20es%20un%20paso%20gigante%20hacia%20la%20Descentralizaci%C3%B3n%E2%80%9D&#038;url=https:\/\/radiorevelacionfm.cl\/?p=31080' aria-hidden='false' data-av_icon='\ue8f1' data-av_iconfont='entypo-fontello' title='' data-avia-related-tooltip='Compartir en Twitter' rel=\"noopener\"><span class='avia_hidden_link_text'>Compartir en Twitter<\/span><\/a><\/li><li class='av-share-link av-social-link-whatsapp' ><a target=\"_blank\" aria-label=\"Compartir en Whatsapp\" href='https:\/\/api.whatsapp.com\/send?text=https:\/\/radiorevelacionfm.cl\/?p=31080' aria-hidden='false' data-av_icon='\uf232' data-av_iconfont='entypo-fontello' title='' data-avia-related-tooltip='Compartir en Whatsapp' rel=\"noopener\"><span class='avia_hidden_link_text'>Compartir en Whatsapp<\/span><\/a><\/li><li class='av-share-link av-social-link-linkedin' ><a target=\"_blank\" aria-label=\"Compartir en LinkedIn\" href='https:\/\/linkedin.com\/shareArticle?mini=true&#038;title=Seremi%20Tatiana%20Pl%C3%A1%3A%20%E2%80%9CLa%20tramitaci%C3%B3n%20del%20proyecto%20Regiones%20M%C3%A1s%20Fuertes%20es%20un%20paso%20gigante%20hacia%20la%20Descentralizaci%C3%B3n%E2%80%9D&#038;url=https:\/\/radiorevelacionfm.cl\/?p=31080' aria-hidden='false' data-av_icon='\ue8fc' data-av_iconfont='entypo-fontello' title='' data-avia-related-tooltip='Compartir en LinkedIn' rel=\"noopener\"><span class='avia_hidden_link_text'>Compartir en LinkedIn<\/span><\/a><\/li><li class='av-share-link av-social-link-mail' ><a  aria-label=\"Compartir por correo\" href='mailto:?subject=Seremi%20Tatiana%20Pl%C3%A1%3A%20%E2%80%9CLa%20tramitaci%C3%B3n%20del%20proyecto%20Regiones%20M%C3%A1s%20Fuertes%20es%20un%20paso%20gigante%20hacia%20la%20Descentralizaci%C3%B3n%E2%80%9D&#038;body=https:\/\/radiorevelacionfm.cl\/?p=31080' aria-hidden='false' data-av_icon='\ue805' data-av_iconfont='entypo-fontello' title='' data-avia-related-tooltip='Compartir por correo'><span class='avia_hidden_link_text'>Compartir por correo<\/span><\/a><\/li><\/ul><\/div><\/div>\n<div  style='height:50px' class='hr hr-invisible   avia-builder-el-8  el_after_av_social_share  el_before_av_comments_list '><span class='hr-inner ' ><span class='hr-inner-style'><\/span><\/span><\/div>\n<div  class='av-buildercomment  av-blog-meta-html-info-disabled av-blog-meta-tag-disabled  '><\/div>\n","protected":false},"excerpt":{"rendered":"","protected":false},"author":1,"featured_media":31081,"comment_status":"open","ping_status":"open","sticky":false,"template":"","format":"standard","meta":{"footnotes":""},"categories":[38],"tags":[],"class_list":["post-31080","post","type-post","status-publish","format-standard","has-post-thumbnail","hentry","category-regional"],"jetpack_featured_media_url":"https:\/\/radiorevelacionfm.cl\/wp-content\/uploads\/2023\/05\/regiones-mas-fuertes-1-1.jpg","_links":{"self":[{"href":"https:\/\/radiorevelacionfm.cl\/index.php?rest_route=\/wp\/v2\/posts\/31080","targetHints":{"allow":["GET"]}}],"collection":[{"href":"https:\/\/radiorevelacionfm.cl\/index.php?rest_route=\/wp\/v2\/posts"}],"about":[{"href":"https:\/\/radiorevelacionfm.cl\/index.php?rest_route=\/wp\/v2\/types\/post"}],"author":[{"embeddable":true,"href":"https:\/\/radiorevelacionfm.cl\/index.php?rest_route=\/wp\/v2\/users\/1"}],"replies":[{"embeddable":true,"href":"https:\/\/radiorevelacionfm.cl\/index.php?rest_route=%2Fwp%2Fv2%2Fcomments&post=31080"}],"version-history":[{"count":1,"href":"https:\/\/radiorevelacionfm.cl\/index.php?rest_route=\/wp\/v2\/posts\/31080\/revisions"}],"predecessor-version":[{"id":31082,"href":"https:\/\/radiorevelacionfm.cl\/index.php?rest_route=\/wp\/v2\/posts\/31080\/revisions\/31082"}],"wp:featuredmedia":[{"embeddable":true,"href":"https:\/\/radiorevelacionfm.cl\/index.php?rest_route=\/wp\/v2\/media\/31081"}],"wp:attachment":[{"href":"https:\/\/radiorevelacionfm.cl\/index.php?rest_route=%2Fwp%2Fv2%2Fmedia&parent=31080"}],"wp:term":[{"taxonomy":"category","embeddable":true,"href":"https:\/\/radiorevelacionfm.cl\/index.php?rest_route=%2Fwp%2Fv2%2Fcategories&post=31080"},{"taxonomy":"post_tag","embeddable":true,"href":"https:\/\/radiorevelacionfm.cl\/index.php?rest_route=%2Fwp%2Fv2%2Ftags&post=31080"}],"curies":[{"name":"wp","href":"https:\/\/api.w.org\/{rel}","templated":true}]}}