{"id":31076,"date":"2023-05-16T21:08:31","date_gmt":"2023-05-17T00:08:31","guid":{"rendered":"https:\/\/radiorevelacionfm.cl\/?p=31076"},"modified":"2023-05-16T21:08:31","modified_gmt":"2023-05-17T00:08:31","slug":"diputado-calisto-presenta-proyecto-que-tipifica-como-delito-el-ingreso-al-pais-de-migrantes-que-ya-habian-sido-expulsados","status":"publish","type":"post","link":"https:\/\/radiorevelacionfm.cl\/?p=31076","title":{"rendered":"Diputado Calisto presenta proyecto que tipifica como delito el ingreso al pa\u00eds de migrantes que ya hab\u00edan sido expulsados"},"content":{"rendered":"<div class=\"flex_column av_one_full  flex_column_div av-zero-column-padding first  avia-builder-el-0  el_before_av_one_full  avia-builder-el-first  \" style='border-radius:0px; '><div  class='avia-image-container  av-styling-    avia-builder-el-1  avia-builder-el-no-sibling  avia-align-center '  itemprop=\"image\" itemscope=\"itemscope\" itemtype=\"https:\/\/schema.org\/ImageObject\"  ><div class='avia-image-container-inner'><div class='avia-image-overlay-wrap'><img decoding=\"async\" class='wp-image-31078 avia-img-lazy-loading-not-31078 avia_image' src=\"https:\/\/radiorevelacionfm.cl\/wp-content\/uploads\/2023\/05\/Calisto-migrantes1-1-2-1.jpg\" alt='' title='Calisto-migrantes1 (1) (2) (1)' height=\"600\" width=\"1052\"  itemprop=\"thumbnailUrl\" srcset=\"https:\/\/radiorevelacionfm.cl\/wp-content\/uploads\/2023\/05\/Calisto-migrantes1-1-2-1.jpg 1052w, https:\/\/radiorevelacionfm.cl\/wp-content\/uploads\/2023\/05\/Calisto-migrantes1-1-2-1-300x171.jpg 300w, https:\/\/radiorevelacionfm.cl\/wp-content\/uploads\/2023\/05\/Calisto-migrantes1-1-2-1-1030x587.jpg 1030w, https:\/\/radiorevelacionfm.cl\/wp-content\/uploads\/2023\/05\/Calisto-migrantes1-1-2-1-768x438.jpg 768w, https:\/\/radiorevelacionfm.cl\/wp-content\/uploads\/2023\/05\/Calisto-migrantes1-1-2-1-705x402.jpg 705w, https:\/\/radiorevelacionfm.cl\/wp-content\/uploads\/2023\/05\/Calisto-migrantes1-1-2-1-450x257.jpg 450w, https:\/\/radiorevelacionfm.cl\/wp-content\/uploads\/2023\/05\/Calisto-migrantes1-1-2-1-600x342.jpg 600w\" sizes=\"(max-width: 1052px) 100vw, 1052px\" \/><\/div><\/div><\/div><\/div><div class=\"flex_column av_one_full  flex_column_div av-zero-column-padding first  avia-builder-el-2  el_after_av_one_full  el_before_av_one_full  column-top-margin\" style='border-radius:0px; '><section class=\"av_textblock_section \"  itemscope=\"itemscope\" itemtype=\"https:\/\/schema.org\/BlogPosting\" itemprop=\"blogPost\" ><div class='avia_textblock  '   itemprop=\"text\" ><p style=\"text-align: center;\"><span style=\"font-size: 18pt;\"><b>Diputado Calisto presenta proyecto que tipifica como delito el ingreso al pa\u00eds de migrantes que ya hab\u00edan sido expulsados\u00a0<\/b><\/span><\/p>\n<div id=\"gtx-trans\" style=\"position: absolute; left: -50px; top: 4.31534px;\">\n<div class=\"gtx-trans-icon\"><\/div>\n<\/div>\n<\/div><\/section><\/div><div class=\"flex_column av_one_full  flex_column_div av-zero-column-padding first  avia-builder-el-4  el_after_av_one_full  el_before_av_hr  column-top-margin\" style='border-radius:0px; '><section class=\"av_textblock_section \"  itemscope=\"itemscope\" itemtype=\"https:\/\/schema.org\/BlogPosting\" itemprop=\"blogPost\" ><div class='avia_textblock  '   itemprop=\"text\" ><p style=\"font-weight: 400; text-align: justify;\">El diputado independiente, Miguel \u00c1ngel Calisto, present\u00f3 un proyecto que aumenta las sanciones en el caso de los migrantes que han sido expulsados del pa\u00eds y vuelven a ser sorprendidos en territorio nacional. La iniciativa establece penas que pueden llegar hasta los cinco a\u00f1os de presidio y la prohibici\u00f3n de reingresar por 25 a\u00f1os.<\/p>\n<p style=\"font-weight: 400; text-align: justify;\">El texto modifica la Ley N\u00b0 21.325 de Migraci\u00f3n y Extranjer\u00eda con el prop\u00f3sito de establecer sanciones m\u00e1s severas ante el incumplimiento de las medidas de expulsi\u00f3n dictadas por autoridad, con el fin de desincentivar el ingreso por pasos no habilitados realizados por personas previamente condenadas a Chile.<\/p>\n<p style=\"font-weight: 400; text-align: justify;\">El texto, de art\u00edculo \u00fanico, se\u00f1ala \u201cel ciudadano extranjero que haga ingreso al pa\u00eds en cualquiera de las hip\u00f3tesis del numeral 3 del Art\u00edculo 32 y que pese sobre \u00e9l la medida de prohibici\u00f3n de ingreso al pa\u00eds establecidas en el art\u00edculo precedente, por hacer ingreso irregular al pa\u00eds por alguna de las hip\u00f3tesis de expulsi\u00f3n se\u00f1aladas en el Art\u00edculo 132, ser\u00e1 sancionado con la pena de presidio menor en sus grados medio a m\u00e1ximo y la accesoria de prohibici\u00f3n de ingreso al pa\u00eds por un periodo de hasta 25 a\u00f1os, a los cuales se descontar\u00e1 el tiempo efectivamente privado de libertad en nuestro pa\u00eds\u201d.<\/p>\n<p style=\"font-weight: 400; text-align: justify;\">Seg\u00fan el diputado Miguel \u00c1ngel Calisto, \u201chan habido situaciones en que migrantes que han sido expulsados del pa\u00eds, vuelven a ingresar. Lo que ocurre en esos casos es que nuevamente se inicia el proceso de expulsi\u00f3n, pero muchos de ellos cometen delitos durante este periodo. Por eso es fundamental que se tipifique el delito de reincidencia de aquellos que ingresan de manera irregular\u201d.<\/p>\n<p style=\"font-weight: 400; text-align: justify;\">Calisto agreg\u00f3 que \u201clo que nosotros hoy en d\u00eda garantizamos es que ese migrante inmediatamente se someta a un proceso donde arriesga hasta cinco a\u00f1os de c\u00e1rcel. Luego se tramita la expulsi\u00f3n y la prohibici\u00f3n de ingreso al pa\u00eds por 25 a\u00f1os\u201d.<\/p>\n<p style=\"text-align: justify;\"><span style=\"font-weight: 400;\">Finalmente, el legislador se\u00f1al\u00f3 que \u201ceste proyecto busca tipificar la reincidencia de aquellos migrantes que ingresan de manera irregular del pa\u00eds, estableciendo penas de hasta cinco a\u00f1os de c\u00e1rcel. Si hoy un migrante que fue expulsado vuelve a ingresar, hoy podr\u00eda nuevamente cometer un delito mientras se tramita nuevamente su expulsi\u00f3n. Eso lo queremos evitar\u201d.\u00a0<\/span><\/p>\n<\/div><\/section><\/div><div  style='height:50px' class='hr hr-invisible   avia-builder-el-6  el_after_av_one_full  el_before_av_social_share '><span class='hr-inner ' ><span class='hr-inner-style'><\/span><\/span><\/div><\/p>\n<div  class='av-social-sharing-box  avia-builder-el-7  el_after_av_hr  el_before_av_hr  '><div class='av-share-box'><h5 class='av-share-link-description av-no-toc '>Compartir esta noticia<\/h5><ul class='av-share-box-list noLightbox'><li class='av-share-link av-social-link-facebook' ><a target=\"_blank\" aria-label=\"Compartir en Facebook\" href='https:\/\/www.facebook.com\/sharer.php?u=https:\/\/radiorevelacionfm.cl\/?p=31076&#038;t=Diputado%20Calisto%20presenta%20proyecto%20que%20tipifica%20como%20delito%20el%20ingreso%20al%20pa%C3%ADs%20de%20migrantes%20que%20ya%20hab%C3%ADan%20sido%20expulsados' aria-hidden='false' data-av_icon='\ue8f3' data-av_iconfont='entypo-fontello' title='' data-avia-related-tooltip='Compartir en Facebook' rel=\"noopener\"><span class='avia_hidden_link_text'>Compartir en Facebook<\/span><\/a><\/li><li class='av-share-link av-social-link-twitter' ><a target=\"_blank\" aria-label=\"Compartir en Twitter\" href='https:\/\/twitter.com\/share?text=Diputado%20Calisto%20presenta%20proyecto%20que%20tipifica%20como%20delito%20el%20ingreso%20al%20pa%C3%ADs%20de%20migrantes%20que%20ya%20hab%C3%ADan%20sido%20expulsados&#038;url=https:\/\/radiorevelacionfm.cl\/?p=31076' aria-hidden='false' data-av_icon='\ue8f1' data-av_iconfont='entypo-fontello' title='' data-avia-related-tooltip='Compartir en Twitter' rel=\"noopener\"><span class='avia_hidden_link_text'>Compartir en Twitter<\/span><\/a><\/li><li class='av-share-link av-social-link-whatsapp' ><a target=\"_blank\" aria-label=\"Compartir en Whatsapp\" href='https:\/\/api.whatsapp.com\/send?text=https:\/\/radiorevelacionfm.cl\/?p=31076' aria-hidden='false' data-av_icon='\uf232' data-av_iconfont='entypo-fontello' title='' data-avia-related-tooltip='Compartir en Whatsapp' rel=\"noopener\"><span class='avia_hidden_link_text'>Compartir en Whatsapp<\/span><\/a><\/li><li class='av-share-link av-social-link-linkedin' ><a target=\"_blank\" aria-label=\"Compartir en LinkedIn\" href='https:\/\/linkedin.com\/shareArticle?mini=true&#038;title=Diputado%20Calisto%20presenta%20proyecto%20que%20tipifica%20como%20delito%20el%20ingreso%20al%20pa%C3%ADs%20de%20migrantes%20que%20ya%20hab%C3%ADan%20sido%20expulsados&#038;url=https:\/\/radiorevelacionfm.cl\/?p=31076' aria-hidden='false' data-av_icon='\ue8fc' data-av_iconfont='entypo-fontello' title='' data-avia-related-tooltip='Compartir en LinkedIn' rel=\"noopener\"><span class='avia_hidden_link_text'>Compartir en LinkedIn<\/span><\/a><\/li><li class='av-share-link av-social-link-mail' ><a  aria-label=\"Compartir por correo\" href='mailto:?subject=Diputado%20Calisto%20presenta%20proyecto%20que%20tipifica%20como%20delito%20el%20ingreso%20al%20pa%C3%ADs%20de%20migrantes%20que%20ya%20hab%C3%ADan%20sido%20expulsados&#038;body=https:\/\/radiorevelacionfm.cl\/?p=31076' aria-hidden='false' data-av_icon='\ue805' data-av_iconfont='entypo-fontello' title='' data-avia-related-tooltip='Compartir por correo'><span class='avia_hidden_link_text'>Compartir por correo<\/span><\/a><\/li><\/ul><\/div><\/div>\n<div  style='height:50px' class='hr hr-invisible   avia-builder-el-8  el_after_av_social_share  el_before_av_comments_list '><span class='hr-inner ' ><span class='hr-inner-style'><\/span><\/span><\/div>\n<div  class='av-buildercomment  av-blog-meta-html-info-disabled av-blog-meta-tag-disabled  '><\/div>\n","protected":false},"excerpt":{"rendered":"","protected":false},"author":1,"featured_media":31078,"comment_status":"open","ping_status":"open","sticky":false,"template":"","format":"standard","meta":{"footnotes":""},"categories":[35],"tags":[],"class_list":["post-31076","post","type-post","status-publish","format-standard","has-post-thumbnail","hentry","category-politica"],"jetpack_featured_media_url":"https:\/\/radiorevelacionfm.cl\/wp-content\/uploads\/2023\/05\/Calisto-migrantes1-1-2-1.jpg","_links":{"self":[{"href":"https:\/\/radiorevelacionfm.cl\/index.php?rest_route=\/wp\/v2\/posts\/31076","targetHints":{"allow":["GET"]}}],"collection":[{"href":"https:\/\/radiorevelacionfm.cl\/index.php?rest_route=\/wp\/v2\/posts"}],"about":[{"href":"https:\/\/radiorevelacionfm.cl\/index.php?rest_route=\/wp\/v2\/types\/post"}],"author":[{"embeddable":true,"href":"https:\/\/radiorevelacionfm.cl\/index.php?rest_route=\/wp\/v2\/users\/1"}],"replies":[{"embeddable":true,"href":"https:\/\/radiorevelacionfm.cl\/index.php?rest_route=%2Fwp%2Fv2%2Fcomments&post=31076"}],"version-history":[{"count":1,"href":"https:\/\/radiorevelacionfm.cl\/index.php?rest_route=\/wp\/v2\/posts\/31076\/revisions"}],"predecessor-version":[{"id":31079,"href":"https:\/\/radiorevelacionfm.cl\/index.php?rest_route=\/wp\/v2\/posts\/31076\/revisions\/31079"}],"wp:featuredmedia":[{"embeddable":true,"href":"https:\/\/radiorevelacionfm.cl\/index.php?rest_route=\/wp\/v2\/media\/31078"}],"wp:attachment":[{"href":"https:\/\/radiorevelacionfm.cl\/index.php?rest_route=%2Fwp%2Fv2%2Fmedia&parent=31076"}],"wp:term":[{"taxonomy":"category","embeddable":true,"href":"https:\/\/radiorevelacionfm.cl\/index.php?rest_route=%2Fwp%2Fv2%2Fcategories&post=31076"},{"taxonomy":"post_tag","embeddable":true,"href":"https:\/\/radiorevelacionfm.cl\/index.php?rest_route=%2Fwp%2Fv2%2Ftags&post=31076"}],"curies":[{"name":"wp","href":"https:\/\/api.w.org\/{rel}","templated":true}]}}