{"id":31072,"date":"2023-05-17T10:53:16","date_gmt":"2023-05-17T13:53:16","guid":{"rendered":"https:\/\/radiorevelacionfm.cl\/?p=31072"},"modified":"2023-05-17T10:53:16","modified_gmt":"2023-05-17T13:53:16","slug":"delegado-rodrigo-araya-resalta-avances-en-equidad-territorial-y-descentralizacion-fiscal-con-royalty-minero","status":"publish","type":"post","link":"https:\/\/radiorevelacionfm.cl\/?p=31072","title":{"rendered":"Delegado Rodrigo Araya resalta avances en equidad territorial y descentralizaci\u00f3n fiscal con Royalty Minero"},"content":{"rendered":"<div class=\"flex_column av_one_full  flex_column_div av-zero-column-padding first  avia-builder-el-0  el_before_av_one_full  avia-builder-el-first  \" style='border-radius:0px; '><div  class='avia-image-container  av-styling-    avia-builder-el-1  avia-builder-el-no-sibling  avia-align-center '  itemprop=\"image\" itemscope=\"itemscope\" itemtype=\"https:\/\/schema.org\/ImageObject\"  ><div class='avia-image-container-inner'><div class='avia-image-overlay-wrap'><img decoding=\"async\" class='wp-image-31073 avia-img-lazy-loading-not-31073 avia_image' src=\"https:\/\/radiorevelacionfm.cl\/wp-content\/uploads\/2023\/05\/royalty-minero-1_optimized-1.jpg\" alt='' title='royalty-minero-(1)_optimized (1)' height=\"600\" width=\"1603\"  itemprop=\"thumbnailUrl\" srcset=\"https:\/\/radiorevelacionfm.cl\/wp-content\/uploads\/2023\/05\/royalty-minero-1_optimized-1.jpg 1603w, https:\/\/radiorevelacionfm.cl\/wp-content\/uploads\/2023\/05\/royalty-minero-1_optimized-1-300x112.jpg 300w, https:\/\/radiorevelacionfm.cl\/wp-content\/uploads\/2023\/05\/royalty-minero-1_optimized-1-1030x386.jpg 1030w, https:\/\/radiorevelacionfm.cl\/wp-content\/uploads\/2023\/05\/royalty-minero-1_optimized-1-768x287.jpg 768w, https:\/\/radiorevelacionfm.cl\/wp-content\/uploads\/2023\/05\/royalty-minero-1_optimized-1-1536x575.jpg 1536w, https:\/\/radiorevelacionfm.cl\/wp-content\/uploads\/2023\/05\/royalty-minero-1_optimized-1-1500x561.jpg 1500w, https:\/\/radiorevelacionfm.cl\/wp-content\/uploads\/2023\/05\/royalty-minero-1_optimized-1-705x264.jpg 705w, https:\/\/radiorevelacionfm.cl\/wp-content\/uploads\/2023\/05\/royalty-minero-1_optimized-1-450x168.jpg 450w, https:\/\/radiorevelacionfm.cl\/wp-content\/uploads\/2023\/05\/royalty-minero-1_optimized-1-600x225.jpg 600w\" sizes=\"(max-width: 1603px) 100vw, 1603px\" \/><\/div><\/div><\/div><\/div><div class=\"flex_column av_one_full  flex_column_div av-zero-column-padding first  avia-builder-el-2  el_after_av_one_full  el_before_av_one_full  column-top-margin\" style='border-radius:0px; '><section class=\"av_textblock_section \"  itemscope=\"itemscope\" itemtype=\"https:\/\/schema.org\/BlogPosting\" itemprop=\"blogPost\" ><div class='avia_textblock  '   itemprop=\"text\" ><p style=\"text-align: center;\"><strong><span style=\"font-size: 18pt;\">Delegado Rodrigo Araya resalta avances en equidad territorial y descentralizaci\u00f3n fiscal con Royalty Minero<\/span><\/strong><\/p>\n<div id=\"gtx-trans\" style=\"position: absolute; left: -50px; top: 4.31534px;\">\n<div class=\"gtx-trans-icon\"><\/div>\n<\/div>\n<\/div><\/section><\/div><div class=\"flex_column av_one_full  flex_column_div av-zero-column-padding first  avia-builder-el-4  el_after_av_one_full  el_before_av_hr  column-top-margin\" style='border-radius:0px; '><section class=\"av_textblock_section \"  itemscope=\"itemscope\" itemtype=\"https:\/\/schema.org\/BlogPosting\" itemprop=\"blogPost\" ><div class='avia_textblock  '   itemprop=\"text\" ><p style=\"font-weight: 400; text-align: justify;\">El Proyecto de Ley de Royalty a la Gran Miner\u00eda, que busca cambiar la tributaci\u00f3n de la gran miner\u00eda del cobre, pas\u00f3 a tercer tr\u00e1mite a la C\u00e1mara de Diputadas y Diputados, tras su aprobaci\u00f3n en el Senado. En palabras del ministro de Hacienda, Mario Marcel, los ingresos regionales aumentar\u00e1n en cerca de un 20% en total, sumado a un 70% en relaci\u00f3n con lo que son sus ingresos propios. Este aporte a las regiones y comunas del pa\u00eds son adicionales a los actuales y se extienden por diez a\u00f1os, asegurando un flujo constante y predecible de recursos, permitiendo la planificaci\u00f3n de compromisos de gastos.<\/p>\n<p style=\"font-weight: 400; text-align: justify;\">El delegado presidencial regional, Rodrigo Araya, se mostr\u00f3 satisfecho por el buen resultado que el proyecto obtuvo en el Senado, donde tuvo una amplia mayor\u00eda, destacando la votaci\u00f3n a favor que obtuvo por los senadores por la regi\u00f3n, Ximena \u00d3rdenes, y David Sandoval.<\/p>\n<p style=\"font-weight: 400; text-align: justify;\">\u201cEste proyecto del Royalty Minero se enmarca tambi\u00e9n en una estrategia que nuestro gobierno est\u00e1 impulsando para justamente hacer llegar al Estado mayores recursos. Ya tuvimos un primer tr\u00e1mite con la idea de legislar la reforma tributaria, el Royalty Minero es la segunda y la Ley de Rentas Regionales, que prontamente tambi\u00e9n se van a incorporar al Parlamento, es la tercera estrategia\u201d, adelant\u00f3.<\/p>\n<p style=\"font-weight: 400; text-align: justify;\">Respecto de los beneficios de esta reforma, sostuvo que \u201ccomprendemos que el Royalty Minero es un derecho que tenemos como ciudadanos de este pa\u00eds a recibir una compensaci\u00f3n por la explotaci\u00f3n de un recurso que est\u00e1 en el subsuelo y es propiedad de todos los chilenos. De ah\u00ed que sea tremendamente justo. Por otro lado, la gran mayor\u00eda de los pa\u00edses donde se explota la miner\u00eda, tambi\u00e9n consideran este Royalty como un mecanismo tributario para compensar a los ciudadanos. En particular, las diez comunas en nuestra regi\u00f3n se beneficiar\u00edan con los recursos\u201d.<\/p>\n<p style=\"font-weight: 400; text-align: justify;\">Por su parte, el seremi de Miner\u00eda, Hans Zimmermann, detall\u00f3 el objetivo de este proyecto, asegurando que el inter\u00e9s est\u00e1 puesto en avanzar a una mayor equidad territorial. \u201cEl proyecto de Ley del Royalty a la Gran Miner\u00eda busca aumentar la carga tributaria de aquellas empresas cuyas ganancias provienen en un 50% de la venta de cobre. De esta manera, el Estado podr\u00e1 aumentar su participaci\u00f3n en las rentas originadas en esta industria, distribuyendo de mejor manera estas utilidades a lo largo de todas las regiones, avanzando en una mayor equidad territorial\u201d, sostuvo el secretario de la cartera de miner\u00eda en la regi\u00f3n.<\/p>\n<p style=\"font-weight: 400; text-align: justify;\">Guillermo Mart\u00ednez, jefe de Unidad Regional de la Subsecretar\u00eda de Desarrollo Regional y Administrativo (Subdere), habl\u00f3 sobre el financiamiento que permitir\u00eda este avance legislativo, se\u00f1alando que no solo ser\u00eda una inyecci\u00f3n de recursos al emprendimiento, sino tambi\u00e9n a otros proyectos que est\u00e9n en l\u00ednea con el desarrollo de investigaciones. \u201cEsta ley del Royalty va a permitir tres l\u00edneas de financiamiento, dos de ellas van a ser para la regi\u00f3n y una para el Gobierno Regional, permitiendo que podamos financiar emprendimientos y otros proyectos que sean para desarrollo de la investigaci\u00f3n. Otro porcentaje ser\u00e1 destinado para las comunas, distribuyendo de forma equitativa -los recursos- a las diez comunas de la regi\u00f3n y ellas van a poder definir en qu\u00e9 van a ir destinado sus recursos\u201d, asegur\u00f3 el jefe de la Unidad Regional en Ays\u00e9n.<\/p>\n<p style=\"font-weight: 400; text-align: justify;\">El proyecto presenta tres ejes, un Fondo Regional para la Productividad y el Desarrollo, que beneficiar\u00eda a los Gobiernos Regionales, un Fondo de Apoyo para la Equidad Territorial, a favor de las comunas m\u00e1s vulnerables y que presentan una mayor dependencia al Fondo Com\u00fan Municipal (FCM) y un Fondo Comunas Mineras, para aquellos municipios que mantengan dentro de sus territorios faenas relacionadas directamente con la actividad minera. En el caso de la regi\u00f3n de Ays\u00e9n, se distribuir\u00edan $10.919 millones, beneficiando tanto al Gobierno Regional, como a todas las comunas.<\/p>\n<\/div><\/section><\/div><div  style='height:50px' class='hr hr-invisible   avia-builder-el-6  el_after_av_one_full  el_before_av_social_share '><span class='hr-inner ' ><span class='hr-inner-style'><\/span><\/span><\/div><\/p>\n<div  class='av-social-sharing-box  avia-builder-el-7  el_after_av_hr  el_before_av_hr  '><div class='av-share-box'><h5 class='av-share-link-description av-no-toc '>Compartir esta noticia<\/h5><ul class='av-share-box-list noLightbox'><li class='av-share-link av-social-link-facebook' ><a target=\"_blank\" aria-label=\"Compartir en Facebook\" href='https:\/\/www.facebook.com\/sharer.php?u=https:\/\/radiorevelacionfm.cl\/?p=31072&#038;t=Delegado%20Rodrigo%20Araya%20resalta%20avances%20en%20equidad%20territorial%20y%20descentralizaci%C3%B3n%20fiscal%20con%20Royalty%20Minero' aria-hidden='false' data-av_icon='\ue8f3' data-av_iconfont='entypo-fontello' title='' data-avia-related-tooltip='Compartir en Facebook' rel=\"noopener\"><span class='avia_hidden_link_text'>Compartir en Facebook<\/span><\/a><\/li><li class='av-share-link av-social-link-twitter' ><a target=\"_blank\" aria-label=\"Compartir en Twitter\" href='https:\/\/twitter.com\/share?text=Delegado%20Rodrigo%20Araya%20resalta%20avances%20en%20equidad%20territorial%20y%20descentralizaci%C3%B3n%20fiscal%20con%20Royalty%20Minero&#038;url=https:\/\/radiorevelacionfm.cl\/?p=31072' aria-hidden='false' data-av_icon='\ue8f1' data-av_iconfont='entypo-fontello' title='' data-avia-related-tooltip='Compartir en Twitter' rel=\"noopener\"><span class='avia_hidden_link_text'>Compartir en Twitter<\/span><\/a><\/li><li class='av-share-link av-social-link-whatsapp' ><a target=\"_blank\" aria-label=\"Compartir en Whatsapp\" href='https:\/\/api.whatsapp.com\/send?text=https:\/\/radiorevelacionfm.cl\/?p=31072' aria-hidden='false' data-av_icon='\uf232' data-av_iconfont='entypo-fontello' title='' data-avia-related-tooltip='Compartir en Whatsapp' rel=\"noopener\"><span class='avia_hidden_link_text'>Compartir en Whatsapp<\/span><\/a><\/li><li class='av-share-link av-social-link-linkedin' ><a target=\"_blank\" aria-label=\"Compartir en LinkedIn\" href='https:\/\/linkedin.com\/shareArticle?mini=true&#038;title=Delegado%20Rodrigo%20Araya%20resalta%20avances%20en%20equidad%20territorial%20y%20descentralizaci%C3%B3n%20fiscal%20con%20Royalty%20Minero&#038;url=https:\/\/radiorevelacionfm.cl\/?p=31072' aria-hidden='false' data-av_icon='\ue8fc' data-av_iconfont='entypo-fontello' title='' data-avia-related-tooltip='Compartir en LinkedIn' rel=\"noopener\"><span class='avia_hidden_link_text'>Compartir en LinkedIn<\/span><\/a><\/li><li class='av-share-link av-social-link-mail' ><a  aria-label=\"Compartir por correo\" href='mailto:?subject=Delegado%20Rodrigo%20Araya%20resalta%20avances%20en%20equidad%20territorial%20y%20descentralizaci%C3%B3n%20fiscal%20con%20Royalty%20Minero&#038;body=https:\/\/radiorevelacionfm.cl\/?p=31072' aria-hidden='false' data-av_icon='\ue805' data-av_iconfont='entypo-fontello' title='' data-avia-related-tooltip='Compartir por correo'><span class='avia_hidden_link_text'>Compartir por correo<\/span><\/a><\/li><\/ul><\/div><\/div>\n<div  style='height:50px' class='hr hr-invisible   avia-builder-el-8  el_after_av_social_share  el_before_av_comments_list '><span class='hr-inner ' ><span class='hr-inner-style'><\/span><\/span><\/div>\n<div  class='av-buildercomment  av-blog-meta-html-info-disabled av-blog-meta-tag-disabled  '><\/div>\n","protected":false},"excerpt":{"rendered":"","protected":false},"author":1,"featured_media":31073,"comment_status":"open","ping_status":"open","sticky":false,"template":"","format":"standard","meta":{"footnotes":""},"categories":[38],"tags":[],"class_list":["post-31072","post","type-post","status-publish","format-standard","has-post-thumbnail","hentry","category-regional"],"jetpack_featured_media_url":"https:\/\/radiorevelacionfm.cl\/wp-content\/uploads\/2023\/05\/royalty-minero-1_optimized-1.jpg","_links":{"self":[{"href":"https:\/\/radiorevelacionfm.cl\/index.php?rest_route=\/wp\/v2\/posts\/31072","targetHints":{"allow":["GET"]}}],"collection":[{"href":"https:\/\/radiorevelacionfm.cl\/index.php?rest_route=\/wp\/v2\/posts"}],"about":[{"href":"https:\/\/radiorevelacionfm.cl\/index.php?rest_route=\/wp\/v2\/types\/post"}],"author":[{"embeddable":true,"href":"https:\/\/radiorevelacionfm.cl\/index.php?rest_route=\/wp\/v2\/users\/1"}],"replies":[{"embeddable":true,"href":"https:\/\/radiorevelacionfm.cl\/index.php?rest_route=%2Fwp%2Fv2%2Fcomments&post=31072"}],"version-history":[{"count":1,"href":"https:\/\/radiorevelacionfm.cl\/index.php?rest_route=\/wp\/v2\/posts\/31072\/revisions"}],"predecessor-version":[{"id":31074,"href":"https:\/\/radiorevelacionfm.cl\/index.php?rest_route=\/wp\/v2\/posts\/31072\/revisions\/31074"}],"wp:featuredmedia":[{"embeddable":true,"href":"https:\/\/radiorevelacionfm.cl\/index.php?rest_route=\/wp\/v2\/media\/31073"}],"wp:attachment":[{"href":"https:\/\/radiorevelacionfm.cl\/index.php?rest_route=%2Fwp%2Fv2%2Fmedia&parent=31072"}],"wp:term":[{"taxonomy":"category","embeddable":true,"href":"https:\/\/radiorevelacionfm.cl\/index.php?rest_route=%2Fwp%2Fv2%2Fcategories&post=31072"},{"taxonomy":"post_tag","embeddable":true,"href":"https:\/\/radiorevelacionfm.cl\/index.php?rest_route=%2Fwp%2Fv2%2Ftags&post=31072"}],"curies":[{"name":"wp","href":"https:\/\/api.w.org\/{rel}","templated":true}]}}