{"id":31064,"date":"2023-05-17T11:14:05","date_gmt":"2023-05-17T14:14:05","guid":{"rendered":"https:\/\/radiorevelacionfm.cl\/?p=31064"},"modified":"2023-05-20T13:01:08","modified_gmt":"2023-05-20T16:01:08","slug":"edelaysen-reforzo-equipos-en-terreno-para-la-temporada-invernal","status":"publish","type":"post","link":"https:\/\/radiorevelacionfm.cl\/?p=31064","title":{"rendered":"Edelaysen reforz\u00f3 equipos en terreno para la temporada invernal"},"content":{"rendered":"<div class=\"flex_column av_one_full  flex_column_div av-zero-column-padding first  avia-builder-el-0  el_before_av_one_full  avia-builder-el-first  \" style='border-radius:0px; '><div  class='avia-image-container  av-styling-    avia-builder-el-1  avia-builder-el-no-sibling  avia-align-center '  itemprop=\"image\" itemscope=\"itemscope\" itemtype=\"https:\/\/schema.org\/ImageObject\"  ><div class='avia-image-container-inner'><div class='avia-image-overlay-wrap'><img decoding=\"async\" class='wp-image-31220 avia-img-lazy-loading-not-31220 avia_image' src=\"https:\/\/radiorevelacionfm.cl\/wp-content\/uploads\/2023\/05\/2-8-1-1.jpg\" alt='' title='2-8-1 (1)' height=\"600\" width=\"808\"  itemprop=\"thumbnailUrl\" srcset=\"https:\/\/radiorevelacionfm.cl\/wp-content\/uploads\/2023\/05\/2-8-1-1.jpg 808w, https:\/\/radiorevelacionfm.cl\/wp-content\/uploads\/2023\/05\/2-8-1-1-300x223.jpg 300w, https:\/\/radiorevelacionfm.cl\/wp-content\/uploads\/2023\/05\/2-8-1-1-768x570.jpg 768w, https:\/\/radiorevelacionfm.cl\/wp-content\/uploads\/2023\/05\/2-8-1-1-705x524.jpg 705w, https:\/\/radiorevelacionfm.cl\/wp-content\/uploads\/2023\/05\/2-8-1-1-450x334.jpg 450w, https:\/\/radiorevelacionfm.cl\/wp-content\/uploads\/2023\/05\/2-8-1-1-600x446.jpg 600w\" sizes=\"(max-width: 808px) 100vw, 808px\" \/><\/div><\/div><\/div><\/div><div class=\"flex_column av_one_full  flex_column_div av-zero-column-padding first  avia-builder-el-2  el_after_av_one_full  el_before_av_one_full  column-top-margin\" style='border-radius:0px; '><section class=\"av_textblock_section \"  itemscope=\"itemscope\" itemtype=\"https:\/\/schema.org\/BlogPosting\" itemprop=\"blogPost\" ><div class='avia_textblock  '   itemprop=\"text\" ><p style=\"text-align: center;\"><span style=\"font-size: 18pt;\"><strong>Edelaysen reforz\u00f3 equipos en terreno para la temporada invernal<\/strong><\/span><\/p>\n<div id=\"gtx-trans\" style=\"position: absolute; left: -50px; top: 4.31534px;\">\n<div class=\"gtx-trans-icon\"><\/div>\n<\/div>\n<\/div><\/section><\/div><\/p>\n<div class=\"flex_column av_one_full  flex_column_div av-zero-column-padding first  avia-builder-el-4  el_after_av_one_full  el_before_av_hr  column-top-margin\" style='border-radius:0px; '><section class=\"av_textblock_section \"  itemscope=\"itemscope\" itemtype=\"https:\/\/schema.org\/BlogPosting\" itemprop=\"blogPost\" ><div class='avia_textblock  '   itemprop=\"text\" ><p style=\"text-align: justify;\">Ante del inicio del invierno -la \u00e9poca m\u00e1s desafiante para la continuidad del servicio el\u00e9ctrico por los temporales de viento y lluvia en el sur de Chile- Edelaysen se ha preparado para enfrentarlo de la mejor manera posible. La el\u00e9ctrica realiz\u00f3 mantenimiento de sus redes para mejorar la capacidad de respuesta del sistema de distribuci\u00f3n y alcanzar la continuidad de servicio esperada por sus clientes y el regulador.<\/p>\n<p style=\"text-align: justify;\">En el a\u00f1o 2022, gracias a las inversiones y planes de mantenimiento de la red, adem\u00e1s de la gesti\u00f3n tecnol\u00f3gica y de equipos en terreno desde los centros de control, Edelaysen logr\u00f3 una recuperaci\u00f3n del servicio en promedio del 87% de los clientes en el primer d\u00eda de emergencia clim\u00e1tica.<\/p>\n<p style=\"text-align: justify;\">\u201cEn los \u00faltimos cuatro a\u00f1os hemos aumentado de 26 a 32 brigadas de operaciones para atenci\u00f3n de cortes de energ\u00eda, y control de vegetaci\u00f3n, lo que nos ha permitido acelerar la reposici\u00f3n en contingencia en toda nuestra zona de operaci\u00f3n, desde Chait\u00e9n hasta Villa O\u2019Higgins\u201d, explic\u00f3 el jefe de Servicio al Cliente de Edelaysen, Patricio Raimilla.<\/p>\n<p style=\"text-align: justify;\">En 2017 las distribuidoras del Grupo Saesa presentaban mayor cantidad de horas sin servicio para sus clientes, lo que comparado con 2022, ha mejorado sustancialmente:\u00a0 Edelaysen pas\u00f3 de 34.4 a 12.66 horas, esto dado el robusto plan de inversi\u00f3n, mantenimiento y gesti\u00f3n operacional implementado.<\/p>\n<p style=\"text-align: justify;\">\u201cCada a\u00f1o los inviernos son m\u00e1s dif\u00edciles debido al cambio clim\u00e1tico y la intensidad de los temporales, por lo que hemos trabajado en robustecer t\u00e9cnicamente el sistema de distribuci\u00f3n. Por eso, el Plan Invierno y espec\u00edficamente el Plan de Emergencia Clim\u00e1tica (PEC) gestionan una reorganizaci\u00f3n interna de la empresa, donde los roles de cada colaborador cambian y ocupan puestos de apoyo a la emergencia, de manera de contribuir a la atenci\u00f3n de clientes sin suministro y acelerar la reparaci\u00f3n de da\u00f1os y reposici\u00f3n del servicio el\u00e9ctrico\u201d, detall\u00f3 el ejecutivo.<\/p>\n<p style=\"text-align: justify;\">Desde la el\u00e9ctrica agregaron que han implementado canales digitales donde los clientes pueden reportar cortes de energ\u00eda:\u00a0 a trav\u00e9s del bot\u00f3n estoy sin luz que est\u00e1 en la web y APP; adem\u00e1s cuenta con un mapa de desconexiones, donde los usuarios podr\u00e1n ver si est\u00e1n afectos a un corte con solo escribir su n\u00famero de cliente, as\u00ed como acceder a informaci\u00f3n respecto del horario estimado de reposici\u00f3n.<\/p>\n<p style=\"text-align: justify;\">\u201cLos invitamos a descargar la aplicaci\u00f3n donde tambi\u00e9n podr\u00e1n informarse sobre su servicio gracias a las notificaciones que llegan directamente al tel\u00e9fono\u201d, indic\u00f3 Patricio Raimilla, ejecutivo de Edelaysen.<\/p>\n<p style=\"text-align: justify;\">Finalmente, desde Edelaysen recordaron que ante cualquier emergencia est\u00e1n disponibles sus canales de contacto:<\/p>\n<p style=\"text-align: justify;\"><strong>Bot\u00f3n estoy sin luz en la web: <\/strong><a href=\"https:\/\/web.gruposaesa.cl\/web\/edelaysen\">https:\/\/web.gruposaesa.cl\/web\/edelaysen<\/a><\/p>\n<p style=\"text-align: justify;\"><strong><u>Mapa de desconexiones <\/u><\/strong><\/p>\n<p style=\"text-align: justify;\"><strong><u>App edelaysen<\/u><\/strong><\/p>\n<p style=\"text-align: justify;\"><strong>Twitter: @Edelaysen<\/strong><\/p>\n<p style=\"text-align: justify;\"><strong>Fan Page de Facebook: Edelaysen<\/strong><\/p>\n<p style=\"text-align: justify;\"><strong>Oficina Virtual<\/strong><\/p>\n<p style=\"text-align: justify;\"><strong>L\u00ednea gratuita 800 600 803<\/strong><\/p>\n<\/div><\/section><\/div>\n<div  style='height:50px' class='hr hr-invisible   avia-builder-el-6  el_after_av_one_full  el_before_av_social_share '><span class='hr-inner ' ><span class='hr-inner-style'><\/span><\/span><\/div>\n<div  class='av-social-sharing-box  avia-builder-el-7  el_after_av_hr  el_before_av_hr  '><div class='av-share-box'><h5 class='av-share-link-description av-no-toc '>Compartir esta noticia<\/h5><ul class='av-share-box-list noLightbox'><li class='av-share-link av-social-link-facebook' ><a target=\"_blank\" aria-label=\"Compartir en Facebook\" href='https:\/\/www.facebook.com\/sharer.php?u=https:\/\/radiorevelacionfm.cl\/?p=31064&#038;t=Edelaysen%20reforz%C3%B3%20equipos%20en%20terreno%20para%20la%20temporada%20invernal' aria-hidden='false' data-av_icon='\ue8f3' data-av_iconfont='entypo-fontello' title='' data-avia-related-tooltip='Compartir en Facebook' rel=\"noopener\"><span class='avia_hidden_link_text'>Compartir en Facebook<\/span><\/a><\/li><li class='av-share-link av-social-link-twitter' ><a target=\"_blank\" aria-label=\"Compartir en Twitter\" href='https:\/\/twitter.com\/share?text=Edelaysen%20reforz%C3%B3%20equipos%20en%20terreno%20para%20la%20temporada%20invernal&#038;url=https:\/\/radiorevelacionfm.cl\/?p=31064' aria-hidden='false' data-av_icon='\ue8f1' data-av_iconfont='entypo-fontello' title='' data-avia-related-tooltip='Compartir en Twitter' rel=\"noopener\"><span class='avia_hidden_link_text'>Compartir en Twitter<\/span><\/a><\/li><li class='av-share-link av-social-link-whatsapp' ><a target=\"_blank\" aria-label=\"Compartir en Whatsapp\" href='https:\/\/api.whatsapp.com\/send?text=https:\/\/radiorevelacionfm.cl\/?p=31064' aria-hidden='false' data-av_icon='\uf232' data-av_iconfont='entypo-fontello' title='' data-avia-related-tooltip='Compartir en Whatsapp' rel=\"noopener\"><span class='avia_hidden_link_text'>Compartir en Whatsapp<\/span><\/a><\/li><li class='av-share-link av-social-link-linkedin' ><a target=\"_blank\" aria-label=\"Compartir en LinkedIn\" href='https:\/\/linkedin.com\/shareArticle?mini=true&#038;title=Edelaysen%20reforz%C3%B3%20equipos%20en%20terreno%20para%20la%20temporada%20invernal&#038;url=https:\/\/radiorevelacionfm.cl\/?p=31064' aria-hidden='false' data-av_icon='\ue8fc' data-av_iconfont='entypo-fontello' title='' data-avia-related-tooltip='Compartir en LinkedIn' rel=\"noopener\"><span class='avia_hidden_link_text'>Compartir en LinkedIn<\/span><\/a><\/li><li class='av-share-link av-social-link-mail' ><a  aria-label=\"Compartir por correo\" href='mailto:?subject=Edelaysen%20reforz%C3%B3%20equipos%20en%20terreno%20para%20la%20temporada%20invernal&#038;body=https:\/\/radiorevelacionfm.cl\/?p=31064' aria-hidden='false' data-av_icon='\ue805' data-av_iconfont='entypo-fontello' title='' data-avia-related-tooltip='Compartir por correo'><span class='avia_hidden_link_text'>Compartir por correo<\/span><\/a><\/li><\/ul><\/div><\/div>\n<div  style='height:50px' class='hr hr-invisible   avia-builder-el-8  el_after_av_social_share  el_before_av_comments_list '><span class='hr-inner ' ><span class='hr-inner-style'><\/span><\/span><\/div>\n<div  class='av-buildercomment  av-blog-meta-html-info-disabled av-blog-meta-tag-disabled  '><\/div>\n","protected":false},"excerpt":{"rendered":"","protected":false},"author":1,"featured_media":31220,"comment_status":"open","ping_status":"open","sticky":false,"template":"","format":"standard","meta":{"footnotes":""},"categories":[38],"tags":[],"class_list":["post-31064","post","type-post","status-publish","format-standard","has-post-thumbnail","hentry","category-regional"],"jetpack_featured_media_url":"https:\/\/radiorevelacionfm.cl\/wp-content\/uploads\/2023\/05\/2-8-1-1.jpg","_links":{"self":[{"href":"https:\/\/radiorevelacionfm.cl\/index.php?rest_route=\/wp\/v2\/posts\/31064","targetHints":{"allow":["GET"]}}],"collection":[{"href":"https:\/\/radiorevelacionfm.cl\/index.php?rest_route=\/wp\/v2\/posts"}],"about":[{"href":"https:\/\/radiorevelacionfm.cl\/index.php?rest_route=\/wp\/v2\/types\/post"}],"author":[{"embeddable":true,"href":"https:\/\/radiorevelacionfm.cl\/index.php?rest_route=\/wp\/v2\/users\/1"}],"replies":[{"embeddable":true,"href":"https:\/\/radiorevelacionfm.cl\/index.php?rest_route=%2Fwp%2Fv2%2Fcomments&post=31064"}],"version-history":[{"count":3,"href":"https:\/\/radiorevelacionfm.cl\/index.php?rest_route=\/wp\/v2\/posts\/31064\/revisions"}],"predecessor-version":[{"id":31222,"href":"https:\/\/radiorevelacionfm.cl\/index.php?rest_route=\/wp\/v2\/posts\/31064\/revisions\/31222"}],"wp:featuredmedia":[{"embeddable":true,"href":"https:\/\/radiorevelacionfm.cl\/index.php?rest_route=\/wp\/v2\/media\/31220"}],"wp:attachment":[{"href":"https:\/\/radiorevelacionfm.cl\/index.php?rest_route=%2Fwp%2Fv2%2Fmedia&parent=31064"}],"wp:term":[{"taxonomy":"category","embeddable":true,"href":"https:\/\/radiorevelacionfm.cl\/index.php?rest_route=%2Fwp%2Fv2%2Fcategories&post=31064"},{"taxonomy":"post_tag","embeddable":true,"href":"https:\/\/radiorevelacionfm.cl\/index.php?rest_route=%2Fwp%2Fv2%2Ftags&post=31064"}],"curies":[{"name":"wp","href":"https:\/\/api.w.org\/{rel}","templated":true}]}}