{"id":31061,"date":"2023-05-16T18:35:50","date_gmt":"2023-05-16T21:35:50","guid":{"rendered":"https:\/\/radiorevelacionfm.cl\/?p=31061"},"modified":"2023-05-16T18:35:50","modified_gmt":"2023-05-16T21:35:50","slug":"autoridades-regionales-lanzan-sello-que-conmemora-los-50-anos-del-golpe-civico-militar","status":"publish","type":"post","link":"https:\/\/radiorevelacionfm.cl\/?p=31061","title":{"rendered":"Autoridades regionales lanzan sello que conmemora los 50 a\u00f1os del golpe c\u00edvico militar"},"content":{"rendered":"<div class=\"flex_column av_one_full  flex_column_div av-zero-column-padding first  avia-builder-el-0  el_before_av_one_full  avia-builder-el-first  \" style='border-radius:0px; '><div  class='avia-image-container  av-styling-    avia-builder-el-1  avia-builder-el-no-sibling  avia-align-center '  itemprop=\"image\" itemscope=\"itemscope\" itemtype=\"https:\/\/schema.org\/ImageObject\"  ><div class='avia-image-container-inner'><div class='avia-image-overlay-wrap'><img decoding=\"async\" class='wp-image-31062 avia-img-lazy-loading-not-31062 avia_image' src=\"https:\/\/radiorevelacionfm.cl\/wp-content\/uploads\/2023\/05\/sello-50-anos-1.jpg\" alt='' title='sello 50 a\u00f1os (1)' height=\"600\" width=\"899\"  itemprop=\"thumbnailUrl\" srcset=\"https:\/\/radiorevelacionfm.cl\/wp-content\/uploads\/2023\/05\/sello-50-anos-1.jpg 899w, https:\/\/radiorevelacionfm.cl\/wp-content\/uploads\/2023\/05\/sello-50-anos-1-300x200.jpg 300w, https:\/\/radiorevelacionfm.cl\/wp-content\/uploads\/2023\/05\/sello-50-anos-1-768x513.jpg 768w, https:\/\/radiorevelacionfm.cl\/wp-content\/uploads\/2023\/05\/sello-50-anos-1-705x471.jpg 705w, https:\/\/radiorevelacionfm.cl\/wp-content\/uploads\/2023\/05\/sello-50-anos-1-450x300.jpg 450w, https:\/\/radiorevelacionfm.cl\/wp-content\/uploads\/2023\/05\/sello-50-anos-1-600x400.jpg 600w\" sizes=\"(max-width: 899px) 100vw, 899px\" \/><\/div><\/div><\/div><\/div><div class=\"flex_column av_one_full  flex_column_div av-zero-column-padding first  avia-builder-el-2  el_after_av_one_full  el_before_av_one_full  column-top-margin\" style='border-radius:0px; '><section class=\"av_textblock_section \"  itemscope=\"itemscope\" itemtype=\"https:\/\/schema.org\/BlogPosting\" itemprop=\"blogPost\" ><div class='avia_textblock  '   itemprop=\"text\" ><p style=\"text-align: center;\"><span style=\"font-size: 18pt;\"><b>Autoridades regionales lanzan sello que conmemora los 50 a\u00f1os del golpe c\u00edvico militar<\/b><\/span><\/p>\n<div id=\"gtx-trans\" style=\"position: absolute; left: -50px; top: 4.31534px;\">\n<div class=\"gtx-trans-icon\"><\/div>\n<\/div>\n<\/div><\/section><\/div><div class=\"flex_column av_one_full  flex_column_div av-zero-column-padding first  avia-builder-el-4  el_after_av_one_full  el_before_av_hr  column-top-margin\" style='border-radius:0px; '><section class=\"av_textblock_section \"  itemscope=\"itemscope\" itemtype=\"https:\/\/schema.org\/BlogPosting\" itemprop=\"blogPost\" ><div class='avia_textblock  '   itemprop=\"text\" ><p style=\"text-align: justify;\">A pocos meses de conmemorar los 50 a\u00f1os del golpe c\u00edvico militar que antecedi\u00f3 a 17 a\u00f1os de dictadura, autoridades regionales dieron a conocer la imagen que acompa\u00f1ar\u00e1 las actividades e hitos que ir\u00e1n sucediendo en estos meses previos.<\/p>\n<p style=\"text-align: justify;\">El seremi de Culturas Ays\u00e9n, Felipe Quiroz; el delegado presidencial regional de Ays\u00e9n, Rodrigo Araya; el seremi de Justicia y Derechos Humanos Ays\u00e9n, Samuel Navarro; la presidenta de la Agrupaci\u00f3n de Derechos Humanos de Coyhaique, Mar\u00eda Vera; el director regional (s) de Patrimonio, Jos\u00e9 Mansilla; y el jefe del Departamento Provincial de Educaci\u00f3n de Coyhaique, Yoal D\u00edaz, se reunieron en el frontis de la Delegaci\u00f3n Presidencial Regional de Ays\u00e9n para mostrar el sello que identifica la conmemoraci\u00f3n bajo el lema \u201cMemoria es democracia y futuro\u201d, imagen que vestir\u00e1 ese edificio p\u00fablico de Coyhaique y las secretar\u00edas regionales ministeriales de Culturas, las Artes y el Patrimonio, y Educaci\u00f3n de Ays\u00e9n.<\/p>\n<p style=\"text-align: justify;\">Para el seremi de Culturas Ays\u00e9n, Felipe Quiroz, \u201cla importancia de la exhibici\u00f3n de este logo es el compromiso que hemos asumido como Gobierno, liderado por el presidente Boric, en relaci\u00f3n a la conmemoraci\u00f3n de los 50 a\u00f1os y en primera instancia tambi\u00e9n relevar la importancia de la democracia. A trav\u00e9s de la conmemoraci\u00f3n de los 50 a\u00f1os queremos poner \u00e9nfasis en que a trav\u00e9s de esta serie de actividades y adem\u00e1s de la serie de programaciones que podemos desarrollar, queremos relevar que los problemas de democracia se solucionan con democracia; que como Estado estamos haci\u00e9ndonos cargo en relaci\u00f3n a la serie de materias que son propias de la memoria hist\u00f3rica del pa\u00eds y que como Ministerio de las Culturas, las Artes y el Patrimonio estamos llamados a relevar. Esta es una se\u00f1al de Estado, tambi\u00e9n una se\u00f1al de Gobierno, en relaci\u00f3n a buscar signos de reparaci\u00f3n para una herida profunda en nuestra sociedad\u201d.<\/p>\n<p style=\"text-align: justify;\">El delegado presidencial regional de Ays\u00e9n, Rodrigo Araya, dijo que \u201ctodos nosotros somos parte de una sociedad igual que una flor que nace en primavera y que trae renovaci\u00f3n. Los p\u00e9talos de esa flor como el s\u00edmbolo que nosotros vemos, significa que cada uno de nosotros es parte de un todo. La invitaci\u00f3n entonces es a mirar hacia el pasado, pero tambi\u00e9n con un profundo sentido de futuro. Nosotros creemos que tiene que existir justicia, que tiene que existir verdad y que tiene que existir reparaci\u00f3n. Todas esas son instancias que desde el Estado y sus instituciones tienen que cumplirse. Pero el no repetir el pasado depende de cada uno de nosotros y eso es nuestro principal esfuerzo y convocatoria: que cada uno de nosotros lo pueda pensar, lo pueda conversar, lo pueda compartir con su familia, con sus amigos, con su entorno laboral, para que este a\u00f1o sea un a\u00f1o tremendamente significativo para todos nosotros\u201d.<\/p>\n<p style=\"text-align: justify;\">Desde la Agrupaci\u00f3n de Derechos Humanos de Coyhaique, su presidenta, Mar\u00eda Vera, relev\u00f3 la importancia de que las se\u00f1ales nazcan desde el Estado: \u201cEs muy importante conmemorar los 50 a\u00f1os desde el golpe de Estado en Chile y sobre todo que nazca desde el Estado; que las actividades de conmemoraci\u00f3n sean un compromiso de Estado. Y, adem\u00e1s, de todas las organizaciones civiles. Para nosotros, Agrupaci\u00f3n de Derechos Humanos, es importante esta conmemoraci\u00f3n porque involucra a j\u00f3venes y a una generaci\u00f3n completa que naci\u00f3 y creci\u00f3 posdictadura. Entonces no conoci\u00f3 de todo aquello que sucedi\u00f3 durante el periodo, los 17 a\u00f1os de dictadura, todos sus hechos. Es importante que se sensibilicen y los conozcan porque la memoria es muy importante y es muy importante mirar el pasado para poder proyectarse en el futuro\u201d.<\/p>\n<p style=\"text-align: justify;\">El sello conmemorativo hace referencia a distintos p\u00e9talos que se a\u00fanan en una flor como s\u00edmbolo capaz de significar las m\u00faltiples memorias llamadas a construir un futuro com\u00fan. Busca ser en espacio de encuentro y acompa\u00f1amiento para la multiplicidad de hitos, conversaciones, exposiciones y eventos conmemorativos de muy distinto orden, tanto en Chile como en el extranjero, en especial en los organizados por la sociedad civil.<\/p>\n<p style=\"text-align: justify;\">Las actividades que conmemoran los 50 a\u00f1os del golpe de Estado c\u00edvico militar comienzan con el D\u00eda de los Patrimonio a fines de mayo. La agenda se dar\u00e1 a conocer oportunamente por los canales ministeriales.<\/p>\n<\/div><\/section><\/div><div  style='height:50px' class='hr hr-invisible   avia-builder-el-6  el_after_av_one_full  el_before_av_social_share '><span class='hr-inner ' ><span class='hr-inner-style'><\/span><\/span><\/div><\/p>\n<div  class='av-social-sharing-box  avia-builder-el-7  el_after_av_hr  el_before_av_hr  '><div class='av-share-box'><h5 class='av-share-link-description av-no-toc '>Compartir esta noticia<\/h5><ul class='av-share-box-list noLightbox'><li class='av-share-link av-social-link-facebook' ><a target=\"_blank\" aria-label=\"Compartir en Facebook\" href='https:\/\/www.facebook.com\/sharer.php?u=https:\/\/radiorevelacionfm.cl\/?p=31061&#038;t=Autoridades%20regionales%20lanzan%20sello%20que%20conmemora%20los%2050%20a%C3%B1os%20del%20golpe%20c%C3%ADvico%20militar' aria-hidden='false' data-av_icon='\ue8f3' data-av_iconfont='entypo-fontello' title='' data-avia-related-tooltip='Compartir en Facebook' rel=\"noopener\"><span class='avia_hidden_link_text'>Compartir en Facebook<\/span><\/a><\/li><li class='av-share-link av-social-link-twitter' ><a target=\"_blank\" aria-label=\"Compartir en Twitter\" href='https:\/\/twitter.com\/share?text=Autoridades%20regionales%20lanzan%20sello%20que%20conmemora%20los%2050%20a%C3%B1os%20del%20golpe%20c%C3%ADvico%20militar&#038;url=https:\/\/radiorevelacionfm.cl\/?p=31061' aria-hidden='false' data-av_icon='\ue8f1' data-av_iconfont='entypo-fontello' title='' data-avia-related-tooltip='Compartir en Twitter' rel=\"noopener\"><span class='avia_hidden_link_text'>Compartir en Twitter<\/span><\/a><\/li><li class='av-share-link av-social-link-whatsapp' ><a target=\"_blank\" aria-label=\"Compartir en Whatsapp\" href='https:\/\/api.whatsapp.com\/send?text=https:\/\/radiorevelacionfm.cl\/?p=31061' aria-hidden='false' data-av_icon='\uf232' data-av_iconfont='entypo-fontello' title='' data-avia-related-tooltip='Compartir en Whatsapp' rel=\"noopener\"><span class='avia_hidden_link_text'>Compartir en Whatsapp<\/span><\/a><\/li><li class='av-share-link av-social-link-linkedin' ><a target=\"_blank\" aria-label=\"Compartir en LinkedIn\" href='https:\/\/linkedin.com\/shareArticle?mini=true&#038;title=Autoridades%20regionales%20lanzan%20sello%20que%20conmemora%20los%2050%20a%C3%B1os%20del%20golpe%20c%C3%ADvico%20militar&#038;url=https:\/\/radiorevelacionfm.cl\/?p=31061' aria-hidden='false' data-av_icon='\ue8fc' data-av_iconfont='entypo-fontello' title='' data-avia-related-tooltip='Compartir en LinkedIn' rel=\"noopener\"><span class='avia_hidden_link_text'>Compartir en LinkedIn<\/span><\/a><\/li><li class='av-share-link av-social-link-mail' ><a  aria-label=\"Compartir por correo\" href='mailto:?subject=Autoridades%20regionales%20lanzan%20sello%20que%20conmemora%20los%2050%20a%C3%B1os%20del%20golpe%20c%C3%ADvico%20militar&#038;body=https:\/\/radiorevelacionfm.cl\/?p=31061' aria-hidden='false' data-av_icon='\ue805' data-av_iconfont='entypo-fontello' title='' data-avia-related-tooltip='Compartir por correo'><span class='avia_hidden_link_text'>Compartir por correo<\/span><\/a><\/li><\/ul><\/div><\/div>\n<div  style='height:50px' class='hr hr-invisible   avia-builder-el-8  el_after_av_social_share  el_before_av_comments_list '><span class='hr-inner ' ><span class='hr-inner-style'><\/span><\/span><\/div>\n<div  class='av-buildercomment  av-blog-meta-html-info-disabled av-blog-meta-tag-disabled  '><\/div>\n","protected":false},"excerpt":{"rendered":"","protected":false},"author":1,"featured_media":31062,"comment_status":"open","ping_status":"open","sticky":false,"template":"","format":"standard","meta":{"footnotes":""},"categories":[52],"tags":[],"class_list":["post-31061","post","type-post","status-publish","format-standard","has-post-thumbnail","hentry","category-cultura"],"jetpack_featured_media_url":"https:\/\/radiorevelacionfm.cl\/wp-content\/uploads\/2023\/05\/sello-50-anos-1.jpg","_links":{"self":[{"href":"https:\/\/radiorevelacionfm.cl\/index.php?rest_route=\/wp\/v2\/posts\/31061","targetHints":{"allow":["GET"]}}],"collection":[{"href":"https:\/\/radiorevelacionfm.cl\/index.php?rest_route=\/wp\/v2\/posts"}],"about":[{"href":"https:\/\/radiorevelacionfm.cl\/index.php?rest_route=\/wp\/v2\/types\/post"}],"author":[{"embeddable":true,"href":"https:\/\/radiorevelacionfm.cl\/index.php?rest_route=\/wp\/v2\/users\/1"}],"replies":[{"embeddable":true,"href":"https:\/\/radiorevelacionfm.cl\/index.php?rest_route=%2Fwp%2Fv2%2Fcomments&post=31061"}],"version-history":[{"count":1,"href":"https:\/\/radiorevelacionfm.cl\/index.php?rest_route=\/wp\/v2\/posts\/31061\/revisions"}],"predecessor-version":[{"id":31063,"href":"https:\/\/radiorevelacionfm.cl\/index.php?rest_route=\/wp\/v2\/posts\/31061\/revisions\/31063"}],"wp:featuredmedia":[{"embeddable":true,"href":"https:\/\/radiorevelacionfm.cl\/index.php?rest_route=\/wp\/v2\/media\/31062"}],"wp:attachment":[{"href":"https:\/\/radiorevelacionfm.cl\/index.php?rest_route=%2Fwp%2Fv2%2Fmedia&parent=31061"}],"wp:term":[{"taxonomy":"category","embeddable":true,"href":"https:\/\/radiorevelacionfm.cl\/index.php?rest_route=%2Fwp%2Fv2%2Fcategories&post=31061"},{"taxonomy":"post_tag","embeddable":true,"href":"https:\/\/radiorevelacionfm.cl\/index.php?rest_route=%2Fwp%2Fv2%2Ftags&post=31061"}],"curies":[{"name":"wp","href":"https:\/\/api.w.org\/{rel}","templated":true}]}}