{"id":31058,"date":"2023-05-16T15:54:03","date_gmt":"2023-05-16T18:54:03","guid":{"rendered":"https:\/\/radiorevelacionfm.cl\/?p=31058"},"modified":"2023-05-16T15:54:03","modified_gmt":"2023-05-16T18:54:03","slug":"con-presentacion-de-acuerdos-de-pre-inversion-marcan-hito-en-el-proyecto-de-calefaccion-distrital-para-el-sector-escuela-agricola","status":"publish","type":"post","link":"https:\/\/radiorevelacionfm.cl\/?p=31058","title":{"rendered":"Con presentaci\u00f3n de acuerdos de pre inversi\u00f3n marcan hito en el proyecto de Calefacci\u00f3n Distrital para el sector Escuela Agr\u00edcola"},"content":{"rendered":"<div class=\"flex_column av_one_full  flex_column_div av-zero-column-padding first  avia-builder-el-0  el_before_av_one_full  avia-builder-el-first  \" style='border-radius:0px; '><div  class='avia-image-container  av-styling-    avia-builder-el-1  avia-builder-el-no-sibling  avia-align-center '  itemprop=\"image\" itemscope=\"itemscope\" itemtype=\"https:\/\/schema.org\/ImageObject\"  ><div class='avia-image-container-inner'><div class='avia-image-overlay-wrap'><img decoding=\"async\" class='wp-image-31059 avia-img-lazy-loading-not-31059 avia_image' src=\"https:\/\/radiorevelacionfm.cl\/wp-content\/uploads\/2023\/05\/1-38-1_optimized-1-1.jpg\" alt='' title='1-(38)-(1)_optimized (1) (1)' height=\"600\" width=\"1067\"  itemprop=\"thumbnailUrl\" srcset=\"https:\/\/radiorevelacionfm.cl\/wp-content\/uploads\/2023\/05\/1-38-1_optimized-1-1.jpg 1067w, https:\/\/radiorevelacionfm.cl\/wp-content\/uploads\/2023\/05\/1-38-1_optimized-1-1-300x169.jpg 300w, https:\/\/radiorevelacionfm.cl\/wp-content\/uploads\/2023\/05\/1-38-1_optimized-1-1-1030x579.jpg 1030w, https:\/\/radiorevelacionfm.cl\/wp-content\/uploads\/2023\/05\/1-38-1_optimized-1-1-768x432.jpg 768w, https:\/\/radiorevelacionfm.cl\/wp-content\/uploads\/2023\/05\/1-38-1_optimized-1-1-705x396.jpg 705w, https:\/\/radiorevelacionfm.cl\/wp-content\/uploads\/2023\/05\/1-38-1_optimized-1-1-450x253.jpg 450w, https:\/\/radiorevelacionfm.cl\/wp-content\/uploads\/2023\/05\/1-38-1_optimized-1-1-600x337.jpg 600w\" sizes=\"(max-width: 1067px) 100vw, 1067px\" \/><\/div><\/div><\/div><\/div><div class=\"flex_column av_one_full  flex_column_div av-zero-column-padding first  avia-builder-el-2  el_after_av_one_full  el_before_av_one_full  column-top-margin\" style='border-radius:0px; '><section class=\"av_textblock_section \"  itemscope=\"itemscope\" itemtype=\"https:\/\/schema.org\/BlogPosting\" itemprop=\"blogPost\" ><div class='avia_textblock  '   itemprop=\"text\" ><p style=\"text-align: center;\"><span style=\"font-size: 18pt;\"><strong>Con presentaci\u00f3n de acuerdos de pre inversi\u00f3n marcan hito en el proyecto de Calefacci\u00f3n Distrital para el sector Escuela Agr\u00edcola<\/strong><\/span><\/p>\n<div id=\"gtx-trans\" style=\"position: absolute; left: -50px; top: 4.31534px;\">\n<div class=\"gtx-trans-icon\"><\/div>\n<\/div>\n<\/div><\/section><\/div><div class=\"flex_column av_one_full  flex_column_div av-zero-column-padding first  avia-builder-el-4  el_after_av_one_full  el_before_av_hr  column-top-margin\" style='border-radius:0px; '><section class=\"av_textblock_section \"  itemscope=\"itemscope\" itemtype=\"https:\/\/schema.org\/BlogPosting\" itemprop=\"blogPost\" ><div class='avia_textblock  '   itemprop=\"text\" ><p style=\"text-align: justify;\">En las dependencias del Jard\u00edn Infantil JUNJI, Mi Peque\u00f1a Estancia, y junto a la comunidad, vecinos y vecinas del sector, autoridades, municipio, centros de investigaci\u00f3n, academia y profesionales de servicios p\u00fablicos, concluyeron las gestiones de la Mesa de Trabajo, del proyecto Calefacci\u00f3n Distrital para el sector Escuela Agr\u00edcola, dando as\u00ed fin a la etapa de participaci\u00f3n temprana y dise\u00f1o del proyecto, con una ceremonia donde adem\u00e1s se presentaron los acuerdos voluntarios de pre inversi\u00f3n.<\/p>\n<p style=\"text-align: justify;\">El proyecto impulsado por la SEREMI del Medio Ambiente y financiado por el Gobierno Regional de Ays\u00e9n tiene como objetivo implementar un sistema de generaci\u00f3n y distribuci\u00f3n de agua caliente para calefacci\u00f3n y uso dom\u00e9stico a trav\u00e9s de redes subterr\u00e1neas que conectan a, al menos, 90 viviendas y 2 edificios p\u00fablicos. La fuente de generaci\u00f3n es a trav\u00e9s de bombas de calor el\u00e9ctricas, con lo que se reducen las emisiones de material particulado y gases efecto invernadero a la atm\u00f3sfera y se mejora el acceso por costos y distribuci\u00f3n a energ\u00eda t\u00e9rmica limpia.<\/p>\n<p style=\"text-align: justify;\">Durante la ceremonia, se comparti\u00f3 con los presentes el dise\u00f1o, resultados del proyecto, descripci\u00f3n e incidencia de la participaci\u00f3n temprana en el desarrollo del proyecto y acuerdos para avanzar a las pr\u00f3ximas etapas del proyecto \u201cEs un proyecto innovador en nuestro pa\u00eds que nos va a generar una experiencia para que este tipo de tecnolog\u00edas se puedan implementar en el resto de las ciudades de Coyhaique, o del pa\u00eds, donde es tan necesario mejorar la calidad de vida de las personas\u201d, declar\u00f3 el Delegado Presidencial, Rodrigo Araya.<\/p>\n<p style=\"text-align: justify;\">La etapa de dise\u00f1o consider\u00f3 un proceso de participaci\u00f3n ciudadana temprana, consistente en un di\u00e1logo centrado principalmente en las preocupaciones e inquietudes de la comunidad en torno a los efectos e impactos que tendr\u00e1 el proyecto en la forma en que las familias se calefaccionan y utilizan el agua caliente sanitaria,\u00a0 el costo y las condiciones de los servicios entregados por el proyecto, la capacidad del sistema de responder ante contingencias que signifique poner en riesgo el suministro de estos servicios, la afectaci\u00f3n para el entorno\u00a0 en cuanto a edificaciones y espacios p\u00fablicos, y el cambio cultural que significa para la poblaci\u00f3n incorporar una nueva forma de uso de la energ\u00eda, y reemplazo de los actuales sistemas.<\/p>\n<p style=\"text-align: justify;\">El Presidente del Comit\u00e9 Villa Valle Nevado, V\u00edctor Vera, destac\u00f3 el proceso participativo de este proyecto, valorando que adem\u00e1s de crear un beneficio medioambiental cuenta con una serie de mejoras para la calidad de vida de vecinos y vecinas, \u201cprimero est\u00e1bamos incr\u00e9dulos, pero cuando vamos conociendo los detalles del proyecto, cuales son los beneficios, va cambiando la perspectiva, y que esto va a ser beneficioso para todos (\u2026) as\u00ed el vecino se acerca a las reuniones y participa de ellas y se toman en cuenta todas las opiniones\u201d, explic\u00f3 V\u00edctor Vera indicando que mediante el proceso se cre\u00f3 un v\u00ednculo con vecinas y vecinos para seguir trabajando en el futuro.<\/p>\n<p style=\"text-align: justify;\">Efectivamente el proceso, encargado a la consultora Aiguasol y apoyado por la Agencia de Sustentabilidad y Cambio Clim\u00e1tico, contempl\u00f3 la creaci\u00f3n de una mesa de trabajo que sesion\u00f3 en 13 oportunidades desde septiembre del 2022, y consider\u00f3 cuatro etapas: una etapa de diagn\u00f3stico; una etapa de colaboraci\u00f3n, una etapa de construcci\u00f3n de los Acuerdos Voluntarios de Pre-inversi\u00f3n y la etapa de suscripci\u00f3n del mismo, al respecto el SEREMI del Medio Ambiente, Juli\u00e1n C\u00e1rdenas, agradeci\u00f3 la alta participaci\u00f3n y colaboraci\u00f3n de los servicios p\u00fablicos, municipio, comunidad, centros de investigaci\u00f3n y academia involucrados en el proceso \u201c quiero agradecer especialmente a las vecinas y vecinos que han participado activamente de todas las reuniones e instancias para levantar este proyecto y construir este escenario para enfrentar a contaminaci\u00f3n\u201d, reforz\u00f3 Juli\u00e1n C\u00e1rdenas, destacando el rol del Gobierno Regional y su Consejo en el apoyo de la iniciativa que espera contin\u00fae en las pr\u00f3ximas etapas del proyecto para su concreci\u00f3n.<\/p>\n<p style=\"text-align: justify;\">Desde el Gobierno Regional, y en representaci\u00f3n de la Gobernadora Andrea Mac\u00edas, el jefe de la Divisi\u00f3n Infraestructura y Transporte GORE, Oscar del Solar, valor\u00f3 el proyecto de larga data como un anhelo en sinton\u00eda con los objetivos del Gobierno Regional por cuanto va en directo beneficio de las personas de Ays\u00e9n, de la problem\u00e1tica ambiental y de salud asociada a la contaminaci\u00f3n atmosf\u00e9rica y destac\u00f3 el hito como un avance que proyecta nuevos desaf\u00edos \u201ces un piloto que va a abrir otras puertas, otro tipo de iniciativas, a lo mejor no solo en Coyhaique sino que en otras comunas\u201d.<\/p>\n<p style=\"text-align: justify;\">El proyecto es una de las medidas del Plan de Descontaminaci\u00f3n Atmosf\u00e9rica de la zona saturada de Coyhaique y se enmarca adem\u00e1s en los objetivos de Energ\u00eda Distrital como parte del Programa de Gobierno 2022-2026, as\u00ed como en las medidas para compromisos clim\u00e1ticos en la Contribuci\u00f3n Nacional Determinada NDC.<\/p>\n<p style=\"text-align: justify;\">Por su parte, el SEREMI de Energ\u00eda Carlos D\u00edaz, destac\u00f3 el avance del proyecto que nos vuelve pioneros a nivel nacional; coment\u00f3 que en el pa\u00eds fuimos los primeros en levantar una Mesa Regional de Energ\u00eda Distrital y ya estamos siendo replicados en otras regiones y destacados por nuestro grado de avance con este proyecto piloto \u201ceste proyecto piloto ya tiene algo concreto que es la ingenier\u00eda de detalle, nos est\u00e1n tomando como ejemplo a trav\u00e9s de esta mesa, que lo que hace es tomar acuerdos en un contexto donde a\u00fan no existe una ley de energ\u00eda distrital\u201d.<\/p>\n<p style=\"text-align: justify;\">La SEREMI del Ministerio de Vivienda y Urbanismo, Paulina Ruz, tambi\u00e9n destac\u00f3 el avance agradeciendo la labor de su equipo t\u00e9cnico que ha colaborado en el proceso \u201cno solamente hemos aportado con ideas sino que el proyecto de energ\u00eda distrital se realizar\u00e1 inicialmente en 90 viviendas respecto de la escuela Agr\u00edcola, entendiendo que no solamente tenemos una meta comprometida en el PDA, sino que la calefacci\u00f3n de las viviendas es fundamental tambi\u00e9n por c\u00f3mo nos vamos adaptando al cambio clim\u00e1tico\u201d.<\/p>\n<p style=\"text-align: justify;\">Los acuerdos son el resultado de las sesiones de la Mesa de Trabajo, cuyas 34 acciones, que incluyen responsables y plazos, se clasifican en cuatro \u00e1mbitos: alcance de la informaci\u00f3n y estudios requeridos; abordaje de los impactos socioambientales; contribuciones al desarrollo local; y continuidad en la participaci\u00f3n en el marco del proyecto.<\/p>\n<\/div><\/section><\/div><div  style='height:50px' class='hr hr-invisible   avia-builder-el-6  el_after_av_one_full  el_before_av_social_share '><span class='hr-inner ' ><span class='hr-inner-style'><\/span><\/span><\/div><\/p>\n<div  class='av-social-sharing-box  avia-builder-el-7  el_after_av_hr  el_before_av_hr  '><div class='av-share-box'><h5 class='av-share-link-description av-no-toc '>Compartir esta noticia<\/h5><ul class='av-share-box-list noLightbox'><li class='av-share-link av-social-link-facebook' ><a target=\"_blank\" aria-label=\"Compartir en Facebook\" href='https:\/\/www.facebook.com\/sharer.php?u=https:\/\/radiorevelacionfm.cl\/?p=31058&#038;t=Con%20presentaci%C3%B3n%20de%20acuerdos%20de%20pre%20inversi%C3%B3n%20marcan%20hito%20en%20el%20proyecto%20de%20Calefacci%C3%B3n%20Distrital%20para%20el%20sector%20Escuela%20Agr%C3%ADcola' aria-hidden='false' data-av_icon='\ue8f3' data-av_iconfont='entypo-fontello' title='' data-avia-related-tooltip='Compartir en Facebook' rel=\"noopener\"><span class='avia_hidden_link_text'>Compartir en Facebook<\/span><\/a><\/li><li class='av-share-link av-social-link-twitter' ><a target=\"_blank\" aria-label=\"Compartir en Twitter\" href='https:\/\/twitter.com\/share?text=Con%20presentaci%C3%B3n%20de%20acuerdos%20de%20pre%20inversi%C3%B3n%20marcan%20hito%20en%20el%20proyecto%20de%20Calefacci%C3%B3n%20Distrital%20para%20el%20sector%20Escuela%20Agr%C3%ADcola&#038;url=https:\/\/radiorevelacionfm.cl\/?p=31058' aria-hidden='false' data-av_icon='\ue8f1' data-av_iconfont='entypo-fontello' title='' data-avia-related-tooltip='Compartir en Twitter' rel=\"noopener\"><span class='avia_hidden_link_text'>Compartir en Twitter<\/span><\/a><\/li><li class='av-share-link av-social-link-whatsapp' ><a target=\"_blank\" aria-label=\"Compartir en Whatsapp\" href='https:\/\/api.whatsapp.com\/send?text=https:\/\/radiorevelacionfm.cl\/?p=31058' aria-hidden='false' data-av_icon='\uf232' data-av_iconfont='entypo-fontello' title='' data-avia-related-tooltip='Compartir en Whatsapp' rel=\"noopener\"><span class='avia_hidden_link_text'>Compartir en Whatsapp<\/span><\/a><\/li><li class='av-share-link av-social-link-linkedin' ><a target=\"_blank\" aria-label=\"Compartir en LinkedIn\" href='https:\/\/linkedin.com\/shareArticle?mini=true&#038;title=Con%20presentaci%C3%B3n%20de%20acuerdos%20de%20pre%20inversi%C3%B3n%20marcan%20hito%20en%20el%20proyecto%20de%20Calefacci%C3%B3n%20Distrital%20para%20el%20sector%20Escuela%20Agr%C3%ADcola&#038;url=https:\/\/radiorevelacionfm.cl\/?p=31058' aria-hidden='false' data-av_icon='\ue8fc' data-av_iconfont='entypo-fontello' title='' data-avia-related-tooltip='Compartir en LinkedIn' rel=\"noopener\"><span class='avia_hidden_link_text'>Compartir en LinkedIn<\/span><\/a><\/li><li class='av-share-link av-social-link-mail' ><a  aria-label=\"Compartir por correo\" href='mailto:?subject=Con%20presentaci%C3%B3n%20de%20acuerdos%20de%20pre%20inversi%C3%B3n%20marcan%20hito%20en%20el%20proyecto%20de%20Calefacci%C3%B3n%20Distrital%20para%20el%20sector%20Escuela%20Agr%C3%ADcola&#038;body=https:\/\/radiorevelacionfm.cl\/?p=31058' aria-hidden='false' data-av_icon='\ue805' data-av_iconfont='entypo-fontello' title='' data-avia-related-tooltip='Compartir por correo'><span class='avia_hidden_link_text'>Compartir por correo<\/span><\/a><\/li><\/ul><\/div><\/div>\n<div  style='height:50px' class='hr hr-invisible   avia-builder-el-8  el_after_av_social_share  el_before_av_comments_list '><span class='hr-inner ' ><span class='hr-inner-style'><\/span><\/span><\/div>\n<div  class='av-buildercomment  av-blog-meta-html-info-disabled av-blog-meta-tag-disabled  '><\/div>\n","protected":false},"excerpt":{"rendered":"","protected":false},"author":1,"featured_media":31059,"comment_status":"open","ping_status":"open","sticky":false,"template":"","format":"standard","meta":{"footnotes":""},"categories":[39],"tags":[],"class_list":["post-31058","post","type-post","status-publish","format-standard","has-post-thumbnail","hentry","category-medio-ambiente"],"jetpack_featured_media_url":"https:\/\/radiorevelacionfm.cl\/wp-content\/uploads\/2023\/05\/1-38-1_optimized-1-1.jpg","_links":{"self":[{"href":"https:\/\/radiorevelacionfm.cl\/index.php?rest_route=\/wp\/v2\/posts\/31058","targetHints":{"allow":["GET"]}}],"collection":[{"href":"https:\/\/radiorevelacionfm.cl\/index.php?rest_route=\/wp\/v2\/posts"}],"about":[{"href":"https:\/\/radiorevelacionfm.cl\/index.php?rest_route=\/wp\/v2\/types\/post"}],"author":[{"embeddable":true,"href":"https:\/\/radiorevelacionfm.cl\/index.php?rest_route=\/wp\/v2\/users\/1"}],"replies":[{"embeddable":true,"href":"https:\/\/radiorevelacionfm.cl\/index.php?rest_route=%2Fwp%2Fv2%2Fcomments&post=31058"}],"version-history":[{"count":1,"href":"https:\/\/radiorevelacionfm.cl\/index.php?rest_route=\/wp\/v2\/posts\/31058\/revisions"}],"predecessor-version":[{"id":31060,"href":"https:\/\/radiorevelacionfm.cl\/index.php?rest_route=\/wp\/v2\/posts\/31058\/revisions\/31060"}],"wp:featuredmedia":[{"embeddable":true,"href":"https:\/\/radiorevelacionfm.cl\/index.php?rest_route=\/wp\/v2\/media\/31059"}],"wp:attachment":[{"href":"https:\/\/radiorevelacionfm.cl\/index.php?rest_route=%2Fwp%2Fv2%2Fmedia&parent=31058"}],"wp:term":[{"taxonomy":"category","embeddable":true,"href":"https:\/\/radiorevelacionfm.cl\/index.php?rest_route=%2Fwp%2Fv2%2Fcategories&post=31058"},{"taxonomy":"post_tag","embeddable":true,"href":"https:\/\/radiorevelacionfm.cl\/index.php?rest_route=%2Fwp%2Fv2%2Ftags&post=31058"}],"curies":[{"name":"wp","href":"https:\/\/api.w.org\/{rel}","templated":true}]}}