{"id":31049,"date":"2023-05-15T19:34:33","date_gmt":"2023-05-15T22:34:33","guid":{"rendered":"https:\/\/radiorevelacionfm.cl\/?p=31049"},"modified":"2023-05-15T19:34:33","modified_gmt":"2023-05-15T22:34:33","slug":"carabineros-indaga-disparos-que-dejan-a-dos-personas-lesionadas-al-interior-de-sede-deportiva-en-puerto-aysen","status":"publish","type":"post","link":"https:\/\/radiorevelacionfm.cl\/?p=31049","title":{"rendered":"Carabineros indaga disparos que dejan a dos personas lesionadas al interior de sede deportiva en Puerto Ays\u00e9n"},"content":{"rendered":"<div class=\"flex_column av_one_full  flex_column_div av-zero-column-padding first  avia-builder-el-0  el_before_av_one_full  avia-builder-el-first  \" style='border-radius:0px; '><div  class='avia-image-container  av-styling-    avia-builder-el-1  avia-builder-el-no-sibling  avia-align-center '  itemprop=\"image\" itemscope=\"itemscope\" itemtype=\"https:\/\/schema.org\/ImageObject\"  ><div class='avia-image-container-inner'><div class='avia-image-overlay-wrap'><img decoding=\"async\" class='wp-image-31050 avia-img-lazy-loading-not-31050 avia_image' src=\"https:\/\/radiorevelacionfm.cl\/wp-content\/uploads\/2023\/05\/756148d4-624c-4f58-a35d-c58928d815a2-1-1.jpg\" alt='' title='756148d4-624c-4f58-a35d-c58928d815a2 (1) (1)' height=\"600\" width=\"844\"  itemprop=\"thumbnailUrl\" srcset=\"https:\/\/radiorevelacionfm.cl\/wp-content\/uploads\/2023\/05\/756148d4-624c-4f58-a35d-c58928d815a2-1-1.jpg 844w, https:\/\/radiorevelacionfm.cl\/wp-content\/uploads\/2023\/05\/756148d4-624c-4f58-a35d-c58928d815a2-1-1-300x213.jpg 300w, https:\/\/radiorevelacionfm.cl\/wp-content\/uploads\/2023\/05\/756148d4-624c-4f58-a35d-c58928d815a2-1-1-768x546.jpg 768w, https:\/\/radiorevelacionfm.cl\/wp-content\/uploads\/2023\/05\/756148d4-624c-4f58-a35d-c58928d815a2-1-1-260x185.jpg 260w, https:\/\/radiorevelacionfm.cl\/wp-content\/uploads\/2023\/05\/756148d4-624c-4f58-a35d-c58928d815a2-1-1-705x501.jpg 705w, https:\/\/radiorevelacionfm.cl\/wp-content\/uploads\/2023\/05\/756148d4-624c-4f58-a35d-c58928d815a2-1-1-450x320.jpg 450w, https:\/\/radiorevelacionfm.cl\/wp-content\/uploads\/2023\/05\/756148d4-624c-4f58-a35d-c58928d815a2-1-1-600x427.jpg 600w\" sizes=\"(max-width: 844px) 100vw, 844px\" \/><\/div><\/div><\/div><\/div><div class=\"flex_column av_one_full  flex_column_div av-zero-column-padding first  avia-builder-el-2  el_after_av_one_full  el_before_av_one_full  column-top-margin\" style='border-radius:0px; '><section class=\"av_textblock_section \"  itemscope=\"itemscope\" itemtype=\"https:\/\/schema.org\/BlogPosting\" itemprop=\"blogPost\" ><div class='avia_textblock  '   itemprop=\"text\" ><p style=\"text-align: center;\"><span style=\"font-size: 18pt;\"><b>Carabineros indaga disparos que dejan a dos personas lesionadas al interior de sede deportiva en Puerto Ays\u00e9n<\/b><\/span><\/p>\n<div id=\"gtx-trans\" style=\"position: absolute; left: -50px; top: 4.31534px;\">\n<div class=\"gtx-trans-icon\"><\/div>\n<\/div>\n<\/div><\/section><\/div><div class=\"flex_column av_one_full  flex_column_div av-zero-column-padding first  avia-builder-el-4  el_after_av_one_full  el_before_av_hr  column-top-margin\" style='border-radius:0px; '><section class=\"av_textblock_section \"  itemscope=\"itemscope\" itemtype=\"https:\/\/schema.org\/BlogPosting\" itemprop=\"blogPost\" ><div class='avia_textblock  '   itemprop=\"text\" ><div>\n<p class=\"v1MsoNormal\" style=\"text-align: justify;\">Exhaustivas diligencias desarrolladas por Carabineros de la 2da. Comisar\u00eda de Puerto Ays\u00e9n con apoyo de servicios especializados de Coyhaique -a trav\u00e9s de un equipo multidisciplinario- permitieron en horas de esta madrugada esclarecer los delitos de homicidio frustrado y lesiones por arma de fuego, sumado a la detenci\u00f3n de un imputado por este hecho.<\/p>\n<p class=\"v1MsoNormal\" style=\"text-align: justify;\">Siendo aproximadamente las 21:00 horas de ayer domingo -a trav\u00e9s de la Central de Comunicaciones Cenco- Carabineros de Puerto Ays\u00e9n fue alertado sobre la ocurrencia de disparos al interior de la sede del Club Deportivo y Social Lord Cochrane, ubicada en calle Teniente Merino N\u00b0 760 de esta ciudad.<\/p>\n<p class=\"v1MsoNormal\" style=\"text-align: justify;\">El Comisario de Puerto Ays\u00e9n, Teniente Coronel Patricio Bustos, indic\u00f3 que tras la llegada del personal policial al lugar, Carabineros verific\u00f3 la presencia de dos personas de sexo masculino de 63 y 40 a\u00f1os de edad lesionadas, \u00abpresumiblemente por impacto de proyectiles bal\u00edsticos. Se activ\u00f3 de inmediato Samu, quienes concurrieron al lugar y trasladaron a una de las v\u00edctimas. Carabineros de inmediato comenz\u00f3 a realizar las primeras diligencias investigativas, informando al Ministerio P\u00fablico, instruyendo el trabajo de la Secci\u00f3n de Investigaci\u00f3n Policial (S.I.P) de la 2da. Comisar\u00eda, que organismos especializados de Carabineros en el trabajo de sitio del suceso como Labocar y GOPE\u00bb, expres\u00f3.<\/p>\n<p class=\"v1MsoNormal\" style=\"text-align: justify;\"><b>Imputado se entreg\u00f3 en Comisar\u00eda<\/b><\/p>\n<p class=\"v1MsoNormal\" style=\"text-align: justify;\">Asimismo, el Oficial Jefe a\u00f1adi\u00f3 que en momentos en que los organismos especializados se encontraban desarrollando diferentes diligencias de investigaci\u00f3n, se constituy\u00f3 en la Unidad un individuo adulto joven, quien se\u00f1al\u00f3 ser el autor de los disparos que hab\u00edan ocasionado las lesiones a dos v\u00edctimas adultas.<\/p>\n<p class=\"v1MsoNormal\" style=\"text-align: justify;\">\u00abSin embargo, ante la escasa informaci\u00f3n que se manten\u00eda en ese momento, Carabineros contin\u00faa desarrollando diligencias investigativas y, en horas de la madrugada realiza la incautaci\u00f3n -desde un domicilio- de dos armas de fuego cortas, calibre punto 22 con sus respectivas municiones (62 tiros). Toma conocimiento el magistrado de turno, quien extendi\u00f3 una orden de detenci\u00f3n a esta persona\u00bb, detall\u00f3 el Teniente Coronel.<\/p>\n<p class=\"v1MsoNormal\" style=\"text-align: justify;\">El imputado de 25 a\u00f1os de edad no registra antecedentes policiales, no as\u00ed ambas v\u00edctimas, una de las cuales posee antecedentes por hurto, en tanto que la segunda persona registra seis detenciones por diversos delitos.<\/p>\n<p class=\"v1MsoNormal\" style=\"text-align: justify;\">Respecto a las armas, estas no mantienen su n\u00famero de serie legible, aunque s\u00ed se encuentran aptas para el disparo, siendo levantadas por Labocar con la finalidad -a trav\u00e9s de los an\u00e1lisis qu\u00edmico- de poder determinar su procedencia y propietario de \u00e9stas, toda vez que el imputado no registra armas inscritas a su nombre.<\/p>\n<p class=\"v1MsoNormal\" style=\"text-align: justify;\">El imputado, quien no registra antecedentes anteriores, fue puesto a disposici\u00f3n de la justicia pasando a la audiencia de control de detenci\u00f3n por este hecho, cuya detenci\u00f3n fue ampliada en 48 horas, en virtud de diligencias y peritajes que est\u00e1n en desarrollo por parte de equipos especializados.<\/p>\n<p class=\"v1MsoNormal\" style=\"text-align: justify;\">Durante el a\u00f1o 2022, Carabineros incaut\u00f3 195 armas, de ellas 87 son de fuego. Asimismo, se detuvo a 69 personas por infracci\u00f3n a la ley de armas.<\/p>\n<\/div>\n<div style=\"text-align: justify;\"><\/div>\n<\/div><\/section><\/div><div  style='height:50px' class='hr hr-invisible   avia-builder-el-6  el_after_av_one_full  el_before_av_social_share '><span class='hr-inner ' ><span class='hr-inner-style'><\/span><\/span><\/div><\/p>\n<div  class='av-social-sharing-box  avia-builder-el-7  el_after_av_hr  el_before_av_hr  '><div class='av-share-box'><h5 class='av-share-link-description av-no-toc '>Compartir esta noticia<\/h5><ul class='av-share-box-list noLightbox'><li class='av-share-link av-social-link-facebook' ><a target=\"_blank\" aria-label=\"Compartir en Facebook\" href='https:\/\/www.facebook.com\/sharer.php?u=https:\/\/radiorevelacionfm.cl\/?p=31049&#038;t=Carabineros%20indaga%20disparos%20que%20dejan%20a%20dos%20personas%20lesionadas%20al%20interior%20de%20sede%20deportiva%20en%20Puerto%20Ays%C3%A9n' aria-hidden='false' data-av_icon='\ue8f3' data-av_iconfont='entypo-fontello' title='' data-avia-related-tooltip='Compartir en Facebook' rel=\"noopener\"><span class='avia_hidden_link_text'>Compartir en Facebook<\/span><\/a><\/li><li class='av-share-link av-social-link-twitter' ><a target=\"_blank\" aria-label=\"Compartir en Twitter\" href='https:\/\/twitter.com\/share?text=Carabineros%20indaga%20disparos%20que%20dejan%20a%20dos%20personas%20lesionadas%20al%20interior%20de%20sede%20deportiva%20en%20Puerto%20Ays%C3%A9n&#038;url=https:\/\/radiorevelacionfm.cl\/?p=31049' aria-hidden='false' data-av_icon='\ue8f1' data-av_iconfont='entypo-fontello' title='' data-avia-related-tooltip='Compartir en Twitter' rel=\"noopener\"><span class='avia_hidden_link_text'>Compartir en Twitter<\/span><\/a><\/li><li class='av-share-link av-social-link-whatsapp' ><a target=\"_blank\" aria-label=\"Compartir en Whatsapp\" href='https:\/\/api.whatsapp.com\/send?text=https:\/\/radiorevelacionfm.cl\/?p=31049' aria-hidden='false' data-av_icon='\uf232' data-av_iconfont='entypo-fontello' title='' data-avia-related-tooltip='Compartir en Whatsapp' rel=\"noopener\"><span class='avia_hidden_link_text'>Compartir en Whatsapp<\/span><\/a><\/li><li class='av-share-link av-social-link-linkedin' ><a target=\"_blank\" aria-label=\"Compartir en LinkedIn\" href='https:\/\/linkedin.com\/shareArticle?mini=true&#038;title=Carabineros%20indaga%20disparos%20que%20dejan%20a%20dos%20personas%20lesionadas%20al%20interior%20de%20sede%20deportiva%20en%20Puerto%20Ays%C3%A9n&#038;url=https:\/\/radiorevelacionfm.cl\/?p=31049' aria-hidden='false' data-av_icon='\ue8fc' data-av_iconfont='entypo-fontello' title='' data-avia-related-tooltip='Compartir en LinkedIn' rel=\"noopener\"><span class='avia_hidden_link_text'>Compartir en LinkedIn<\/span><\/a><\/li><li class='av-share-link av-social-link-mail' ><a  aria-label=\"Compartir por correo\" href='mailto:?subject=Carabineros%20indaga%20disparos%20que%20dejan%20a%20dos%20personas%20lesionadas%20al%20interior%20de%20sede%20deportiva%20en%20Puerto%20Ays%C3%A9n&#038;body=https:\/\/radiorevelacionfm.cl\/?p=31049' aria-hidden='false' data-av_icon='\ue805' data-av_iconfont='entypo-fontello' title='' data-avia-related-tooltip='Compartir por correo'><span class='avia_hidden_link_text'>Compartir por correo<\/span><\/a><\/li><\/ul><\/div><\/div>\n<div  style='height:50px' class='hr hr-invisible   avia-builder-el-8  el_after_av_social_share  el_before_av_comments_list '><span class='hr-inner ' ><span class='hr-inner-style'><\/span><\/span><\/div>\n<div  class='av-buildercomment  av-blog-meta-html-info-disabled av-blog-meta-tag-disabled  '><\/div>\n","protected":false},"excerpt":{"rendered":"","protected":false},"author":1,"featured_media":31050,"comment_status":"open","ping_status":"open","sticky":false,"template":"","format":"standard","meta":{"footnotes":""},"categories":[36],"tags":[],"class_list":["post-31049","post","type-post","status-publish","format-standard","has-post-thumbnail","hentry","category-policial"],"jetpack_featured_media_url":"https:\/\/radiorevelacionfm.cl\/wp-content\/uploads\/2023\/05\/756148d4-624c-4f58-a35d-c58928d815a2-1-1.jpg","_links":{"self":[{"href":"https:\/\/radiorevelacionfm.cl\/index.php?rest_route=\/wp\/v2\/posts\/31049","targetHints":{"allow":["GET"]}}],"collection":[{"href":"https:\/\/radiorevelacionfm.cl\/index.php?rest_route=\/wp\/v2\/posts"}],"about":[{"href":"https:\/\/radiorevelacionfm.cl\/index.php?rest_route=\/wp\/v2\/types\/post"}],"author":[{"embeddable":true,"href":"https:\/\/radiorevelacionfm.cl\/index.php?rest_route=\/wp\/v2\/users\/1"}],"replies":[{"embeddable":true,"href":"https:\/\/radiorevelacionfm.cl\/index.php?rest_route=%2Fwp%2Fv2%2Fcomments&post=31049"}],"version-history":[{"count":1,"href":"https:\/\/radiorevelacionfm.cl\/index.php?rest_route=\/wp\/v2\/posts\/31049\/revisions"}],"predecessor-version":[{"id":31051,"href":"https:\/\/radiorevelacionfm.cl\/index.php?rest_route=\/wp\/v2\/posts\/31049\/revisions\/31051"}],"wp:featuredmedia":[{"embeddable":true,"href":"https:\/\/radiorevelacionfm.cl\/index.php?rest_route=\/wp\/v2\/media\/31050"}],"wp:attachment":[{"href":"https:\/\/radiorevelacionfm.cl\/index.php?rest_route=%2Fwp%2Fv2%2Fmedia&parent=31049"}],"wp:term":[{"taxonomy":"category","embeddable":true,"href":"https:\/\/radiorevelacionfm.cl\/index.php?rest_route=%2Fwp%2Fv2%2Fcategories&post=31049"},{"taxonomy":"post_tag","embeddable":true,"href":"https:\/\/radiorevelacionfm.cl\/index.php?rest_route=%2Fwp%2Fv2%2Ftags&post=31049"}],"curies":[{"name":"wp","href":"https:\/\/api.w.org\/{rel}","templated":true}]}}