{"id":31044,"date":"2023-05-15T19:11:51","date_gmt":"2023-05-15T22:11:51","guid":{"rendered":"https:\/\/radiorevelacionfm.cl\/?p=31044"},"modified":"2023-05-15T19:16:18","modified_gmt":"2023-05-15T22:16:18","slug":"puerto-cisnes-core-aprueba-aumento-de-148-millones-para-proyecto-de-electrificacion-rural-en-sector-chacras","status":"publish","type":"post","link":"https:\/\/radiorevelacionfm.cl\/?p=31044","title":{"rendered":"Puerto Cisnes: CORE aprueba aumento de $148 millones para proyecto de electrificaci\u00f3n rural en sector Chacras"},"content":{"rendered":"<div class=\"flex_column av_one_full  flex_column_div av-zero-column-padding first  avia-builder-el-0  el_before_av_one_full  avia-builder-el-first  \" style='border-radius:0px; '><div  class='avia-image-container  av-styling-    avia-builder-el-1  avia-builder-el-no-sibling  avia-align-center '  itemprop=\"image\" itemscope=\"itemscope\" itemtype=\"https:\/\/schema.org\/ImageObject\"  ><div class='avia-image-container-inner'><div class='avia-image-overlay-wrap'><img decoding=\"async\" class='wp-image-31047 avia-img-lazy-loading-not-31047 avia_image' src=\"https:\/\/radiorevelacionfm.cl\/wp-content\/uploads\/2023\/05\/puerto-cisnes-1_optimized.jpg\" alt='' title='puerto-cisnes-(1)_optimized' height=\"600\" width=\"1069\"  itemprop=\"thumbnailUrl\" srcset=\"https:\/\/radiorevelacionfm.cl\/wp-content\/uploads\/2023\/05\/puerto-cisnes-1_optimized.jpg 1069w, https:\/\/radiorevelacionfm.cl\/wp-content\/uploads\/2023\/05\/puerto-cisnes-1_optimized-300x168.jpg 300w, https:\/\/radiorevelacionfm.cl\/wp-content\/uploads\/2023\/05\/puerto-cisnes-1_optimized-1030x578.jpg 1030w, https:\/\/radiorevelacionfm.cl\/wp-content\/uploads\/2023\/05\/puerto-cisnes-1_optimized-768x431.jpg 768w, https:\/\/radiorevelacionfm.cl\/wp-content\/uploads\/2023\/05\/puerto-cisnes-1_optimized-705x396.jpg 705w, https:\/\/radiorevelacionfm.cl\/wp-content\/uploads\/2023\/05\/puerto-cisnes-1_optimized-450x253.jpg 450w, https:\/\/radiorevelacionfm.cl\/wp-content\/uploads\/2023\/05\/puerto-cisnes-1_optimized-600x337.jpg 600w\" sizes=\"(max-width: 1069px) 100vw, 1069px\" \/><\/div><\/div><\/div><\/div><div class=\"flex_column av_one_full  flex_column_div av-zero-column-padding first  avia-builder-el-2  el_after_av_one_full  el_before_av_one_full  column-top-margin\" style='border-radius:0px; '><section class=\"av_textblock_section \"  itemscope=\"itemscope\" itemtype=\"https:\/\/schema.org\/BlogPosting\" itemprop=\"blogPost\" ><div class='avia_textblock  '   itemprop=\"text\" ><p style=\"text-align: center;\"><strong><span style=\"font-size: 18pt;\">Puerto Cisnes: CORE aprueba aumento de $148 millones para proyecto de electrificaci\u00f3n rural en sector Chacras<\/span><\/strong><\/p>\n<div id=\"gtx-trans\" style=\"position: absolute; left: -50px; top: 4.31534px;\">\n<div class=\"gtx-trans-icon\"><\/div>\n<\/div>\n<\/div><\/section><\/div><\/p>\n<div class=\"flex_column av_one_full  flex_column_div av-zero-column-padding first  avia-builder-el-4  el_after_av_one_full  el_before_av_hr  column-top-margin\" style='border-radius:0px; '><section class=\"av_textblock_section \"  itemscope=\"itemscope\" itemtype=\"https:\/\/schema.org\/BlogPosting\" itemprop=\"blogPost\" ><div class='avia_textblock  '   itemprop=\"text\" ><p dir=\"ltr\" style=\"text-align: justify;\">En la \u00faltima sesi\u00f3n plenaria del Consejo Regional de Ays\u00e9n, las Consejeras, Consejeros y la Gobernadora Andrea Mac\u00edas Palma, aprobaron de manera un\u00e1nime el incremento de presupuesto para el proyecto \u00abConstrucci\u00f3n Electrificaci\u00f3n Rural Sector Chacras de Puerto Cisnes\u00bb.<\/p>\n<p dir=\"ltr\" style=\"text-align: justify;\">Este aumento en el financiamiento, que fue aprobado por un monto que podr\u00eda alcanzar los 148 millones de pesos, fue solicitado al Consejo por la Divisi\u00f3n de Transporte e Infraestructura (DIT) del Gobierno Regional, debido a la necesidad de modificar la ruta por donde pasar\u00e1 el trazado el\u00e9ctrico. Sin embargo, y pese a este cambio, las y los habitantes del sector podr\u00e1n contar con servicios de electricidad en el plazo de un a\u00f1o aproximadamente.<\/p>\n<p dir=\"ltr\" style=\"text-align: justify;\">\u00abSe acaba de aprobar un incremento al proyecto de electrificaci\u00f3n de Chacras en Puerto Cisnes, son 62 familias las que se ven beneficiadas. La verdad es que viene desde el 2018 en adelante. Agradecer por todo el apoyo realizado al jefe de divisi\u00f3n, \u00d3scar del Solar, y a todo su equipo, tambi\u00e9n obviamente al alcalde Francisco Roncagliolo, que estuvo gestionando reuniones, y un gran y afectuoso saludo a los dirigentes, que hoy m\u00e1s que nunca deben estar muy contentos con esta aprobaci\u00f3n\u00bb, se\u00f1al\u00f3 la Consejera Regional Paola Rodr\u00edguez.<\/p>\n<p dir=\"ltr\" style=\"text-align: justify;\">Mejoramiento t\u00e9rmico para viviendas<\/p>\n<p dir=\"ltr\" style=\"text-align: justify;\">En la misma sesi\u00f3n plenaria, el Consejo Regional tambi\u00e9n aprob\u00f3, por unanimidad de las y los presentes, una transferencia al Ministerio de Vivienda y Urbanismo (Minvu) de hasta 1.943 millones de pesos, con fondos que ser\u00e1n utilizados para el mejoramiento de la eficiencia energ\u00e9tica de las viviendas de la regi\u00f3n.<\/p>\n<p dir=\"ltr\" style=\"text-align: justify;\">\u00abEsto va a permitir que las familias de toda la Regi\u00f3n de Ays\u00e9n en las localidades urbanas, puedan postular proyectos a trav\u00e9s de las entidades patrocinantes y puedan tener el mejoramiento de sus viviendas, mejoramientos t\u00e9rmicos, que permitan dar una mejor calidad de vida a estas familias y, al mismo tiempo, ayudar a limpiar el aire de nuestro medio ambiente\u00bb, explic\u00f3 la Consejera Regional Marisol Mart\u00ednez, quien preside la Comisi\u00f3n de Vivienda, Instrumentos de Planificaci\u00f3n y Ordenamiento Territorial.<\/p>\n<p dir=\"ltr\" style=\"text-align: justify;\">Este subsidio que dispondr\u00e1 el Minvu para las familias, y que planea generar un ahorro en calefacci\u00f3n para los hogares, consiste en diferentes soluciones t\u00e9rmicas, como: aislaci\u00f3n t\u00e9rmica en muros, techos, pisos ventilados, ventanas y puertas; filtros de ingreso de aire que detienen el material particulado (para recintos secos); extractores con detectores de humedad ambiental excesiva (para recintos h\u00famedos); y control de infiltraciones.<\/p>\n<\/div><\/section><\/div>\n<div  style='height:50px' class='hr hr-invisible   avia-builder-el-6  el_after_av_one_full  el_before_av_social_share '><span class='hr-inner ' ><span class='hr-inner-style'><\/span><\/span><\/div>\n<div  class='av-social-sharing-box  avia-builder-el-7  el_after_av_hr  el_before_av_hr  '><div class='av-share-box'><h5 class='av-share-link-description av-no-toc '>Compartir esta noticia<\/h5><ul class='av-share-box-list noLightbox'><li class='av-share-link av-social-link-facebook' ><a target=\"_blank\" aria-label=\"Compartir en Facebook\" href='https:\/\/www.facebook.com\/sharer.php?u=https:\/\/radiorevelacionfm.cl\/?p=31044&#038;t=Puerto%20Cisnes%3A%20CORE%20aprueba%20aumento%20de%20%24148%20millones%20para%20proyecto%20de%20electrificaci%C3%B3n%20rural%20en%20sector%20Chacras' aria-hidden='false' data-av_icon='\ue8f3' data-av_iconfont='entypo-fontello' title='' data-avia-related-tooltip='Compartir en Facebook' rel=\"noopener\"><span class='avia_hidden_link_text'>Compartir en Facebook<\/span><\/a><\/li><li class='av-share-link av-social-link-twitter' ><a target=\"_blank\" aria-label=\"Compartir en Twitter\" href='https:\/\/twitter.com\/share?text=Puerto%20Cisnes%3A%20CORE%20aprueba%20aumento%20de%20%24148%20millones%20para%20proyecto%20de%20electrificaci%C3%B3n%20rural%20en%20sector%20Chacras&#038;url=https:\/\/radiorevelacionfm.cl\/?p=31044' aria-hidden='false' data-av_icon='\ue8f1' data-av_iconfont='entypo-fontello' title='' data-avia-related-tooltip='Compartir en Twitter' rel=\"noopener\"><span class='avia_hidden_link_text'>Compartir en Twitter<\/span><\/a><\/li><li class='av-share-link av-social-link-whatsapp' ><a target=\"_blank\" aria-label=\"Compartir en Whatsapp\" href='https:\/\/api.whatsapp.com\/send?text=https:\/\/radiorevelacionfm.cl\/?p=31044' aria-hidden='false' data-av_icon='\uf232' data-av_iconfont='entypo-fontello' title='' data-avia-related-tooltip='Compartir en Whatsapp' rel=\"noopener\"><span class='avia_hidden_link_text'>Compartir en Whatsapp<\/span><\/a><\/li><li class='av-share-link av-social-link-linkedin' ><a target=\"_blank\" aria-label=\"Compartir en LinkedIn\" href='https:\/\/linkedin.com\/shareArticle?mini=true&#038;title=Puerto%20Cisnes%3A%20CORE%20aprueba%20aumento%20de%20%24148%20millones%20para%20proyecto%20de%20electrificaci%C3%B3n%20rural%20en%20sector%20Chacras&#038;url=https:\/\/radiorevelacionfm.cl\/?p=31044' aria-hidden='false' data-av_icon='\ue8fc' data-av_iconfont='entypo-fontello' title='' data-avia-related-tooltip='Compartir en LinkedIn' rel=\"noopener\"><span class='avia_hidden_link_text'>Compartir en LinkedIn<\/span><\/a><\/li><li class='av-share-link av-social-link-mail' ><a  aria-label=\"Compartir por correo\" href='mailto:?subject=Puerto%20Cisnes%3A%20CORE%20aprueba%20aumento%20de%20%24148%20millones%20para%20proyecto%20de%20electrificaci%C3%B3n%20rural%20en%20sector%20Chacras&#038;body=https:\/\/radiorevelacionfm.cl\/?p=31044' aria-hidden='false' data-av_icon='\ue805' data-av_iconfont='entypo-fontello' title='' data-avia-related-tooltip='Compartir por correo'><span class='avia_hidden_link_text'>Compartir por correo<\/span><\/a><\/li><\/ul><\/div><\/div>\n<div  style='height:50px' class='hr hr-invisible   avia-builder-el-8  el_after_av_social_share  el_before_av_comments_list '><span class='hr-inner ' ><span class='hr-inner-style'><\/span><\/span><\/div>\n<div  class='av-buildercomment  av-blog-meta-html-info-disabled av-blog-meta-tag-disabled  '><\/div>\n","protected":false},"excerpt":{"rendered":"","protected":false},"author":1,"featured_media":31047,"comment_status":"open","ping_status":"open","sticky":false,"template":"","format":"standard","meta":{"footnotes":""},"categories":[38],"tags":[],"class_list":["post-31044","post","type-post","status-publish","format-standard","has-post-thumbnail","hentry","category-regional"],"jetpack_featured_media_url":"https:\/\/radiorevelacionfm.cl\/wp-content\/uploads\/2023\/05\/puerto-cisnes-1_optimized.jpg","_links":{"self":[{"href":"https:\/\/radiorevelacionfm.cl\/index.php?rest_route=\/wp\/v2\/posts\/31044","targetHints":{"allow":["GET"]}}],"collection":[{"href":"https:\/\/radiorevelacionfm.cl\/index.php?rest_route=\/wp\/v2\/posts"}],"about":[{"href":"https:\/\/radiorevelacionfm.cl\/index.php?rest_route=\/wp\/v2\/types\/post"}],"author":[{"embeddable":true,"href":"https:\/\/radiorevelacionfm.cl\/index.php?rest_route=\/wp\/v2\/users\/1"}],"replies":[{"embeddable":true,"href":"https:\/\/radiorevelacionfm.cl\/index.php?rest_route=%2Fwp%2Fv2%2Fcomments&post=31044"}],"version-history":[{"count":2,"href":"https:\/\/radiorevelacionfm.cl\/index.php?rest_route=\/wp\/v2\/posts\/31044\/revisions"}],"predecessor-version":[{"id":31048,"href":"https:\/\/radiorevelacionfm.cl\/index.php?rest_route=\/wp\/v2\/posts\/31044\/revisions\/31048"}],"wp:featuredmedia":[{"embeddable":true,"href":"https:\/\/radiorevelacionfm.cl\/index.php?rest_route=\/wp\/v2\/media\/31047"}],"wp:attachment":[{"href":"https:\/\/radiorevelacionfm.cl\/index.php?rest_route=%2Fwp%2Fv2%2Fmedia&parent=31044"}],"wp:term":[{"taxonomy":"category","embeddable":true,"href":"https:\/\/radiorevelacionfm.cl\/index.php?rest_route=%2Fwp%2Fv2%2Fcategories&post=31044"},{"taxonomy":"post_tag","embeddable":true,"href":"https:\/\/radiorevelacionfm.cl\/index.php?rest_route=%2Fwp%2Fv2%2Ftags&post=31044"}],"curies":[{"name":"wp","href":"https:\/\/api.w.org\/{rel}","templated":true}]}}