{"id":31041,"date":"2023-05-16T11:54:42","date_gmt":"2023-05-16T14:54:42","guid":{"rendered":"https:\/\/radiorevelacionfm.cl\/?p=31041"},"modified":"2023-05-16T11:54:42","modified_gmt":"2023-05-16T14:54:42","slug":"sernapesca-anuncia-que-se-cerro-la-temporada-de-pesca-recreativa-para-salmonidos-en-aguas-continentales","status":"publish","type":"post","link":"https:\/\/radiorevelacionfm.cl\/?p=31041","title":{"rendered":"Sernapesca anuncia que se cerr\u00f3 la temporada de pesca recreativa para salm\u00f3nidos en aguas continentales"},"content":{"rendered":"<div class=\"flex_column av_one_full  flex_column_div av-zero-column-padding first  avia-builder-el-0  el_before_av_one_full  avia-builder-el-first  \" style='border-radius:0px; '><div  class='avia-image-container  av-styling-    avia-builder-el-1  avia-builder-el-no-sibling  avia-align-center '  itemprop=\"image\" itemscope=\"itemscope\" itemtype=\"https:\/\/schema.org\/ImageObject\"  ><div class='avia-image-container-inner'><div class='avia-image-overlay-wrap'><img decoding=\"async\" class='wp-image-31042 avia-img-lazy-loading-not-31042 avia_image' src=\"https:\/\/radiorevelacionfm.cl\/wp-content\/uploads\/2023\/05\/whatsapp-image-2023-05-15-at-10_optimized_optimized.58.50-1-1-1-1-1.jpeg\" alt='' title='whatsapp-image-2023-05-15-at-10_optimized_optimized.58.50-(1)-(1)-(1)-(1) (1)' height=\"600\" width=\"800\"  itemprop=\"thumbnailUrl\" srcset=\"https:\/\/radiorevelacionfm.cl\/wp-content\/uploads\/2023\/05\/whatsapp-image-2023-05-15-at-10_optimized_optimized.58.50-1-1-1-1-1.jpeg 800w, https:\/\/radiorevelacionfm.cl\/wp-content\/uploads\/2023\/05\/whatsapp-image-2023-05-15-at-10_optimized_optimized.58.50-1-1-1-1-1-300x225.jpeg 300w, https:\/\/radiorevelacionfm.cl\/wp-content\/uploads\/2023\/05\/whatsapp-image-2023-05-15-at-10_optimized_optimized.58.50-1-1-1-1-1-768x576.jpeg 768w, https:\/\/radiorevelacionfm.cl\/wp-content\/uploads\/2023\/05\/whatsapp-image-2023-05-15-at-10_optimized_optimized.58.50-1-1-1-1-1-705x529.jpeg 705w, https:\/\/radiorevelacionfm.cl\/wp-content\/uploads\/2023\/05\/whatsapp-image-2023-05-15-at-10_optimized_optimized.58.50-1-1-1-1-1-450x338.jpeg 450w, https:\/\/radiorevelacionfm.cl\/wp-content\/uploads\/2023\/05\/whatsapp-image-2023-05-15-at-10_optimized_optimized.58.50-1-1-1-1-1-600x450.jpeg 600w\" sizes=\"(max-width: 800px) 100vw, 800px\" \/><\/div><\/div><\/div><\/div><div class=\"flex_column av_one_full  flex_column_div av-zero-column-padding first  avia-builder-el-2  el_after_av_one_full  el_before_av_one_full  column-top-margin\" style='border-radius:0px; '><section class=\"av_textblock_section \"  itemscope=\"itemscope\" itemtype=\"https:\/\/schema.org\/BlogPosting\" itemprop=\"blogPost\" ><div class='avia_textblock  '   itemprop=\"text\" ><p style=\"text-align: center;\"><strong><span style=\"font-size: 18pt;\">Sernapesca anuncia que se cerr\u00f3 la temporada de pesca recreativa para salm\u00f3nidos en aguas continentales<\/span><\/strong><\/p>\n<div id=\"gtx-trans\" style=\"position: absolute; left: -50px; top: 4.31534px;\">\n<div class=\"gtx-trans-icon\"><\/div>\n<\/div>\n<\/div><\/section><\/div><div class=\"flex_column av_one_full  flex_column_div av-zero-column-padding first  avia-builder-el-4  el_after_av_one_full  el_before_av_hr  column-top-margin\" style='border-radius:0px; '><section class=\"av_textblock_section \"  itemscope=\"itemscope\" itemtype=\"https:\/\/schema.org\/BlogPosting\" itemprop=\"blogPost\" ><div class='avia_textblock  '   itemprop=\"text\" ><p style=\"text-align: justify;\">Fueron 1.380 acciones de fiscalizaci\u00f3n que realiz\u00f3 el Servicio Nacional de Pesca y Acuicultura (Sernapesca) durante la temporada de pesca recreativa 2022-2023, en todo el territorio nacional, donde se destaca el cumplimiento normativo de los usuarios y usuarias, con tan solo 64 infracciones cursadas, lo que se traduce en tan solo un 4.65% de infraccionalidad del total fiscalizado.\u00a0<u><\/u><u><\/u><\/p>\n<p style=\"text-align: justify;\">Con el t\u00e9rmino de la temporada de pesca recreativa, se inicia la veda biol\u00f3gica de las especies salm\u00f3nidas, lo que significa la prohibici\u00f3n de capturar o extraer estas especies durante este periodo, que va desde el primer domingo de mayo hasta el segundo viernes de noviembre para el pa\u00eds, con excepcionalidades en ciertas regiones de la macrozona sur &#8211; sur austral. Esta medida tiene como objetivo resguardar la sustentabilidad de una de las actividades de mayor importancia para el turismo en muchas regiones del pa\u00eds.<u><\/u><u><\/u><\/p>\n<p style=\"text-align: justify;\">Desde Sernapesca valoraron el cumplimiento normativo en esta temporada de pesca recreativa y aseguraron que reforzar\u00e1n las acciones de fiscalizaci\u00f3n en aguas continentales: \u201cEstamos contentos por la baja infraccionalidad por parte de los usuarios, esperamos que estas actitudes se mantengan. Con apoyo de Carabineros, Armada y otros entes que son parte de la Red Sustenta, mantendremos la vigilancia permanente en r\u00edos, lagunas, lagos y esteros con el fin de proteger estas especies hidrobiol\u00f3gicas\u201d, se\u00f1al\u00f3 Sergio Flores Claramunt, director regional de Sernapesca Araucan\u00eda.<u><\/u><u><\/u><\/p>\n<p style=\"text-align: justify;\">La normativa general de pesca recreativa, regulada por la Ley N\u00b020.256, establece que la temporada de salm\u00f3nidos finaliza el primer domingo de mayo. No obstante, la pesca recreativa se puede continuar realizando en el mar y con otras especies.<\/p>\n<\/div><\/section><\/div><div  style='height:50px' class='hr hr-invisible   avia-builder-el-6  el_after_av_one_full  el_before_av_social_share '><span class='hr-inner ' ><span class='hr-inner-style'><\/span><\/span><\/div><\/p>\n<div  class='av-social-sharing-box  avia-builder-el-7  el_after_av_hr  el_before_av_hr  '><div class='av-share-box'><h5 class='av-share-link-description av-no-toc '>Compartir esta noticia<\/h5><ul class='av-share-box-list noLightbox'><li class='av-share-link av-social-link-facebook' ><a target=\"_blank\" aria-label=\"Compartir en Facebook\" href='https:\/\/www.facebook.com\/sharer.php?u=https:\/\/radiorevelacionfm.cl\/?p=31041&#038;t=Sernapesca%20anuncia%20que%20se%20cerr%C3%B3%20la%20temporada%20de%20pesca%20recreativa%20para%20salm%C3%B3nidos%20en%20aguas%20continentales' aria-hidden='false' data-av_icon='\ue8f3' data-av_iconfont='entypo-fontello' title='' data-avia-related-tooltip='Compartir en Facebook' rel=\"noopener\"><span class='avia_hidden_link_text'>Compartir en Facebook<\/span><\/a><\/li><li class='av-share-link av-social-link-twitter' ><a target=\"_blank\" aria-label=\"Compartir en Twitter\" href='https:\/\/twitter.com\/share?text=Sernapesca%20anuncia%20que%20se%20cerr%C3%B3%20la%20temporada%20de%20pesca%20recreativa%20para%20salm%C3%B3nidos%20en%20aguas%20continentales&#038;url=https:\/\/radiorevelacionfm.cl\/?p=31041' aria-hidden='false' data-av_icon='\ue8f1' data-av_iconfont='entypo-fontello' title='' data-avia-related-tooltip='Compartir en Twitter' rel=\"noopener\"><span class='avia_hidden_link_text'>Compartir en Twitter<\/span><\/a><\/li><li class='av-share-link av-social-link-whatsapp' ><a target=\"_blank\" aria-label=\"Compartir en Whatsapp\" href='https:\/\/api.whatsapp.com\/send?text=https:\/\/radiorevelacionfm.cl\/?p=31041' aria-hidden='false' data-av_icon='\uf232' data-av_iconfont='entypo-fontello' title='' data-avia-related-tooltip='Compartir en Whatsapp' rel=\"noopener\"><span class='avia_hidden_link_text'>Compartir en Whatsapp<\/span><\/a><\/li><li class='av-share-link av-social-link-linkedin' ><a target=\"_blank\" aria-label=\"Compartir en LinkedIn\" href='https:\/\/linkedin.com\/shareArticle?mini=true&#038;title=Sernapesca%20anuncia%20que%20se%20cerr%C3%B3%20la%20temporada%20de%20pesca%20recreativa%20para%20salm%C3%B3nidos%20en%20aguas%20continentales&#038;url=https:\/\/radiorevelacionfm.cl\/?p=31041' aria-hidden='false' data-av_icon='\ue8fc' data-av_iconfont='entypo-fontello' title='' data-avia-related-tooltip='Compartir en LinkedIn' rel=\"noopener\"><span class='avia_hidden_link_text'>Compartir en LinkedIn<\/span><\/a><\/li><li class='av-share-link av-social-link-mail' ><a  aria-label=\"Compartir por correo\" href='mailto:?subject=Sernapesca%20anuncia%20que%20se%20cerr%C3%B3%20la%20temporada%20de%20pesca%20recreativa%20para%20salm%C3%B3nidos%20en%20aguas%20continentales&#038;body=https:\/\/radiorevelacionfm.cl\/?p=31041' aria-hidden='false' data-av_icon='\ue805' data-av_iconfont='entypo-fontello' title='' data-avia-related-tooltip='Compartir por correo'><span class='avia_hidden_link_text'>Compartir por correo<\/span><\/a><\/li><\/ul><\/div><\/div>\n<div  style='height:50px' class='hr hr-invisible   avia-builder-el-8  el_after_av_social_share  el_before_av_comments_list '><span class='hr-inner ' ><span class='hr-inner-style'><\/span><\/span><\/div>\n<div  class='av-buildercomment  av-blog-meta-html-info-disabled av-blog-meta-tag-disabled  '><\/div>\n","protected":false},"excerpt":{"rendered":"","protected":false},"author":1,"featured_media":31042,"comment_status":"open","ping_status":"open","sticky":false,"template":"","format":"standard","meta":{"footnotes":""},"categories":[60],"tags":[],"class_list":["post-31041","post","type-post","status-publish","format-standard","has-post-thumbnail","hentry","category-pesca"],"jetpack_featured_media_url":"https:\/\/radiorevelacionfm.cl\/wp-content\/uploads\/2023\/05\/whatsapp-image-2023-05-15-at-10_optimized_optimized.58.50-1-1-1-1-1.jpeg","_links":{"self":[{"href":"https:\/\/radiorevelacionfm.cl\/index.php?rest_route=\/wp\/v2\/posts\/31041","targetHints":{"allow":["GET"]}}],"collection":[{"href":"https:\/\/radiorevelacionfm.cl\/index.php?rest_route=\/wp\/v2\/posts"}],"about":[{"href":"https:\/\/radiorevelacionfm.cl\/index.php?rest_route=\/wp\/v2\/types\/post"}],"author":[{"embeddable":true,"href":"https:\/\/radiorevelacionfm.cl\/index.php?rest_route=\/wp\/v2\/users\/1"}],"replies":[{"embeddable":true,"href":"https:\/\/radiorevelacionfm.cl\/index.php?rest_route=%2Fwp%2Fv2%2Fcomments&post=31041"}],"version-history":[{"count":1,"href":"https:\/\/radiorevelacionfm.cl\/index.php?rest_route=\/wp\/v2\/posts\/31041\/revisions"}],"predecessor-version":[{"id":31043,"href":"https:\/\/radiorevelacionfm.cl\/index.php?rest_route=\/wp\/v2\/posts\/31041\/revisions\/31043"}],"wp:featuredmedia":[{"embeddable":true,"href":"https:\/\/radiorevelacionfm.cl\/index.php?rest_route=\/wp\/v2\/media\/31042"}],"wp:attachment":[{"href":"https:\/\/radiorevelacionfm.cl\/index.php?rest_route=%2Fwp%2Fv2%2Fmedia&parent=31041"}],"wp:term":[{"taxonomy":"category","embeddable":true,"href":"https:\/\/radiorevelacionfm.cl\/index.php?rest_route=%2Fwp%2Fv2%2Fcategories&post=31041"},{"taxonomy":"post_tag","embeddable":true,"href":"https:\/\/radiorevelacionfm.cl\/index.php?rest_route=%2Fwp%2Fv2%2Ftags&post=31041"}],"curies":[{"name":"wp","href":"https:\/\/api.w.org\/{rel}","templated":true}]}}