{"id":31038,"date":"2023-05-16T14:04:53","date_gmt":"2023-05-16T17:04:53","guid":{"rendered":"https:\/\/radiorevelacionfm.cl\/?p=31038"},"modified":"2023-05-16T14:04:53","modified_gmt":"2023-05-16T17:04:53","slug":"en-puerto-aysen-desarrollan-reunion-de-coordinacion-para-abordar-estrategia-de-seguridad-comunal","status":"publish","type":"post","link":"https:\/\/radiorevelacionfm.cl\/?p=31038","title":{"rendered":"En Puerto Ays\u00e9n desarrollan reuni\u00f3n de coordinaci\u00f3n para abordar estrategia de seguridad comunal"},"content":{"rendered":"<div class=\"flex_column av_one_full  flex_column_div av-zero-column-padding first  avia-builder-el-0  el_before_av_one_full  avia-builder-el-first  \" style='border-radius:0px; '><div  class='avia-image-container  av-styling-    avia-builder-el-1  avia-builder-el-no-sibling  avia-align-center '  itemprop=\"image\" itemscope=\"itemscope\" itemtype=\"https:\/\/schema.org\/ImageObject\"  ><div class='avia-image-container-inner'><div class='avia-image-overlay-wrap'><img decoding=\"async\" class='wp-image-31039 avia-img-lazy-loading-not-31039 avia_image' src=\"https:\/\/radiorevelacionfm.cl\/wp-content\/uploads\/2023\/05\/ALCALDE-COORDINADORA-SEGURIDA-PUBLICA-1-1.jpg\" alt='' title='ALCALDE COORDINADORA SEGURIDA PUBLICA (1) (1)' height=\"600\" width=\"900\"  itemprop=\"thumbnailUrl\" srcset=\"https:\/\/radiorevelacionfm.cl\/wp-content\/uploads\/2023\/05\/ALCALDE-COORDINADORA-SEGURIDA-PUBLICA-1-1.jpg 900w, https:\/\/radiorevelacionfm.cl\/wp-content\/uploads\/2023\/05\/ALCALDE-COORDINADORA-SEGURIDA-PUBLICA-1-1-300x200.jpg 300w, https:\/\/radiorevelacionfm.cl\/wp-content\/uploads\/2023\/05\/ALCALDE-COORDINADORA-SEGURIDA-PUBLICA-1-1-768x512.jpg 768w, https:\/\/radiorevelacionfm.cl\/wp-content\/uploads\/2023\/05\/ALCALDE-COORDINADORA-SEGURIDA-PUBLICA-1-1-705x470.jpg 705w, https:\/\/radiorevelacionfm.cl\/wp-content\/uploads\/2023\/05\/ALCALDE-COORDINADORA-SEGURIDA-PUBLICA-1-1-450x300.jpg 450w, https:\/\/radiorevelacionfm.cl\/wp-content\/uploads\/2023\/05\/ALCALDE-COORDINADORA-SEGURIDA-PUBLICA-1-1-600x400.jpg 600w\" sizes=\"(max-width: 900px) 100vw, 900px\" \/><\/div><\/div><\/div><\/div><div class=\"flex_column av_one_full  flex_column_div av-zero-column-padding first  avia-builder-el-2  el_after_av_one_full  el_before_av_one_full  column-top-margin\" style='border-radius:0px; '><section class=\"av_textblock_section \"  itemscope=\"itemscope\" itemtype=\"https:\/\/schema.org\/BlogPosting\" itemprop=\"blogPost\" ><div class='avia_textblock  '   itemprop=\"text\" ><p style=\"text-align: center;\"><strong><span style=\"font-size: 18pt;\">En Puerto Ays\u00e9n desarrollan reuni\u00f3n de coordinaci\u00f3n para abordar estrategia de seguridad comunal<\/span><\/strong><\/p>\n<div id=\"gtx-trans\" style=\"position: absolute; left: -50px; top: 4.31534px;\">\n<div class=\"gtx-trans-icon\"><\/div>\n<\/div>\n<\/div><\/section><\/div><div class=\"flex_column av_one_full  flex_column_div av-zero-column-padding first  avia-builder-el-4  el_after_av_one_full  el_before_av_hr  column-top-margin\" style='border-radius:0px; '><section class=\"av_textblock_section \"  itemscope=\"itemscope\" itemtype=\"https:\/\/schema.org\/BlogPosting\" itemprop=\"blogPost\" ><div class='avia_textblock  '   itemprop=\"text\" ><p style=\"text-align: justify;\">El alcalde de Ays\u00e9n, Julio Uribe Alvarado, sostuvo una reuni\u00f3n con el director de Seguridad P\u00fablica del municipio, Marco Co\u00f1uecar, y la coordinadora regional de Seguridad P\u00fablica, Camila Covarrubias, en la cual trataron los diversos proyectos que se encuentran en desarrollo por parte de la direcci\u00f3n municipal, que contemplan la instalaci\u00f3n de luminarias, c\u00e1maras de vigilancia y planes de prevenci\u00f3n del delito.<\/p>\n<p style=\"text-align: justify;\">La coordinadora regional de Seguridad P\u00fablica, Camila Covarrubias, indic\u00f3 que \u201cen esta oportunidad quiero destacar el trabajo que ha venido realizando la Municipalidad de Ays\u00e9n a trav\u00e9s de su alcalde, Julio Uribe, ya que es el \u00fanico municipio de la regi\u00f3n que cuenta con una direcci\u00f3n de Seguridad P\u00fablica, encabezada por Marco Co\u00f1uecar. Han trabajado en prevenci\u00f3n del delito y actos violentos, mediante los patrullajes preventivos y la utilizaci\u00f3n de c\u00e1maras de vigilancia, y eso se traduce en la disminuci\u00f3n de la sensaci\u00f3n de inseguridad en la poblaci\u00f3n\u201d.<\/p>\n<p style=\"text-align: justify;\">Durante el encuentro, se trataron los diversos proyectos que se encuentran en ejecuci\u00f3n por parte del municipio. Uno de los puntos clave fue el an\u00e1lisis del Plan Comunal de Seguridad P\u00fablica, con el objetivo de fortalecer y mejorar su implementaci\u00f3n en la comuna. Adem\u00e1s, se revisaron los proyectos actuales de la direcci\u00f3n, con \u00e9nfasis en la reposici\u00f3n de luminarias en distintos sectores de la comuna para entregar mayor seguridad a las vecinas y vecinos.<\/p>\n<p style=\"text-align: justify;\">Al respecto, Co\u00f1uecar declar\u00f3 que fue \u201cuna reuni\u00f3n bastante importante junto a nuestra coordinadora, que nos est\u00e1 apoyando en diferentes acciones, principalmente en la implementaci\u00f3n del plan de seguridad p\u00fablica comunal. Tambi\u00e9n estamos constatando avances respecto de nuestros compromisos en el plan regional de Seguridad P\u00fablica, as\u00ed que estamos muy contentos por los progresos que hemos obtenido\u201d, agregando que entre todos los proyectos en marcha, tambi\u00e9n esperan contar con una mayor flota vehicular que permita realizar patrullajes en m\u00e1s sectores de la comuna.<\/p>\n<p style=\"text-align: justify;\">Otro aspecto tratado fue la instalaci\u00f3n y reposici\u00f3n de c\u00e1maras de televigilancia y luminarias en el Parque Municipal, ex Isla D\u00edaz, con el que se espera entregar un entorno m\u00e1s seguro para quienes visiten el lugar. Adem\u00e1s, se trat\u00f3 la instalaci\u00f3n de nuevas c\u00e1maras de televigilancia en diversos sectores de la comuna, con el objetivo de prevenir delitos.<\/p>\n<p style=\"text-align: justify;\">Por \u00faltimo, se hizo hincapi\u00e9 en la importancia de la prevenci\u00f3n del abuso a menores, trabajando en conjunto con la Direcci\u00f3n de Educaci\u00f3n Municipal. Ambas entidades se comprometieron a desarrollar acciones conjuntas para educar, sensibilizar y prevenir situaciones de vulnerabilidad que puedan afectar a los ni\u00f1os y adolescentes de la comuna, mediante el trabajo conjunto entre docentes, estudiantes y autoridades.<\/p>\n<\/div><\/section><\/div><div  style='height:50px' class='hr hr-invisible   avia-builder-el-6  el_after_av_one_full  el_before_av_social_share '><span class='hr-inner ' ><span class='hr-inner-style'><\/span><\/span><\/div><\/p>\n<div  class='av-social-sharing-box  avia-builder-el-7  el_after_av_hr  el_before_av_hr  '><div class='av-share-box'><h5 class='av-share-link-description av-no-toc '>Compartir esta noticia<\/h5><ul class='av-share-box-list noLightbox'><li class='av-share-link av-social-link-facebook' ><a target=\"_blank\" aria-label=\"Compartir en Facebook\" href='https:\/\/www.facebook.com\/sharer.php?u=https:\/\/radiorevelacionfm.cl\/?p=31038&#038;t=En%20Puerto%20Ays%C3%A9n%20desarrollan%20reuni%C3%B3n%20de%20coordinaci%C3%B3n%20para%20abordar%20estrategia%20de%20seguridad%20comunal' aria-hidden='false' data-av_icon='\ue8f3' data-av_iconfont='entypo-fontello' title='' data-avia-related-tooltip='Compartir en Facebook' rel=\"noopener\"><span class='avia_hidden_link_text'>Compartir en Facebook<\/span><\/a><\/li><li class='av-share-link av-social-link-twitter' ><a target=\"_blank\" aria-label=\"Compartir en Twitter\" href='https:\/\/twitter.com\/share?text=En%20Puerto%20Ays%C3%A9n%20desarrollan%20reuni%C3%B3n%20de%20coordinaci%C3%B3n%20para%20abordar%20estrategia%20de%20seguridad%20comunal&#038;url=https:\/\/radiorevelacionfm.cl\/?p=31038' aria-hidden='false' data-av_icon='\ue8f1' data-av_iconfont='entypo-fontello' title='' data-avia-related-tooltip='Compartir en Twitter' rel=\"noopener\"><span class='avia_hidden_link_text'>Compartir en Twitter<\/span><\/a><\/li><li class='av-share-link av-social-link-whatsapp' ><a target=\"_blank\" aria-label=\"Compartir en Whatsapp\" href='https:\/\/api.whatsapp.com\/send?text=https:\/\/radiorevelacionfm.cl\/?p=31038' aria-hidden='false' data-av_icon='\uf232' data-av_iconfont='entypo-fontello' title='' data-avia-related-tooltip='Compartir en Whatsapp' rel=\"noopener\"><span class='avia_hidden_link_text'>Compartir en Whatsapp<\/span><\/a><\/li><li class='av-share-link av-social-link-linkedin' ><a target=\"_blank\" aria-label=\"Compartir en LinkedIn\" href='https:\/\/linkedin.com\/shareArticle?mini=true&#038;title=En%20Puerto%20Ays%C3%A9n%20desarrollan%20reuni%C3%B3n%20de%20coordinaci%C3%B3n%20para%20abordar%20estrategia%20de%20seguridad%20comunal&#038;url=https:\/\/radiorevelacionfm.cl\/?p=31038' aria-hidden='false' data-av_icon='\ue8fc' data-av_iconfont='entypo-fontello' title='' data-avia-related-tooltip='Compartir en LinkedIn' rel=\"noopener\"><span class='avia_hidden_link_text'>Compartir en LinkedIn<\/span><\/a><\/li><li class='av-share-link av-social-link-mail' ><a  aria-label=\"Compartir por correo\" href='mailto:?subject=En%20Puerto%20Ays%C3%A9n%20desarrollan%20reuni%C3%B3n%20de%20coordinaci%C3%B3n%20para%20abordar%20estrategia%20de%20seguridad%20comunal&#038;body=https:\/\/radiorevelacionfm.cl\/?p=31038' aria-hidden='false' data-av_icon='\ue805' data-av_iconfont='entypo-fontello' title='' data-avia-related-tooltip='Compartir por correo'><span class='avia_hidden_link_text'>Compartir por correo<\/span><\/a><\/li><\/ul><\/div><\/div>\n<div  style='height:50px' class='hr hr-invisible   avia-builder-el-8  el_after_av_social_share  el_before_av_comments_list '><span class='hr-inner ' ><span class='hr-inner-style'><\/span><\/span><\/div>\n<div  class='av-buildercomment  av-blog-meta-html-info-disabled av-blog-meta-tag-disabled  '><\/div>\n","protected":false},"excerpt":{"rendered":"","protected":false},"author":1,"featured_media":31039,"comment_status":"open","ping_status":"open","sticky":false,"template":"","format":"standard","meta":{"footnotes":""},"categories":[38],"tags":[],"class_list":["post-31038","post","type-post","status-publish","format-standard","has-post-thumbnail","hentry","category-regional"],"jetpack_featured_media_url":"https:\/\/radiorevelacionfm.cl\/wp-content\/uploads\/2023\/05\/ALCALDE-COORDINADORA-SEGURIDA-PUBLICA-1-1.jpg","_links":{"self":[{"href":"https:\/\/radiorevelacionfm.cl\/index.php?rest_route=\/wp\/v2\/posts\/31038","targetHints":{"allow":["GET"]}}],"collection":[{"href":"https:\/\/radiorevelacionfm.cl\/index.php?rest_route=\/wp\/v2\/posts"}],"about":[{"href":"https:\/\/radiorevelacionfm.cl\/index.php?rest_route=\/wp\/v2\/types\/post"}],"author":[{"embeddable":true,"href":"https:\/\/radiorevelacionfm.cl\/index.php?rest_route=\/wp\/v2\/users\/1"}],"replies":[{"embeddable":true,"href":"https:\/\/radiorevelacionfm.cl\/index.php?rest_route=%2Fwp%2Fv2%2Fcomments&post=31038"}],"version-history":[{"count":1,"href":"https:\/\/radiorevelacionfm.cl\/index.php?rest_route=\/wp\/v2\/posts\/31038\/revisions"}],"predecessor-version":[{"id":31040,"href":"https:\/\/radiorevelacionfm.cl\/index.php?rest_route=\/wp\/v2\/posts\/31038\/revisions\/31040"}],"wp:featuredmedia":[{"embeddable":true,"href":"https:\/\/radiorevelacionfm.cl\/index.php?rest_route=\/wp\/v2\/media\/31039"}],"wp:attachment":[{"href":"https:\/\/radiorevelacionfm.cl\/index.php?rest_route=%2Fwp%2Fv2%2Fmedia&parent=31038"}],"wp:term":[{"taxonomy":"category","embeddable":true,"href":"https:\/\/radiorevelacionfm.cl\/index.php?rest_route=%2Fwp%2Fv2%2Fcategories&post=31038"},{"taxonomy":"post_tag","embeddable":true,"href":"https:\/\/radiorevelacionfm.cl\/index.php?rest_route=%2Fwp%2Fv2%2Ftags&post=31038"}],"curies":[{"name":"wp","href":"https:\/\/api.w.org\/{rel}","templated":true}]}}