{"id":31035,"date":"2023-05-15T21:56:26","date_gmt":"2023-05-16T00:56:26","guid":{"rendered":"https:\/\/radiorevelacionfm.cl\/?p=31035"},"modified":"2023-05-15T21:56:26","modified_gmt":"2023-05-16T00:56:26","slug":"asume-nueva-autoridad-regional-en-el-servicio-nacional-de-la-mujer-y-la-equidad-de-genero","status":"publish","type":"post","link":"https:\/\/radiorevelacionfm.cl\/?p=31035","title":{"rendered":"Asume nueva autoridad regional en el Servicio Nacional de la Mujer y la Equidad de G\u00e9nero"},"content":{"rendered":"<div class=\"flex_column av_one_full  flex_column_div av-zero-column-padding first  avia-builder-el-0  el_before_av_one_full  avia-builder-el-first  \" style='border-radius:0px; '><div  class='avia-image-container  av-styling-    avia-builder-el-1  avia-builder-el-no-sibling  avia-align-center '  itemprop=\"image\" itemscope=\"itemscope\" itemtype=\"https:\/\/schema.org\/ImageObject\"  ><div class='avia-image-container-inner'><div class='avia-image-overlay-wrap'><img decoding=\"async\" class='wp-image-31036 avia-img-lazy-loading-not-31036 avia_image' src=\"https:\/\/radiorevelacionfm.cl\/wp-content\/uploads\/2023\/05\/Nueva-Directora-S-SernamEG-1-1-1.jpg\" alt='' title='Nueva Directora S SernamEG (1) (1) (1)' height=\"600\" width=\"901\"  itemprop=\"thumbnailUrl\" srcset=\"https:\/\/radiorevelacionfm.cl\/wp-content\/uploads\/2023\/05\/Nueva-Directora-S-SernamEG-1-1-1.jpg 901w, https:\/\/radiorevelacionfm.cl\/wp-content\/uploads\/2023\/05\/Nueva-Directora-S-SernamEG-1-1-1-300x200.jpg 300w, https:\/\/radiorevelacionfm.cl\/wp-content\/uploads\/2023\/05\/Nueva-Directora-S-SernamEG-1-1-1-768x511.jpg 768w, https:\/\/radiorevelacionfm.cl\/wp-content\/uploads\/2023\/05\/Nueva-Directora-S-SernamEG-1-1-1-705x469.jpg 705w, https:\/\/radiorevelacionfm.cl\/wp-content\/uploads\/2023\/05\/Nueva-Directora-S-SernamEG-1-1-1-450x300.jpg 450w, https:\/\/radiorevelacionfm.cl\/wp-content\/uploads\/2023\/05\/Nueva-Directora-S-SernamEG-1-1-1-600x400.jpg 600w\" sizes=\"(max-width: 901px) 100vw, 901px\" \/><\/div><\/div><\/div><\/div><div class=\"flex_column av_one_full  flex_column_div av-zero-column-padding first  avia-builder-el-2  el_after_av_one_full  el_before_av_one_full  column-top-margin\" style='border-radius:0px; '><section class=\"av_textblock_section \"  itemscope=\"itemscope\" itemtype=\"https:\/\/schema.org\/BlogPosting\" itemprop=\"blogPost\" ><div class='avia_textblock  '   itemprop=\"text\" ><p style=\"text-align: center;\"><strong><span style=\"font-size: 18pt;\">Asume nueva autoridad regional en el Servicio Nacional de la Mujer y la Equidad de G\u00e9nero<\/span><\/strong><\/p>\n<div id=\"gtx-trans\" style=\"position: absolute; left: -50px; top: 4.31534px;\">\n<div class=\"gtx-trans-icon\"><\/div>\n<\/div>\n<\/div><\/section><\/div><div class=\"flex_column av_one_full  flex_column_div av-zero-column-padding first  avia-builder-el-4  el_after_av_one_full  el_before_av_hr  column-top-margin\" style='border-radius:0px; '><section class=\"av_textblock_section \"  itemscope=\"itemscope\" itemtype=\"https:\/\/schema.org\/BlogPosting\" itemprop=\"blogPost\" ><div class='avia_textblock  '   itemprop=\"text\" ><p style=\"font-weight: 400; text-align: justify;\">Con el objetivo de reforzar la labor que efect\u00faa el Servicio Nacional de la Mujer y la Equidad de G\u00e9nero, SernamEG, en la regi\u00f3n de Ays\u00e9n, asume como Directora Regional Subrogante, Marta Godoy Carvajal, desde este lunes 15 de mayo. La trabajadora social tiene una amplia experiencia trabajando en pos de las autonom\u00edas de las mujeres en la direcci\u00f3n nacional de la Instituci\u00f3n.<\/p>\n<p style=\"font-weight: 400; text-align: justify;\">En su trayectoria laboral, destaca su paso por la direcci\u00f3n regional Metropolitana de SernamEG ejerciendo distintas funciones, entre las que se destaca como profesional de apoyo, encargada regional del programa Buenas Pr\u00e1cticas Laborales con Enfoque de G\u00e9nero y sectorialista de salud, justicia y educaci\u00f3n; para el trabajo intersectorial en la transversalizaci\u00f3n del enfoque de g\u00e9nero. Posteriormente, se incorpora a la Direcci\u00f3n Nacional como profesional y luego jefa del programa Buen Vivir de la Sexualidad y la Reproducci\u00f3n. Luego, asume como profesional de Gabinete Nacional como asesora program\u00e1tica. As\u00ed mismo, cumple funciones como profesional y luego jefatura (S) nacional del departamento de Planificaci\u00f3n y Control de Gesti\u00f3n. Por \u00faltimo, asume como jefatura (S) del \u00e1rea program\u00e1tica Mujer y Participaci\u00f3n Pol\u00edtica y Social.<\/p>\n<p style=\"font-weight: 400; text-align: justify;\">Respecto a su nombramiento, Godoy Carvajal, sostuvo que \u201cprimero es importante relevar el trabajo de las funcionarias y funcionarios de la direcci\u00f3n regional de SernamEG, quienes durante m\u00e1s de un a\u00f1o estuvieron bajo el liderazgo de Carla Arriagada Malague\u00f1o, profesional de una vasta experiencia como encargada regional del programa de Atenci\u00f3n, Protecci\u00f3n y Reparaci\u00f3n en Violencia contra las Mujeres; asumiendo los desaf\u00edos de gesti\u00f3n en la Regi\u00f3n con un alto compromiso en la funci\u00f3n p\u00fablica. Por lo anterior, mi llegada, responde a la necesidad de realizar una acci\u00f3n concreta de apoyo a la labor que se realiza en los territorios, justamente ese fue el llamado de la Directora Nacional, Priscilla Carrasco Pizarro, mientras se resuelve el concurso de Alta Direcci\u00f3n P\u00fablica el que se abrir\u00e1 pr\u00f3ximamente\u201d.<\/p>\n<p style=\"font-weight: 400; text-align: justify;\">Durante su primera jornada laboral, la autoridad se reuni\u00f3 con las funcionarias y funcionarios de la direcci\u00f3n regional, oportunidad en la que entreg\u00f3 los \u00e9nfasis de su gesti\u00f3n; de acuerdo a los lineamientos institucionales para el presente a\u00f1o. En los pr\u00f3ximos d\u00edas, la Directora Regional (S) de SernamEG, realizar\u00e1 una visita a terreno en Puerto Cisnes, con la finalidad de participar en una serie de actividades, entre las que destacan, una reuni\u00f3n de trabajo con la Oficina de la Mujer de la Municipalidad de Cisnes y un encuentro con mujeres, para difundir y orientar sobre los alcances del Fondo para la Equidad de G\u00e9nero 2023; cuyo per\u00edodo de postulaci\u00f3n finaliza el pr\u00f3ximo lunes 29 de mayo.<\/p>\n<\/div><\/section><\/div><div  style='height:50px' class='hr hr-invisible   avia-builder-el-6  el_after_av_one_full  el_before_av_social_share '><span class='hr-inner ' ><span class='hr-inner-style'><\/span><\/span><\/div><\/p>\n<div  class='av-social-sharing-box  avia-builder-el-7  el_after_av_hr  el_before_av_hr  '><div class='av-share-box'><h5 class='av-share-link-description av-no-toc '>Compartir esta noticia<\/h5><ul class='av-share-box-list noLightbox'><li class='av-share-link av-social-link-facebook' ><a target=\"_blank\" aria-label=\"Compartir en Facebook\" href='https:\/\/www.facebook.com\/sharer.php?u=https:\/\/radiorevelacionfm.cl\/?p=31035&#038;t=Asume%20nueva%20autoridad%20regional%20en%20el%20Servicio%20Nacional%20de%20la%20Mujer%20y%20la%20Equidad%20de%20G%C3%A9nero' aria-hidden='false' data-av_icon='\ue8f3' data-av_iconfont='entypo-fontello' title='' data-avia-related-tooltip='Compartir en Facebook' rel=\"noopener\"><span class='avia_hidden_link_text'>Compartir en Facebook<\/span><\/a><\/li><li class='av-share-link av-social-link-twitter' ><a target=\"_blank\" aria-label=\"Compartir en Twitter\" href='https:\/\/twitter.com\/share?text=Asume%20nueva%20autoridad%20regional%20en%20el%20Servicio%20Nacional%20de%20la%20Mujer%20y%20la%20Equidad%20de%20G%C3%A9nero&#038;url=https:\/\/radiorevelacionfm.cl\/?p=31035' aria-hidden='false' data-av_icon='\ue8f1' data-av_iconfont='entypo-fontello' title='' data-avia-related-tooltip='Compartir en Twitter' rel=\"noopener\"><span class='avia_hidden_link_text'>Compartir en Twitter<\/span><\/a><\/li><li class='av-share-link av-social-link-whatsapp' ><a target=\"_blank\" aria-label=\"Compartir en Whatsapp\" href='https:\/\/api.whatsapp.com\/send?text=https:\/\/radiorevelacionfm.cl\/?p=31035' aria-hidden='false' data-av_icon='\uf232' data-av_iconfont='entypo-fontello' title='' data-avia-related-tooltip='Compartir en Whatsapp' rel=\"noopener\"><span class='avia_hidden_link_text'>Compartir en Whatsapp<\/span><\/a><\/li><li class='av-share-link av-social-link-linkedin' ><a target=\"_blank\" aria-label=\"Compartir en LinkedIn\" href='https:\/\/linkedin.com\/shareArticle?mini=true&#038;title=Asume%20nueva%20autoridad%20regional%20en%20el%20Servicio%20Nacional%20de%20la%20Mujer%20y%20la%20Equidad%20de%20G%C3%A9nero&#038;url=https:\/\/radiorevelacionfm.cl\/?p=31035' aria-hidden='false' data-av_icon='\ue8fc' data-av_iconfont='entypo-fontello' title='' data-avia-related-tooltip='Compartir en LinkedIn' rel=\"noopener\"><span class='avia_hidden_link_text'>Compartir en LinkedIn<\/span><\/a><\/li><li class='av-share-link av-social-link-mail' ><a  aria-label=\"Compartir por correo\" href='mailto:?subject=Asume%20nueva%20autoridad%20regional%20en%20el%20Servicio%20Nacional%20de%20la%20Mujer%20y%20la%20Equidad%20de%20G%C3%A9nero&#038;body=https:\/\/radiorevelacionfm.cl\/?p=31035' aria-hidden='false' data-av_icon='\ue805' data-av_iconfont='entypo-fontello' title='' data-avia-related-tooltip='Compartir por correo'><span class='avia_hidden_link_text'>Compartir por correo<\/span><\/a><\/li><\/ul><\/div><\/div>\n<div  style='height:50px' class='hr hr-invisible   avia-builder-el-8  el_after_av_social_share  el_before_av_comments_list '><span class='hr-inner ' ><span class='hr-inner-style'><\/span><\/span><\/div>\n<div  class='av-buildercomment  av-blog-meta-html-info-disabled av-blog-meta-tag-disabled  '><\/div>\n","protected":false},"excerpt":{"rendered":"","protected":false},"author":1,"featured_media":31036,"comment_status":"open","ping_status":"open","sticky":false,"template":"","format":"standard","meta":{"footnotes":""},"categories":[38],"tags":[],"class_list":["post-31035","post","type-post","status-publish","format-standard","has-post-thumbnail","hentry","category-regional"],"jetpack_featured_media_url":"https:\/\/radiorevelacionfm.cl\/wp-content\/uploads\/2023\/05\/Nueva-Directora-S-SernamEG-1-1-1.jpg","_links":{"self":[{"href":"https:\/\/radiorevelacionfm.cl\/index.php?rest_route=\/wp\/v2\/posts\/31035","targetHints":{"allow":["GET"]}}],"collection":[{"href":"https:\/\/radiorevelacionfm.cl\/index.php?rest_route=\/wp\/v2\/posts"}],"about":[{"href":"https:\/\/radiorevelacionfm.cl\/index.php?rest_route=\/wp\/v2\/types\/post"}],"author":[{"embeddable":true,"href":"https:\/\/radiorevelacionfm.cl\/index.php?rest_route=\/wp\/v2\/users\/1"}],"replies":[{"embeddable":true,"href":"https:\/\/radiorevelacionfm.cl\/index.php?rest_route=%2Fwp%2Fv2%2Fcomments&post=31035"}],"version-history":[{"count":1,"href":"https:\/\/radiorevelacionfm.cl\/index.php?rest_route=\/wp\/v2\/posts\/31035\/revisions"}],"predecessor-version":[{"id":31037,"href":"https:\/\/radiorevelacionfm.cl\/index.php?rest_route=\/wp\/v2\/posts\/31035\/revisions\/31037"}],"wp:featuredmedia":[{"embeddable":true,"href":"https:\/\/radiorevelacionfm.cl\/index.php?rest_route=\/wp\/v2\/media\/31036"}],"wp:attachment":[{"href":"https:\/\/radiorevelacionfm.cl\/index.php?rest_route=%2Fwp%2Fv2%2Fmedia&parent=31035"}],"wp:term":[{"taxonomy":"category","embeddable":true,"href":"https:\/\/radiorevelacionfm.cl\/index.php?rest_route=%2Fwp%2Fv2%2Fcategories&post=31035"},{"taxonomy":"post_tag","embeddable":true,"href":"https:\/\/radiorevelacionfm.cl\/index.php?rest_route=%2Fwp%2Fv2%2Ftags&post=31035"}],"curies":[{"name":"wp","href":"https:\/\/api.w.org\/{rel}","templated":true}]}}