{"id":31032,"date":"2023-05-15T21:02:11","date_gmt":"2023-05-16T00:02:11","guid":{"rendered":"https:\/\/radiorevelacionfm.cl\/?p=31032"},"modified":"2023-05-15T21:02:11","modified_gmt":"2023-05-16T00:02:11","slug":"al-sonido-de-juan-gabriel-puerto-aysen-conmemoro-a-las-madres-en-su-dia","status":"publish","type":"post","link":"https:\/\/radiorevelacionfm.cl\/?p=31032","title":{"rendered":"Al sonido de Juan Gabriel: Puerto Ays\u00e9n conmemor\u00f3 a las madres en su d\u00eda"},"content":{"rendered":"<div class=\"flex_column av_one_full  flex_column_div av-zero-column-padding first  avia-builder-el-0  el_before_av_one_full  avia-builder-el-first  \" style='border-radius:0px; '><div  class='avia-image-container  av-styling-    avia-builder-el-1  avia-builder-el-no-sibling  avia-align-center '  itemprop=\"image\" itemscope=\"itemscope\" itemtype=\"https:\/\/schema.org\/ImageObject\"  ><div class='avia-image-container-inner'><div class='avia-image-overlay-wrap'><img decoding=\"async\" class='wp-image-31033 avia-img-lazy-loading-not-31033 avia_image' src=\"https:\/\/radiorevelacionfm.cl\/wp-content\/uploads\/2023\/05\/fotografia-8-1-1_optimized-1-1.jpeg\" alt='' title='fotograf\u00eda-(8)-(1)-(1)_optimized (1) (1)' height=\"600\" width=\"1067\"  itemprop=\"thumbnailUrl\" srcset=\"https:\/\/radiorevelacionfm.cl\/wp-content\/uploads\/2023\/05\/fotografia-8-1-1_optimized-1-1.jpeg 1067w, https:\/\/radiorevelacionfm.cl\/wp-content\/uploads\/2023\/05\/fotografia-8-1-1_optimized-1-1-300x169.jpeg 300w, https:\/\/radiorevelacionfm.cl\/wp-content\/uploads\/2023\/05\/fotografia-8-1-1_optimized-1-1-1030x579.jpeg 1030w, https:\/\/radiorevelacionfm.cl\/wp-content\/uploads\/2023\/05\/fotografia-8-1-1_optimized-1-1-768x432.jpeg 768w, https:\/\/radiorevelacionfm.cl\/wp-content\/uploads\/2023\/05\/fotografia-8-1-1_optimized-1-1-705x396.jpeg 705w, https:\/\/radiorevelacionfm.cl\/wp-content\/uploads\/2023\/05\/fotografia-8-1-1_optimized-1-1-450x253.jpeg 450w, https:\/\/radiorevelacionfm.cl\/wp-content\/uploads\/2023\/05\/fotografia-8-1-1_optimized-1-1-600x337.jpeg 600w\" sizes=\"(max-width: 1067px) 100vw, 1067px\" \/><\/div><\/div><\/div><\/div><div class=\"flex_column av_one_full  flex_column_div av-zero-column-padding first  avia-builder-el-2  el_after_av_one_full  el_before_av_one_full  column-top-margin\" style='border-radius:0px; '><section class=\"av_textblock_section \"  itemscope=\"itemscope\" itemtype=\"https:\/\/schema.org\/BlogPosting\" itemprop=\"blogPost\" ><div class='avia_textblock  '   itemprop=\"text\" ><p style=\"text-align: center;\"><strong><span style=\"font-size: 18pt;\">Al sonido de Juan Gabriel: Puerto Ays\u00e9n conmemor\u00f3 a las madres en su d\u00eda<\/span><\/strong><\/p>\n<div id=\"gtx-trans\" style=\"position: absolute; left: -50px; top: 4.31534px;\">\n<div class=\"gtx-trans-icon\"><\/div>\n<\/div>\n<\/div><\/section><\/div><div class=\"flex_column av_one_full  flex_column_div av-zero-column-padding first  avia-builder-el-4  el_after_av_one_full  el_before_av_hr  column-top-margin\" style='border-radius:0px; '><section class=\"av_textblock_section \"  itemscope=\"itemscope\" itemtype=\"https:\/\/schema.org\/BlogPosting\" itemprop=\"blogPost\" ><div class='avia_textblock  '   itemprop=\"text\" ><p style=\"text-align: justify;\">Un gran \u00e9xito entre las madres de Ays\u00e9n fue la conmemoraci\u00f3n que se llev\u00f3 a cabo el pasado viernes 12 de mayo en las inmediaciones de la Casa de la Cultura de Puerto Ays\u00e9n.<\/p>\n<p style=\"text-align: justify;\">Desde las 16:30 horas, una serie de actividades acontecieron para conmemorar a las madres en su d\u00eda, acompa\u00f1ando la instancia con diferentes stands informativos y la presentaci\u00f3n de la Banda Benem\u00e9rita de Carabineros. La sorpresa era el espect\u00e1culo del doble de Juan Gabriel, show que motiv\u00f3 a todas las asistentes a cantar y bailar al ritmo del recordado cantante mexicano. El espect\u00e1culo estuvo a cargo de Patricio Figueroa, quien mantiene un motivante show como el Doble de Juan Gabriel.<\/p>\n<p style=\"text-align: justify;\">\u201cFue una jornada bastante emotiva, bastante intima. Como Ilustre Municipalidad de Ays\u00e9n, Direcci\u00f3n de Desarrollo Comunitario y Unidad de Cultura, estamos muy contentos de poder otorgar estos espacios a nuestras madres, y tambi\u00e9n a la familia. Existe un entusiasmo por seguir gestionando eventos, sobre todo participativos para la familia y para la comunidad de Ays\u00e9n\u201d, coment\u00f3 el encargado de Cultura, Cristi\u00e1n Torres Araneda.<\/p>\n<p style=\"text-align: justify;\">La instancia, tambi\u00e9n estuvo potenciada a trav\u00e9s de stands informativos que entregaron conocimiento y orientaci\u00f3n a las asistentes, y que estuvieron a cargo de los programas de la Direcci\u00f3n de Desarrollo Comunitario, como HEPI Crianza, Senda, OLN y Centro de la Mujer. Asimismo, CESFAM tambi\u00e9n estuvo presente desde el \u00e1rea de la salud. Sin duda, una conmemoraci\u00f3n exitosa que tendr\u00e1 siguientes versiones.<\/p>\n<\/div><\/section><\/div><div  style='height:50px' class='hr hr-invisible   avia-builder-el-6  el_after_av_one_full  el_before_av_social_share '><span class='hr-inner ' ><span class='hr-inner-style'><\/span><\/span><\/div><\/p>\n<div  class='av-social-sharing-box  avia-builder-el-7  el_after_av_hr  el_before_av_hr  '><div class='av-share-box'><h5 class='av-share-link-description av-no-toc '>Compartir esta noticia<\/h5><ul class='av-share-box-list noLightbox'><li class='av-share-link av-social-link-facebook' ><a target=\"_blank\" aria-label=\"Compartir en Facebook\" href='https:\/\/www.facebook.com\/sharer.php?u=https:\/\/radiorevelacionfm.cl\/?p=31032&#038;t=Al%20sonido%20de%20Juan%20Gabriel%3A%20Puerto%20Ays%C3%A9n%20conmemor%C3%B3%20a%20las%20madres%20en%20su%20d%C3%ADa' aria-hidden='false' data-av_icon='\ue8f3' data-av_iconfont='entypo-fontello' title='' data-avia-related-tooltip='Compartir en Facebook' rel=\"noopener\"><span class='avia_hidden_link_text'>Compartir en Facebook<\/span><\/a><\/li><li class='av-share-link av-social-link-twitter' ><a target=\"_blank\" aria-label=\"Compartir en Twitter\" href='https:\/\/twitter.com\/share?text=Al%20sonido%20de%20Juan%20Gabriel%3A%20Puerto%20Ays%C3%A9n%20conmemor%C3%B3%20a%20las%20madres%20en%20su%20d%C3%ADa&#038;url=https:\/\/radiorevelacionfm.cl\/?p=31032' aria-hidden='false' data-av_icon='\ue8f1' data-av_iconfont='entypo-fontello' title='' data-avia-related-tooltip='Compartir en Twitter' rel=\"noopener\"><span class='avia_hidden_link_text'>Compartir en Twitter<\/span><\/a><\/li><li class='av-share-link av-social-link-whatsapp' ><a target=\"_blank\" aria-label=\"Compartir en Whatsapp\" href='https:\/\/api.whatsapp.com\/send?text=https:\/\/radiorevelacionfm.cl\/?p=31032' aria-hidden='false' data-av_icon='\uf232' data-av_iconfont='entypo-fontello' title='' data-avia-related-tooltip='Compartir en Whatsapp' rel=\"noopener\"><span class='avia_hidden_link_text'>Compartir en Whatsapp<\/span><\/a><\/li><li class='av-share-link av-social-link-linkedin' ><a target=\"_blank\" aria-label=\"Compartir en LinkedIn\" href='https:\/\/linkedin.com\/shareArticle?mini=true&#038;title=Al%20sonido%20de%20Juan%20Gabriel%3A%20Puerto%20Ays%C3%A9n%20conmemor%C3%B3%20a%20las%20madres%20en%20su%20d%C3%ADa&#038;url=https:\/\/radiorevelacionfm.cl\/?p=31032' aria-hidden='false' data-av_icon='\ue8fc' data-av_iconfont='entypo-fontello' title='' data-avia-related-tooltip='Compartir en LinkedIn' rel=\"noopener\"><span class='avia_hidden_link_text'>Compartir en LinkedIn<\/span><\/a><\/li><li class='av-share-link av-social-link-mail' ><a  aria-label=\"Compartir por correo\" href='mailto:?subject=Al%20sonido%20de%20Juan%20Gabriel%3A%20Puerto%20Ays%C3%A9n%20conmemor%C3%B3%20a%20las%20madres%20en%20su%20d%C3%ADa&#038;body=https:\/\/radiorevelacionfm.cl\/?p=31032' aria-hidden='false' data-av_icon='\ue805' data-av_iconfont='entypo-fontello' title='' data-avia-related-tooltip='Compartir por correo'><span class='avia_hidden_link_text'>Compartir por correo<\/span><\/a><\/li><\/ul><\/div><\/div>\n<div  style='height:50px' class='hr hr-invisible   avia-builder-el-8  el_after_av_social_share  el_before_av_comments_list '><span class='hr-inner ' ><span class='hr-inner-style'><\/span><\/span><\/div>\n<div  class='av-buildercomment  av-blog-meta-html-info-disabled av-blog-meta-tag-disabled  '><\/div>\n","protected":false},"excerpt":{"rendered":"","protected":false},"author":1,"featured_media":31033,"comment_status":"open","ping_status":"open","sticky":false,"template":"","format":"standard","meta":{"footnotes":""},"categories":[38],"tags":[],"class_list":["post-31032","post","type-post","status-publish","format-standard","has-post-thumbnail","hentry","category-regional"],"jetpack_featured_media_url":"https:\/\/radiorevelacionfm.cl\/wp-content\/uploads\/2023\/05\/fotografia-8-1-1_optimized-1-1.jpeg","_links":{"self":[{"href":"https:\/\/radiorevelacionfm.cl\/index.php?rest_route=\/wp\/v2\/posts\/31032","targetHints":{"allow":["GET"]}}],"collection":[{"href":"https:\/\/radiorevelacionfm.cl\/index.php?rest_route=\/wp\/v2\/posts"}],"about":[{"href":"https:\/\/radiorevelacionfm.cl\/index.php?rest_route=\/wp\/v2\/types\/post"}],"author":[{"embeddable":true,"href":"https:\/\/radiorevelacionfm.cl\/index.php?rest_route=\/wp\/v2\/users\/1"}],"replies":[{"embeddable":true,"href":"https:\/\/radiorevelacionfm.cl\/index.php?rest_route=%2Fwp%2Fv2%2Fcomments&post=31032"}],"version-history":[{"count":1,"href":"https:\/\/radiorevelacionfm.cl\/index.php?rest_route=\/wp\/v2\/posts\/31032\/revisions"}],"predecessor-version":[{"id":31034,"href":"https:\/\/radiorevelacionfm.cl\/index.php?rest_route=\/wp\/v2\/posts\/31032\/revisions\/31034"}],"wp:featuredmedia":[{"embeddable":true,"href":"https:\/\/radiorevelacionfm.cl\/index.php?rest_route=\/wp\/v2\/media\/31033"}],"wp:attachment":[{"href":"https:\/\/radiorevelacionfm.cl\/index.php?rest_route=%2Fwp%2Fv2%2Fmedia&parent=31032"}],"wp:term":[{"taxonomy":"category","embeddable":true,"href":"https:\/\/radiorevelacionfm.cl\/index.php?rest_route=%2Fwp%2Fv2%2Fcategories&post=31032"},{"taxonomy":"post_tag","embeddable":true,"href":"https:\/\/radiorevelacionfm.cl\/index.php?rest_route=%2Fwp%2Fv2%2Ftags&post=31032"}],"curies":[{"name":"wp","href":"https:\/\/api.w.org\/{rel}","templated":true}]}}