{"id":31029,"date":"2023-05-15T18:44:23","date_gmt":"2023-05-15T21:44:23","guid":{"rendered":"https:\/\/radiorevelacionfm.cl\/?p=31029"},"modified":"2023-05-15T18:44:23","modified_gmt":"2023-05-15T21:44:23","slug":"gran-asistencia-y-participacion-tuvo-el-primer-dialogo-ciudadano-hablemos-de-cuidados","status":"publish","type":"post","link":"https:\/\/radiorevelacionfm.cl\/?p=31029","title":{"rendered":"Gran asistencia y participaci\u00f3n tuvo el primer di\u00e1logo ciudadano \u201cHablemos de Cuidados\u201d"},"content":{"rendered":"<div class=\"flex_column av_one_full  flex_column_div av-zero-column-padding first  avia-builder-el-0  el_before_av_one_full  avia-builder-el-first  \" style='border-radius:0px; '><div  class='avia-image-container  av-styling-    avia-builder-el-1  avia-builder-el-no-sibling  avia-align-center '  itemprop=\"image\" itemscope=\"itemscope\" itemtype=\"https:\/\/schema.org\/ImageObject\"  ><div class='avia-image-container-inner'><div class='avia-image-overlay-wrap'><img decoding=\"async\" class='wp-image-31030 avia-img-lazy-loading-not-31030 avia_image' src=\"https:\/\/radiorevelacionfm.cl\/wp-content\/uploads\/2023\/05\/dialogo-100-personas-2-1_optimized.jpg\" alt='' title='di\u00e1logo - -100-personas-2-(1)_optimized' height=\"600\" width=\"1009\"  itemprop=\"thumbnailUrl\" srcset=\"https:\/\/radiorevelacionfm.cl\/wp-content\/uploads\/2023\/05\/dialogo-100-personas-2-1_optimized.jpg 1009w, https:\/\/radiorevelacionfm.cl\/wp-content\/uploads\/2023\/05\/dialogo-100-personas-2-1_optimized-300x178.jpg 300w, https:\/\/radiorevelacionfm.cl\/wp-content\/uploads\/2023\/05\/dialogo-100-personas-2-1_optimized-768x457.jpg 768w, https:\/\/radiorevelacionfm.cl\/wp-content\/uploads\/2023\/05\/dialogo-100-personas-2-1_optimized-705x419.jpg 705w, https:\/\/radiorevelacionfm.cl\/wp-content\/uploads\/2023\/05\/dialogo-100-personas-2-1_optimized-450x268.jpg 450w, https:\/\/radiorevelacionfm.cl\/wp-content\/uploads\/2023\/05\/dialogo-100-personas-2-1_optimized-600x357.jpg 600w\" sizes=\"(max-width: 1009px) 100vw, 1009px\" \/><\/div><\/div><\/div><\/div><div class=\"flex_column av_one_full  flex_column_div av-zero-column-padding first  avia-builder-el-2  el_after_av_one_full  el_before_av_one_full  column-top-margin\" style='border-radius:0px; '><section class=\"av_textblock_section \"  itemscope=\"itemscope\" itemtype=\"https:\/\/schema.org\/BlogPosting\" itemprop=\"blogPost\" ><div class='avia_textblock  '   itemprop=\"text\" ><p style=\"text-align: center;\"><span style=\"font-size: 18pt;\"><strong>Gran asistencia y participaci\u00f3n tuvo el primer di\u00e1logo ciudadano \u201cHablemos de Cuidados\u201d<\/strong><\/span><\/p>\n<div id=\"gtx-trans\" style=\"position: absolute; left: -50px; top: 4.31534px;\">\n<div class=\"gtx-trans-icon\"><\/div>\n<\/div>\n<\/div><\/section><\/div><div class=\"flex_column av_one_full  flex_column_div av-zero-column-padding first  avia-builder-el-4  el_after_av_one_full  el_before_av_hr  column-top-margin\" style='border-radius:0px; '><section class=\"av_textblock_section \"  itemscope=\"itemscope\" itemtype=\"https:\/\/schema.org\/BlogPosting\" itemprop=\"blogPost\" ><div class='avia_textblock  '   itemprop=\"text\" ><p style=\"text-align: justify;\">M\u00e1s de 100 personas distribuidas en m\u00e1s de 10 grupos de conversaci\u00f3n fueron las que participaron del primer di\u00e1logo ciudadano: Hablemos de Cuidado, una iniciativa que se replica en cada una de las regiones y que\u00a0 forma parte de un esfuerzo mayor que busca consolidar una pol\u00edtica p\u00fablica y un sistema nacional de cuidados con perspectiva social que recoja las caracter\u00edsticas y experiencias propias de los territorios, uno de los proyectos m\u00e1s ambiciosos del Gobierno del Presidente Gabriel Boric.<\/p>\n<p style=\"text-align: justify;\">Rodrigo Araya, delegado presidencial regional, el avanzar en una ley marco y una pol\u00edtica nacional de cuidados es tremendamente relevante considerando el gran n\u00famero de mujeres cuidadoras que hay en todo el territorio nacional. \u201cPor qu\u00e9 cuidadoras, porque la mayor\u00eda de quienes ejercen cuidados son mujeres y la importancia de estos di\u00e1logos cuidado tienen que ver como incorporamos las caracter\u00edsticas, en este caso de la Regi\u00f3n de Ays\u00e9n, en un futuro sistema nacional de cuidados\u201d.<\/p>\n<p style=\"text-align: justify;\">En esa l\u00ednea, Vanesa Aguirre, madre, trabajadora y cuidadora principal de una persona en situaci\u00f3n de dependencia severa, valor\u00f3 positivamente este espacio pues reconoce que quienes est\u00e1n al cuidado de otro ser humano no cuentan con tiempo para relacionarse con la sociedad y mucho menos con las autoridades. \u201cEstas instancias hay que aprovecharlas para abordar a las autoridades y manifestarles que necesitamos pol\u00edticas p\u00fablicas o todo lo que visibilice lo que hace un cuidador. Un cuidador cuida 24\/7 y hay que dar espacios donde se pueda llegar a acuerdo y visibilizar esta situaci\u00f3n\u00bb.<\/p>\n<p style=\"text-align: justify;\">Para Karina Acevedo Auad, SEREMI de Desarrollo Social y Familia, \u201cese es el gran desaf\u00edo que ha impuesto el Presidente Gabriel Boric, poder generar una pol\u00edtica y sistema nacional de cuidados entendiendo que el 85% de quienes destinan 8 o m\u00e1s horas diarias al trabajo de cuidados no remunerado son mujeres y hoy lo hacen por cari\u00f1o, por amor a quienes cuidan. Hay que dar dignidad al trabajo y dar garant\u00edas que quienes cuidan van a ser reconocidas por el estado, ese es el gran desaf\u00edo de lo que ser\u00e1 esta nueva pol\u00edtica: dar respuesta a una demanda que hoy la sociedad nos pide con mucha fuerza\u201d.<\/p>\n<p style=\"text-align: justify;\">Seg\u00fan estimaciones del Banco Central, el trabajo dom\u00e9stico no remunerado, incluyendo las labores de cuidado, representa m\u00e1s de 25% del PIB ampliado de nuestro pa\u00eds, por lo que Andrea M\u00e9ndez Valenzuela, SEREMI de la Mujer destaca que \u00abnuestra propuesta como gobierno es que el tema del cuidado, no recaiga exclusivamente en las mujeres, sino que sea responsabilidad del estado, y que \u00e9ste tenga un sistema que garantice o que acompa\u00f1e en el proceso de cuidar a otros, y para ello es importante preguntarles a las personas que efectivamente est\u00e1n ejerciendo estas labores\u00bb<\/p>\n<p style=\"text-align: justify;\">Una de las asistentes a esta actividad fue la Consejera Regional Paula Acu\u00f1a, quien valor\u00f3 estos espacios participativos que permiten generar pol\u00edticas p\u00fablicas con mayor asidero social. \u201cReconocer los cuidados, hablar de cuidados es crear conciencia sobre la labor que desarrollan quienes cuidan, hoy debemos cuidar a quienes cuidan. Hablar con m\u00e1s de 100 personas, vecinos y vecinas, personas que cuidan, hace que las pol\u00edticas p\u00fablicas sean nutridas con distintas visiones, de distintos actores a nivel territorial\u201d.<\/p>\n<p style=\"text-align: justify;\">Finalmente, el Seremi (S) de Gobierno, Alan\u00a0Espinoza enfatiz\u00f3 que \u201cel desarrollo regional\u00a0 implica generar condiciones para el buen vivir, por ello resaltamos el Di\u00e1logo Social \u201cHablemos de Cuidados\u201d, pues nos permite, entre todas y todos, avanzar en la elaboraci\u00f3n del proyecto de ley que busca crear el Sistema Nacional de Cuidados y permita fomentar\u00a0 la capacitaci\u00f3n y empleo formal para quienes ejercen estas labores, fortaleciendo los programas de cuidados domiciliarios, consolidando un Registro de Personas Cuidadoras, entre\u00a0otras\u00a0medidas muy sentidas por la comunidad\u201d.<\/p>\n<\/div><\/section><\/div><div  style='height:50px' class='hr hr-invisible   avia-builder-el-6  el_after_av_one_full  el_before_av_social_share '><span class='hr-inner ' ><span class='hr-inner-style'><\/span><\/span><\/div><\/p>\n<div  class='av-social-sharing-box  avia-builder-el-7  el_after_av_hr  el_before_av_hr  '><div class='av-share-box'><h5 class='av-share-link-description av-no-toc '>Compartir esta noticia<\/h5><ul class='av-share-box-list noLightbox'><li class='av-share-link av-social-link-facebook' ><a target=\"_blank\" aria-label=\"Compartir en Facebook\" href='https:\/\/www.facebook.com\/sharer.php?u=https:\/\/radiorevelacionfm.cl\/?p=31029&#038;t=Gran%20asistencia%20y%20participaci%C3%B3n%20tuvo%20el%20primer%20di%C3%A1logo%20ciudadano%20%E2%80%9CHablemos%20de%20Cuidados%E2%80%9D' aria-hidden='false' data-av_icon='\ue8f3' data-av_iconfont='entypo-fontello' title='' data-avia-related-tooltip='Compartir en Facebook' rel=\"noopener\"><span class='avia_hidden_link_text'>Compartir en Facebook<\/span><\/a><\/li><li class='av-share-link av-social-link-twitter' ><a target=\"_blank\" aria-label=\"Compartir en Twitter\" href='https:\/\/twitter.com\/share?text=Gran%20asistencia%20y%20participaci%C3%B3n%20tuvo%20el%20primer%20di%C3%A1logo%20ciudadano%20%E2%80%9CHablemos%20de%20Cuidados%E2%80%9D&#038;url=https:\/\/radiorevelacionfm.cl\/?p=31029' aria-hidden='false' data-av_icon='\ue8f1' data-av_iconfont='entypo-fontello' title='' data-avia-related-tooltip='Compartir en Twitter' rel=\"noopener\"><span class='avia_hidden_link_text'>Compartir en Twitter<\/span><\/a><\/li><li class='av-share-link av-social-link-whatsapp' ><a target=\"_blank\" aria-label=\"Compartir en Whatsapp\" href='https:\/\/api.whatsapp.com\/send?text=https:\/\/radiorevelacionfm.cl\/?p=31029' aria-hidden='false' data-av_icon='\uf232' data-av_iconfont='entypo-fontello' title='' data-avia-related-tooltip='Compartir en Whatsapp' rel=\"noopener\"><span class='avia_hidden_link_text'>Compartir en Whatsapp<\/span><\/a><\/li><li class='av-share-link av-social-link-linkedin' ><a target=\"_blank\" aria-label=\"Compartir en LinkedIn\" href='https:\/\/linkedin.com\/shareArticle?mini=true&#038;title=Gran%20asistencia%20y%20participaci%C3%B3n%20tuvo%20el%20primer%20di%C3%A1logo%20ciudadano%20%E2%80%9CHablemos%20de%20Cuidados%E2%80%9D&#038;url=https:\/\/radiorevelacionfm.cl\/?p=31029' aria-hidden='false' data-av_icon='\ue8fc' data-av_iconfont='entypo-fontello' title='' data-avia-related-tooltip='Compartir en LinkedIn' rel=\"noopener\"><span class='avia_hidden_link_text'>Compartir en LinkedIn<\/span><\/a><\/li><li class='av-share-link av-social-link-mail' ><a  aria-label=\"Compartir por correo\" href='mailto:?subject=Gran%20asistencia%20y%20participaci%C3%B3n%20tuvo%20el%20primer%20di%C3%A1logo%20ciudadano%20%E2%80%9CHablemos%20de%20Cuidados%E2%80%9D&#038;body=https:\/\/radiorevelacionfm.cl\/?p=31029' aria-hidden='false' data-av_icon='\ue805' data-av_iconfont='entypo-fontello' title='' data-avia-related-tooltip='Compartir por correo'><span class='avia_hidden_link_text'>Compartir por correo<\/span><\/a><\/li><\/ul><\/div><\/div>\n<div  style='height:50px' class='hr hr-invisible   avia-builder-el-8  el_after_av_social_share  el_before_av_comments_list '><span class='hr-inner ' ><span class='hr-inner-style'><\/span><\/span><\/div>\n<div  class='av-buildercomment  av-blog-meta-html-info-disabled av-blog-meta-tag-disabled  '><\/div>\n","protected":false},"excerpt":{"rendered":"","protected":false},"author":1,"featured_media":31030,"comment_status":"open","ping_status":"open","sticky":false,"template":"","format":"standard","meta":{"footnotes":""},"categories":[38],"tags":[],"class_list":["post-31029","post","type-post","status-publish","format-standard","has-post-thumbnail","hentry","category-regional"],"jetpack_featured_media_url":"https:\/\/radiorevelacionfm.cl\/wp-content\/uploads\/2023\/05\/dialogo-100-personas-2-1_optimized.jpg","_links":{"self":[{"href":"https:\/\/radiorevelacionfm.cl\/index.php?rest_route=\/wp\/v2\/posts\/31029","targetHints":{"allow":["GET"]}}],"collection":[{"href":"https:\/\/radiorevelacionfm.cl\/index.php?rest_route=\/wp\/v2\/posts"}],"about":[{"href":"https:\/\/radiorevelacionfm.cl\/index.php?rest_route=\/wp\/v2\/types\/post"}],"author":[{"embeddable":true,"href":"https:\/\/radiorevelacionfm.cl\/index.php?rest_route=\/wp\/v2\/users\/1"}],"replies":[{"embeddable":true,"href":"https:\/\/radiorevelacionfm.cl\/index.php?rest_route=%2Fwp%2Fv2%2Fcomments&post=31029"}],"version-history":[{"count":1,"href":"https:\/\/radiorevelacionfm.cl\/index.php?rest_route=\/wp\/v2\/posts\/31029\/revisions"}],"predecessor-version":[{"id":31031,"href":"https:\/\/radiorevelacionfm.cl\/index.php?rest_route=\/wp\/v2\/posts\/31029\/revisions\/31031"}],"wp:featuredmedia":[{"embeddable":true,"href":"https:\/\/radiorevelacionfm.cl\/index.php?rest_route=\/wp\/v2\/media\/31030"}],"wp:attachment":[{"href":"https:\/\/radiorevelacionfm.cl\/index.php?rest_route=%2Fwp%2Fv2%2Fmedia&parent=31029"}],"wp:term":[{"taxonomy":"category","embeddable":true,"href":"https:\/\/radiorevelacionfm.cl\/index.php?rest_route=%2Fwp%2Fv2%2Fcategories&post=31029"},{"taxonomy":"post_tag","embeddable":true,"href":"https:\/\/radiorevelacionfm.cl\/index.php?rest_route=%2Fwp%2Fv2%2Ftags&post=31029"}],"curies":[{"name":"wp","href":"https:\/\/api.w.org\/{rel}","templated":true}]}}