{"id":31026,"date":"2023-05-16T11:17:27","date_gmt":"2023-05-16T14:17:27","guid":{"rendered":"https:\/\/radiorevelacionfm.cl\/?p=31026"},"modified":"2023-05-16T11:17:27","modified_gmt":"2023-05-16T14:17:27","slug":"junaeb-capacito-a-red-colaboradora-regional-en-beneficios-del-programa-servicios-medicos","status":"publish","type":"post","link":"https:\/\/radiorevelacionfm.cl\/?p=31026","title":{"rendered":"Junaeb capacit\u00f3 a Red Colaboradora regional en beneficios del Programa Servicios M\u00e9dicos"},"content":{"rendered":"<div class=\"flex_column av_one_full  flex_column_div av-zero-column-padding first  avia-builder-el-0  el_before_av_one_full  avia-builder-el-first  \" style='border-radius:0px; '><div  class='avia-image-container  av-styling-    avia-builder-el-1  avia-builder-el-no-sibling  avia-align-center '  itemprop=\"image\" itemscope=\"itemscope\" itemtype=\"https:\/\/schema.org\/ImageObject\"  ><div class='avia-image-container-inner'><div class='avia-image-overlay-wrap'><img decoding=\"async\" class='wp-image-31027 avia-img-lazy-loading-not-31027 avia_image' src=\"https:\/\/radiorevelacionfm.cl\/wp-content\/uploads\/2023\/05\/4_optimized.-junaeb-ssmm-prensa-1.jpg\" alt='' title='4_optimized.-junaeb-ssmm - -prensa-(1)' height=\"600\" width=\"966\"  itemprop=\"thumbnailUrl\" srcset=\"https:\/\/radiorevelacionfm.cl\/wp-content\/uploads\/2023\/05\/4_optimized.-junaeb-ssmm-prensa-1.jpg 966w, https:\/\/radiorevelacionfm.cl\/wp-content\/uploads\/2023\/05\/4_optimized.-junaeb-ssmm-prensa-1-300x186.jpg 300w, https:\/\/radiorevelacionfm.cl\/wp-content\/uploads\/2023\/05\/4_optimized.-junaeb-ssmm-prensa-1-768x477.jpg 768w, https:\/\/radiorevelacionfm.cl\/wp-content\/uploads\/2023\/05\/4_optimized.-junaeb-ssmm-prensa-1-705x438.jpg 705w, https:\/\/radiorevelacionfm.cl\/wp-content\/uploads\/2023\/05\/4_optimized.-junaeb-ssmm-prensa-1-450x280.jpg 450w, https:\/\/radiorevelacionfm.cl\/wp-content\/uploads\/2023\/05\/4_optimized.-junaeb-ssmm-prensa-1-600x373.jpg 600w\" sizes=\"(max-width: 966px) 100vw, 966px\" \/><\/div><\/div><\/div><\/div><div class=\"flex_column av_one_full  flex_column_div av-zero-column-padding first  avia-builder-el-2  el_after_av_one_full  el_before_av_one_full  column-top-margin\" style='border-radius:0px; '><section class=\"av_textblock_section \"  itemscope=\"itemscope\" itemtype=\"https:\/\/schema.org\/BlogPosting\" itemprop=\"blogPost\" ><div class='avia_textblock  '   itemprop=\"text\" ><p style=\"text-align: center;\"><strong><span style=\"font-size: 18pt;\">Junaeb capacit\u00f3 a Red Colaboradora regional en beneficios del Programa Servicios M\u00e9dicos<\/span><\/strong><\/p>\n<div id=\"gtx-trans\" style=\"position: absolute; left: -50px; top: 4.31534px;\">\n<div class=\"gtx-trans-icon\"><\/div>\n<\/div>\n<\/div><\/section><\/div><div class=\"flex_column av_one_full  flex_column_div av-zero-column-padding first  avia-builder-el-4  el_after_av_one_full  el_before_av_hr  column-top-margin\" style='border-radius:0px; '><section class=\"av_textblock_section \"  itemscope=\"itemscope\" itemtype=\"https:\/\/schema.org\/BlogPosting\" itemprop=\"blogPost\" ><div class='avia_textblock  '   itemprop=\"text\" ><p class=\"v1MsoNormal\" style=\"text-align: justify;\">Cerca de 70 representantes de la Red Colaboradora de JUNAEB en la Regi\u00f3n de Ays\u00e9n, as\u00ed como apoderados y alumnos usuarios del programa Servicios M\u00e9dicos (SSMM) participaron este martes en una jornada de capacitaci\u00f3n, desarrollada en dependencias del Gobierno Regional de Ays\u00e9n, en calle General Parra, en Coyhaique.<\/p>\n<p class=\"v1MsoNormal\" style=\"text-align: justify;\">El director de JUNAEB Regi\u00f3n de Ays\u00e9n, Manuel Vivar, valor\u00f3 este encuentro que cont\u00f3 con asistencia de encargados program\u00e1ticos de los distintos establecimientos educacionales de la zona.<\/p>\n<p class=\"v1MsoNormal\" style=\"text-align: justify;\">\u201cUno de los desaf\u00edos que tenemos desde nuestra direcci\u00f3n regional es poder asegurar que nuestra oferta program\u00e1tica en salud llegue a todo el territorio, y en ese contexto, es fundamental el trabajo articulado que se debemos desarrollar con las contrapartes en cada uno de los establecimientos que se afianza en este tipo de jornadas. Tenemos la convicci\u00f3n que nuestra oferta program\u00e1tica en el \u00e1rea de salud, adem\u00e1s de mejorar la calidad de vida de los estudiantes, contribuye a la asistencia y revinculaci\u00f3n educativa, uno de los pilares del plan de reactivaci\u00f3n educativa que promueve el Ministerio de Educaci\u00f3n\u201d.<\/p>\n<p class=\"v1MsoNormal\" style=\"text-align: justify;\">JUNAEB tiene por misi\u00f3n contribuir a la igualdad de oportunidades dentro del sistema educacional mediante con la implementaci\u00f3n de pol\u00edticas p\u00fablicas, programas sociales y la entrega oportuna de atenciones a estudiantes que requieran, por ejemplo, pesquisa en problemas de salud relacionados con rendimiento escolar, y por ello se profundiz\u00f3 en los problemas de columna, escoliosis o dorso curvo, que incluyen el tratamiento con entrega de plantillas de realce, cors\u00e9 y sesiones de kinesiterapia, donde especialistas del \u00e1rea m\u00e9dica aplican\u00a0<i>screening<\/i>, diagn\u00f3stico, ex\u00e1menes, tratamiento y control.<\/p>\n<p class=\"v1MsoNormal\" style=\"text-align: justify;\"><b>UN ACOMPA\u00d1AMIENTO NECESARIO<\/b><\/p>\n<p class=\"v1MsoNormal\" style=\"text-align: justify;\">Brigitte Cares, una de las apoderadas asistentes junto a su hijo que estudia en el Colegio Alborada de Coyhaique coment\u00f3 que recibieron los lentes y el cors\u00e9 del programa de Servicios M\u00e9dicos, \u201cy hasta ahora hemos tenido buenos resultado, funciona s\u00faper bien, y la charla fue s\u00faper buena, nos explicaron muy bien, y el especialista tiene la voluntad de explicar y ense\u00f1ar c\u00f3mo es el tema\u201d.<\/p>\n<p class=\"v1MsoNormal\" style=\"text-align: justify;\">Por su parte, el coordinador de Salud de la Escuela Baquedano de Coyhaique, Sergio Maldonado, valor\u00f3 que estas jornadas de capacitaci\u00f3n e informaci\u00f3n \u201cson siempre muy pertinentes, y la actualizaci\u00f3n que en todos los \u00e1mbitos dio JUNAEB estuvieron bastante bien y claras, donde las principales inquietudes son los alumnos que quedaron sin atender en tiempo de pandemia y que se han ido postergando, pero las respuestas fueron oportunas\u201d, concluyendo que \u201cel trabajo de JUNAEB en la educaci\u00f3n es uno de los m\u00e1s queridos por la comunidad educativa y por los apoderados, porque son muy atingentes, son precisas y responden a las reales necesidades de los alumnos y sus familias\u201d.<\/p>\n<p class=\"v1MsoNormal\" style=\"text-align: justify;\">As\u00ed, junto con revisar los principales hitos del programa Servicios M\u00e9dicos de JUNAEB 2023 y sus avances en los \u00faltimos a\u00f1os, a cargo de la profesional de JUNAEB Ays\u00e9n, Dania Palma Tenorio; se realiz\u00f3 la presentaci\u00f3n: \u201cConfecci\u00f3n, uso y adherencia al uso de cors\u00e9\u201d, por parte de Eric Contreras Prado, ortoprotesista y especialista en pr\u00f3tesis. Tambi\u00e9n los integrantes de la Red Colaboradora recibieron informaci\u00f3n detallada sobre las nuevas orientaciones en el uso de las plataformas inform\u00e1ticas por parte del equipo de JUNAEB Regi\u00f3n de Ays\u00e9n.<\/p>\n<\/div><\/section><\/div><div  style='height:50px' class='hr hr-invisible   avia-builder-el-6  el_after_av_one_full  el_before_av_social_share '><span class='hr-inner ' ><span class='hr-inner-style'><\/span><\/span><\/div><\/p>\n<div  class='av-social-sharing-box  avia-builder-el-7  el_after_av_hr  el_before_av_hr  '><div class='av-share-box'><h5 class='av-share-link-description av-no-toc '>Compartir esta noticia<\/h5><ul class='av-share-box-list noLightbox'><li class='av-share-link av-social-link-facebook' ><a target=\"_blank\" aria-label=\"Compartir en Facebook\" href='https:\/\/www.facebook.com\/sharer.php?u=https:\/\/radiorevelacionfm.cl\/?p=31026&#038;t=Junaeb%20capacit%C3%B3%20a%20Red%20Colaboradora%20regional%20en%20beneficios%20del%20Programa%20Servicios%20M%C3%A9dicos' aria-hidden='false' data-av_icon='\ue8f3' data-av_iconfont='entypo-fontello' title='' data-avia-related-tooltip='Compartir en Facebook' rel=\"noopener\"><span class='avia_hidden_link_text'>Compartir en Facebook<\/span><\/a><\/li><li class='av-share-link av-social-link-twitter' ><a target=\"_blank\" aria-label=\"Compartir en Twitter\" href='https:\/\/twitter.com\/share?text=Junaeb%20capacit%C3%B3%20a%20Red%20Colaboradora%20regional%20en%20beneficios%20del%20Programa%20Servicios%20M%C3%A9dicos&#038;url=https:\/\/radiorevelacionfm.cl\/?p=31026' aria-hidden='false' data-av_icon='\ue8f1' data-av_iconfont='entypo-fontello' title='' data-avia-related-tooltip='Compartir en Twitter' rel=\"noopener\"><span class='avia_hidden_link_text'>Compartir en Twitter<\/span><\/a><\/li><li class='av-share-link av-social-link-whatsapp' ><a target=\"_blank\" aria-label=\"Compartir en Whatsapp\" href='https:\/\/api.whatsapp.com\/send?text=https:\/\/radiorevelacionfm.cl\/?p=31026' aria-hidden='false' data-av_icon='\uf232' data-av_iconfont='entypo-fontello' title='' data-avia-related-tooltip='Compartir en Whatsapp' rel=\"noopener\"><span class='avia_hidden_link_text'>Compartir en Whatsapp<\/span><\/a><\/li><li class='av-share-link av-social-link-linkedin' ><a target=\"_blank\" aria-label=\"Compartir en LinkedIn\" href='https:\/\/linkedin.com\/shareArticle?mini=true&#038;title=Junaeb%20capacit%C3%B3%20a%20Red%20Colaboradora%20regional%20en%20beneficios%20del%20Programa%20Servicios%20M%C3%A9dicos&#038;url=https:\/\/radiorevelacionfm.cl\/?p=31026' aria-hidden='false' data-av_icon='\ue8fc' data-av_iconfont='entypo-fontello' title='' data-avia-related-tooltip='Compartir en LinkedIn' rel=\"noopener\"><span class='avia_hidden_link_text'>Compartir en LinkedIn<\/span><\/a><\/li><li class='av-share-link av-social-link-mail' ><a  aria-label=\"Compartir por correo\" href='mailto:?subject=Junaeb%20capacit%C3%B3%20a%20Red%20Colaboradora%20regional%20en%20beneficios%20del%20Programa%20Servicios%20M%C3%A9dicos&#038;body=https:\/\/radiorevelacionfm.cl\/?p=31026' aria-hidden='false' data-av_icon='\ue805' data-av_iconfont='entypo-fontello' title='' data-avia-related-tooltip='Compartir por correo'><span class='avia_hidden_link_text'>Compartir por correo<\/span><\/a><\/li><\/ul><\/div><\/div>\n<div  style='height:50px' class='hr hr-invisible   avia-builder-el-8  el_after_av_social_share  el_before_av_comments_list '><span class='hr-inner ' ><span class='hr-inner-style'><\/span><\/span><\/div>\n<div  class='av-buildercomment  av-blog-meta-html-info-disabled av-blog-meta-tag-disabled  '><\/div>\n","protected":false},"excerpt":{"rendered":"","protected":false},"author":1,"featured_media":31027,"comment_status":"open","ping_status":"open","sticky":false,"template":"","format":"standard","meta":{"footnotes":""},"categories":[49],"tags":[],"class_list":["post-31026","post","type-post","status-publish","format-standard","has-post-thumbnail","hentry","category-educacion"],"jetpack_featured_media_url":"https:\/\/radiorevelacionfm.cl\/wp-content\/uploads\/2023\/05\/4_optimized.-junaeb-ssmm-prensa-1.jpg","_links":{"self":[{"href":"https:\/\/radiorevelacionfm.cl\/index.php?rest_route=\/wp\/v2\/posts\/31026","targetHints":{"allow":["GET"]}}],"collection":[{"href":"https:\/\/radiorevelacionfm.cl\/index.php?rest_route=\/wp\/v2\/posts"}],"about":[{"href":"https:\/\/radiorevelacionfm.cl\/index.php?rest_route=\/wp\/v2\/types\/post"}],"author":[{"embeddable":true,"href":"https:\/\/radiorevelacionfm.cl\/index.php?rest_route=\/wp\/v2\/users\/1"}],"replies":[{"embeddable":true,"href":"https:\/\/radiorevelacionfm.cl\/index.php?rest_route=%2Fwp%2Fv2%2Fcomments&post=31026"}],"version-history":[{"count":1,"href":"https:\/\/radiorevelacionfm.cl\/index.php?rest_route=\/wp\/v2\/posts\/31026\/revisions"}],"predecessor-version":[{"id":31028,"href":"https:\/\/radiorevelacionfm.cl\/index.php?rest_route=\/wp\/v2\/posts\/31026\/revisions\/31028"}],"wp:featuredmedia":[{"embeddable":true,"href":"https:\/\/radiorevelacionfm.cl\/index.php?rest_route=\/wp\/v2\/media\/31027"}],"wp:attachment":[{"href":"https:\/\/radiorevelacionfm.cl\/index.php?rest_route=%2Fwp%2Fv2%2Fmedia&parent=31026"}],"wp:term":[{"taxonomy":"category","embeddable":true,"href":"https:\/\/radiorevelacionfm.cl\/index.php?rest_route=%2Fwp%2Fv2%2Fcategories&post=31026"},{"taxonomy":"post_tag","embeddable":true,"href":"https:\/\/radiorevelacionfm.cl\/index.php?rest_route=%2Fwp%2Fv2%2Ftags&post=31026"}],"curies":[{"name":"wp","href":"https:\/\/api.w.org\/{rel}","templated":true}]}}