{"id":31022,"date":"2023-05-15T17:55:23","date_gmt":"2023-05-15T20:55:23","guid":{"rendered":"https:\/\/radiorevelacionfm.cl\/?p=31022"},"modified":"2023-05-15T17:55:23","modified_gmt":"2023-05-15T20:55:23","slug":"gobierno-fortalece-dialogo-sobre-seguridad-ciudadana-con-dirigentes-sociales","status":"publish","type":"post","link":"https:\/\/radiorevelacionfm.cl\/?p=31022","title":{"rendered":"Gobierno fortalece di\u00e1logo sobre seguridad ciudadana con dirigentes sociales"},"content":{"rendered":"<div class=\"flex_column av_one_full  flex_column_div av-zero-column-padding first  avia-builder-el-0  el_before_av_one_full  avia-builder-el-first  \" style='border-radius:0px; '><div  class='avia-image-container  av-styling-    avia-builder-el-1  avia-builder-el-no-sibling  avia-align-center '  itemprop=\"image\" itemscope=\"itemscope\" itemtype=\"https:\/\/schema.org\/ImageObject\"  ><div class='avia-image-container-inner'><div class='avia-image-overlay-wrap'><img decoding=\"async\" class='wp-image-31024 avia-img-lazy-loading-not-31024 avia_image' src=\"https:\/\/radiorevelacionfm.cl\/wp-content\/uploads\/2023\/05\/IMG_7127-1-1.jpg\" alt='' title='IMG_7127 (1) (1)' height=\"600\" width=\"918\"  itemprop=\"thumbnailUrl\" srcset=\"https:\/\/radiorevelacionfm.cl\/wp-content\/uploads\/2023\/05\/IMG_7127-1-1.jpg 918w, https:\/\/radiorevelacionfm.cl\/wp-content\/uploads\/2023\/05\/IMG_7127-1-1-300x196.jpg 300w, https:\/\/radiorevelacionfm.cl\/wp-content\/uploads\/2023\/05\/IMG_7127-1-1-768x502.jpg 768w, https:\/\/radiorevelacionfm.cl\/wp-content\/uploads\/2023\/05\/IMG_7127-1-1-705x461.jpg 705w, https:\/\/radiorevelacionfm.cl\/wp-content\/uploads\/2023\/05\/IMG_7127-1-1-450x294.jpg 450w, https:\/\/radiorevelacionfm.cl\/wp-content\/uploads\/2023\/05\/IMG_7127-1-1-600x392.jpg 600w\" sizes=\"(max-width: 918px) 100vw, 918px\" \/><\/div><\/div><\/div><\/div><div class=\"flex_column av_one_full  flex_column_div av-zero-column-padding first  avia-builder-el-2  el_after_av_one_full  el_before_av_one_full  column-top-margin\" style='border-radius:0px; '><section class=\"av_textblock_section \"  itemscope=\"itemscope\" itemtype=\"https:\/\/schema.org\/BlogPosting\" itemprop=\"blogPost\" ><div class='avia_textblock  '   itemprop=\"text\" ><p style=\"text-align: center;\"><span style=\"font-size: 18pt;\"><b><span lang=\"ES\">Gobierno fortalece di\u00e1logo sobre seguridad ciudadana con dirigentes sociales<\/span><\/b><\/span><\/p>\n<div id=\"gtx-trans\" style=\"position: absolute; left: -50px; top: 4.31534px;\">\n<div class=\"gtx-trans-icon\"><\/div>\n<\/div>\n<\/div><\/section><\/div><\/p>\n<div class=\"flex_column av_one_full  flex_column_div av-zero-column-padding first  avia-builder-el-4  el_after_av_one_full  el_before_av_hr  column-top-margin\" style='border-radius:0px; '><section class=\"av_textblock_section \"  itemscope=\"itemscope\" itemtype=\"https:\/\/schema.org\/BlogPosting\" itemprop=\"blogPost\" ><div class='avia_textblock  '   itemprop=\"text\" ><p style=\"font-weight: 400; text-align: justify;\">Con el objetivo de fortalecer el trabajo conjunto entre instituciones y organizaciones sociales y entregar informaci\u00f3n directa a la comunidad, la Delegaci\u00f3n Presidencial Regional de Ays\u00e9n sostuvo un di\u00e1logo sobre seguridad ciudadana con dirigentes de juntas vecinales de Coyhaique.<\/p>\n<p style=\"font-weight: 400; text-align: justify;\">El encuentro fue encabezado por el Delegado Presidencial Regional, Rodrigo Araya, acompa\u00f1ado por la coordinadora de Seguridad P\u00fablica, Camila Covarrubias, el Jefe de la XI Zona de Carabineros, General Patricio Santos, y el Prefecto de la Polic\u00eda de Investigaciones, Luis Torralba, encontr\u00e1ndose el concejal Claudio Vidal entre los asistentes.<\/p>\n<p style=\"font-weight: 400; text-align: justify;\">\u201cCada instituci\u00f3n present\u00f3 las l\u00edneas de trabajo que quiere reforzar y los dirigentes manifestaron sus necesidades m\u00e1s sentidas y propuestas referidas a c\u00f3mo resolver. Hubo compromisos y entrega de informaci\u00f3n, ya que en la medida que los dirigentes tengan una buena informaci\u00f3n tambi\u00e9n pueden ayudar mucho mejor en la prevenci\u00f3n de situaciones conflictivas en sus comunidades, porque la seguridad es un tema que tenemos que resolver entre todos. Para nuestro Presidente, para nuestro Gobierno, la seguridad ciudadana, la seguridad econ\u00f3mica y la seguridad social son importantes y de eso se trata el trabajo con las juntas vecinales y organizaciones sociales de nuestra comuna\u201d, afirm\u00f3 Rodrigo Araya.<\/p>\n<p style=\"font-weight: 400; text-align: justify;\">Como parte de los puntos abordados estuvo el Plan Calles Sin Violencia, la incorporaci\u00f3n de siete patrullas policiales para Carabineros desde fines del a\u00f1o pasado hasta ahora y canales de atenci\u00f3n como el fono Denuncia Seguro (*4242), Centro de Atenci\u00f3n a V\u00edctimas de Delitos Violentos, Somos Barrio y Lazos, adem\u00e1s del trabajo del Comit\u00e9 Policial, Sistema T\u00e1ctico de Operaci\u00f3n Policial (Stop) y Consejos Comunales de Seguridad P\u00fablica.<\/p>\n<p style=\"font-weight: 400; text-align: justify;\"><strong>Apreciaciones de dirigentes vecinales<\/strong><\/p>\n<p style=\"font-weight: 400; text-align: justify;\">Entre los asistentes, el presidente de la junta vecinal Ampliaci\u00f3n V\u00edctor Domingo Silva, Carlos Barr\u00eda, consider\u00f3 importante el Plan Calles Sin Violencia que desarrolla el Gobierno.<\/p>\n<p style=\"font-weight: 400; text-align: justify;\">\u201cLa reuni\u00f3n me pareci\u00f3 interesante, noticias positivas, me parece necesario el rol del dirigente, que sea escuchado y, en conjunto con las autoridades, llegar a un buen norte en seguridad para todos nuestros pobladores. Es importante que estemos unidos como poblaci\u00f3n y autoridad, hoy se escuch\u00f3 claramente el llamado que hizo el Presidente Boric, que hay recursos para enfrentar la delincuencia en nuestra comuna y en nuestra regi\u00f3n, eso es importante y se agradece, as\u00ed es que a seguir trabajando m\u00e1s que nada\u201d, se\u00f1al\u00f3.<\/p>\n<p style=\"font-weight: 400; text-align: justify;\">La presidenta de la Junta Vecinal General Marchant, Luz Bastidas, coincidi\u00f3 en la importancia del trabajo mancomunado.<\/p>\n<p style=\"font-weight: 400; text-align: justify;\">\u201cEl trabajo que emprendemos como dirigentes es tratar de alzar la voz de la ciudadan\u00eda en tem\u00e1ticas que tienen que ver con seguridad, salud, educaci\u00f3n; es hacer presente observaciones, reclamos o sugerencias ante los organismos del Estado, ante las autoridades que nos representan y que est\u00e1n mandatadas para eso. Se trata de generar un di\u00e1logo cercano y buscar en conjunto las posibles soluciones a cada tem\u00e1tica\u201d, expres\u00f3.<\/p>\n<p style=\"font-weight: 400; text-align: justify;\">En representaci\u00f3n del sector Alto Baguales, Jaime Rain, enfatiz\u00f3 en el valor de la informaci\u00f3n directa para canalizar inquietudes con los organismos pertinentes.<\/p>\n<p style=\"font-weight: 400; text-align: justify;\">\u201cExcelente la reuni\u00f3n con autoridades, porque realmente pude expresar las necesidades que tienen mis vecinos, me pudieron escuchar y el General de Carabineros se comprometi\u00f3 a responder las inquietudes. Mi responsabilidad como dirigente es estar ac\u00e1, estar informado y llevar todo lo que se habl\u00f3 ac\u00e1, es decir, plantear en una pr\u00f3xima reuni\u00f3n todo lo que se convers\u00f3 ac\u00e1\u201d, concluy\u00f3.<\/p>\n<p style=\"font-weight: 400; text-align: justify;\">El Gobierno puso en marcha el Plan Calles Sin Violencia para disminuir los homicidios y delitos violentos en base a un trabajo coordinado que involucra al Gobierno, Carabineros de Chile, Polic\u00eda de Investigaciones y Ministerio P\u00fablico.<\/p>\n<\/div><\/section><\/div>\n<div  style='height:50px' class='hr hr-invisible   avia-builder-el-6  el_after_av_one_full  el_before_av_social_share '><span class='hr-inner ' ><span class='hr-inner-style'><\/span><\/span><\/div>\n<div  class='av-social-sharing-box  avia-builder-el-7  el_after_av_hr  el_before_av_hr  '><div class='av-share-box'><h5 class='av-share-link-description av-no-toc '>Compartir esta noticia<\/h5><ul class='av-share-box-list noLightbox'><li class='av-share-link av-social-link-facebook' ><a target=\"_blank\" aria-label=\"Compartir en Facebook\" href='https:\/\/www.facebook.com\/sharer.php?u=https:\/\/radiorevelacionfm.cl\/?p=31022&#038;t=Gobierno%20fortalece%20di%C3%A1logo%20sobre%20seguridad%20ciudadana%20con%20dirigentes%20sociales' aria-hidden='false' data-av_icon='\ue8f3' data-av_iconfont='entypo-fontello' title='' data-avia-related-tooltip='Compartir en Facebook' rel=\"noopener\"><span class='avia_hidden_link_text'>Compartir en Facebook<\/span><\/a><\/li><li class='av-share-link av-social-link-twitter' ><a target=\"_blank\" aria-label=\"Compartir en Twitter\" href='https:\/\/twitter.com\/share?text=Gobierno%20fortalece%20di%C3%A1logo%20sobre%20seguridad%20ciudadana%20con%20dirigentes%20sociales&#038;url=https:\/\/radiorevelacionfm.cl\/?p=31022' aria-hidden='false' data-av_icon='\ue8f1' data-av_iconfont='entypo-fontello' title='' data-avia-related-tooltip='Compartir en Twitter' rel=\"noopener\"><span class='avia_hidden_link_text'>Compartir en Twitter<\/span><\/a><\/li><li class='av-share-link av-social-link-whatsapp' ><a target=\"_blank\" aria-label=\"Compartir en Whatsapp\" href='https:\/\/api.whatsapp.com\/send?text=https:\/\/radiorevelacionfm.cl\/?p=31022' aria-hidden='false' data-av_icon='\uf232' data-av_iconfont='entypo-fontello' title='' data-avia-related-tooltip='Compartir en Whatsapp' rel=\"noopener\"><span class='avia_hidden_link_text'>Compartir en Whatsapp<\/span><\/a><\/li><li class='av-share-link av-social-link-linkedin' ><a target=\"_blank\" aria-label=\"Compartir en LinkedIn\" href='https:\/\/linkedin.com\/shareArticle?mini=true&#038;title=Gobierno%20fortalece%20di%C3%A1logo%20sobre%20seguridad%20ciudadana%20con%20dirigentes%20sociales&#038;url=https:\/\/radiorevelacionfm.cl\/?p=31022' aria-hidden='false' data-av_icon='\ue8fc' data-av_iconfont='entypo-fontello' title='' data-avia-related-tooltip='Compartir en LinkedIn' rel=\"noopener\"><span class='avia_hidden_link_text'>Compartir en LinkedIn<\/span><\/a><\/li><li class='av-share-link av-social-link-mail' ><a  aria-label=\"Compartir por correo\" href='mailto:?subject=Gobierno%20fortalece%20di%C3%A1logo%20sobre%20seguridad%20ciudadana%20con%20dirigentes%20sociales&#038;body=https:\/\/radiorevelacionfm.cl\/?p=31022' aria-hidden='false' data-av_icon='\ue805' data-av_iconfont='entypo-fontello' title='' data-avia-related-tooltip='Compartir por correo'><span class='avia_hidden_link_text'>Compartir por correo<\/span><\/a><\/li><\/ul><\/div><\/div>\n<div  style='height:50px' class='hr hr-invisible   avia-builder-el-8  el_after_av_social_share  el_before_av_comments_list '><span class='hr-inner ' ><span class='hr-inner-style'><\/span><\/span><\/div>\n<div  class='av-buildercomment  av-blog-meta-html-info-disabled av-blog-meta-tag-disabled  '><\/div>\n","protected":false},"excerpt":{"rendered":"","protected":false},"author":1,"featured_media":31024,"comment_status":"open","ping_status":"open","sticky":false,"template":"","format":"standard","meta":{"footnotes":""},"categories":[38],"tags":[],"class_list":["post-31022","post","type-post","status-publish","format-standard","has-post-thumbnail","hentry","category-regional"],"jetpack_featured_media_url":"https:\/\/radiorevelacionfm.cl\/wp-content\/uploads\/2023\/05\/IMG_7127-1-1.jpg","_links":{"self":[{"href":"https:\/\/radiorevelacionfm.cl\/index.php?rest_route=\/wp\/v2\/posts\/31022","targetHints":{"allow":["GET"]}}],"collection":[{"href":"https:\/\/radiorevelacionfm.cl\/index.php?rest_route=\/wp\/v2\/posts"}],"about":[{"href":"https:\/\/radiorevelacionfm.cl\/index.php?rest_route=\/wp\/v2\/types\/post"}],"author":[{"embeddable":true,"href":"https:\/\/radiorevelacionfm.cl\/index.php?rest_route=\/wp\/v2\/users\/1"}],"replies":[{"embeddable":true,"href":"https:\/\/radiorevelacionfm.cl\/index.php?rest_route=%2Fwp%2Fv2%2Fcomments&post=31022"}],"version-history":[{"count":2,"href":"https:\/\/radiorevelacionfm.cl\/index.php?rest_route=\/wp\/v2\/posts\/31022\/revisions"}],"predecessor-version":[{"id":31025,"href":"https:\/\/radiorevelacionfm.cl\/index.php?rest_route=\/wp\/v2\/posts\/31022\/revisions\/31025"}],"wp:featuredmedia":[{"embeddable":true,"href":"https:\/\/radiorevelacionfm.cl\/index.php?rest_route=\/wp\/v2\/media\/31024"}],"wp:attachment":[{"href":"https:\/\/radiorevelacionfm.cl\/index.php?rest_route=%2Fwp%2Fv2%2Fmedia&parent=31022"}],"wp:term":[{"taxonomy":"category","embeddable":true,"href":"https:\/\/radiorevelacionfm.cl\/index.php?rest_route=%2Fwp%2Fv2%2Fcategories&post=31022"},{"taxonomy":"post_tag","embeddable":true,"href":"https:\/\/radiorevelacionfm.cl\/index.php?rest_route=%2Fwp%2Fv2%2Ftags&post=31022"}],"curies":[{"name":"wp","href":"https:\/\/api.w.org\/{rel}","templated":true}]}}